{"id":1646,"date":"2011-07-08T16:01:50","date_gmt":"2011-07-08T16:01:50","guid":{"rendered":"http:\/\/pcb.org.br\/portal2\/?p=1646"},"modified":"2011-07-08T16:01:50","modified_gmt":"2011-07-08T16:01:50","slug":"a-luta-da-pame-bloqueou-o-plano-organizado-de-provocacao","status":"publish","type":"post","link":"https:\/\/pcb.org.br\/portal2\/1646","title":{"rendered":"A luta da PAME bloqueou o plano organizado de provoca\u00e7\u00e3o"},"content":{"rendered":"\n<p>O KKE denunciou, abertamente, \u00e0 popula\u00e7\u00e3o Grega o plano de provoca\u00e7\u00e3o que teve como objetivo intervir na luta do povo.<\/p>\n<p>Como foi escrito na primeira p\u00e1gina do \u201cRizospastis\u201d, o \u00f3rg\u00e3o do CC do KKE: \u201co governo utilizou o movimento dos \u2018cidad\u00e3os indignados\u2019, em Syntagma, no qual pessoas comuns participaram se opondo \u00e0s greves que vem sendo caracterizadas de violentas, enquanto eles rotulam os \u2018cidad\u00e3os indignados\u2019 de lutadores pac\u00edficos.<\/p>\n<p>O plano foi a cria\u00e7\u00e3o de um cen\u00e1rio (n\u00f3s recebemos essa informa\u00e7\u00e3o antes da greve de 48hs) onde indiv\u00edduos encapuzados, grupos de torcidas organizadas, matadores contratados de boates noturnas, dentre outros, entrariam em conflito com a PAME alegando quest\u00f5es ideol\u00f3gicas. Desta maneira, a pol\u00edcia teria a oportunidade de, devido ao conflito, promover a repress\u00e3o. Eles queriam relacionar a PAME a essa viol\u00eancia, mostrar que as pessoas comuns indignadas n\u00e3o querem o movimento de classe, os partidos e, especialmente, o KKE.<\/p>\n<p>No dia 08.09.2002 publicamos, na edi\u00e7\u00e3o dominical do \u201cRizospastis\u201d, um artigo intitulado \u2018Pr\u00e1ticas Europ\u00e9ias de manipula\u00e7\u00e3o de informantes\u2019, que exp\u00f4s os planos de cria\u00e7\u00e3o da Europol e infiltra\u00e7\u00e3o em manifesta\u00e7\u00f5es atrav\u00e9s do cumprimento de ordens. Isso \u00e9 fato, inclusive, para a pol\u00edtica Grega\u201d.<\/p>\n<p><strong>Reve<\/strong><strong>lando v\u00eddeo-documentos<\/strong><\/p>\n<p>Note que o grupo parlamentar do KKE apresentou a seguinte quest\u00e3o ao governo:<\/p>\n<p>\u201c<em>Um v\u00eddeo foi apresentado por grande parte dos meios de comunica\u00e7\u00e3o mostrando indiv\u00edduos armados com barras de ferro discutindo com o contingente policial e, mais tarde, ainda armados com barras de ferro, passaram pelo p\u00e1tio do parlamento acompanhado pelos policiais. Esse \u00e9 um indicativo das rela\u00e7\u00f5es entre os mecanismos que operam nos servi\u00e7os de seguran\u00e7a e os elementos que fazem parte desses conhecidos epis\u00f3dios\u201d.<\/em><\/p>\n<p>Baseado nisso, os parlamentares do KKE perguntaram ao ministro competente se o governo conhecia esse incidente e se poderia informar ao Parlamento e \u00e0 popula\u00e7\u00e3o sobre os fatos e quais medidas deveria tomar para acabar com as atividades dos mecanismos de repress\u00e3o contra o movimento popular organizado.<\/p>\n<p><strong>Confer\u00eancia de Imprensa da SG<sup>1<\/sup> do CC<sup>2<\/sup> do KKE<\/strong><\/p>\n<p>No dia 30 de junho, Aleka Papariga, SG do CC do KKE, participou de uma confer\u00eancia de imprensa onde ela destacou o seguinte, dentre outras coisas:<\/p>\n<p>\u201cN\u00f3s denunciamos o bem pensado, tanto pol\u00edtica quanto operacionalmente, plano organizado do governo para esses dois dias em particular.<\/p>\n<p>O ensaio geral aconteceu em manifesta\u00e7\u00f5es recentes, se preparando, especificamente, para os dois dias dessa greve geral de 48 horas.<\/p>\n<p>Qual foi o objetivo deste plano?<\/p>\n<p>O objetivo pol\u00edtico \u00e9, de um lado, aterrorizar as pessoas frente \u00e0 iminente, ou n\u00e3o iminente, quinta parcela do empr\u00e9stimo e, desta maneira, inculcar medo nas pessoas para que elas desistam de todas as reivindica\u00e7\u00f5es e n\u00e3o resistam; caso contr\u00e1rio, a Gr\u00e9cia estar\u00e1 perdida. Por outro lado, a parte operacional deste plano pol\u00edtico foi criar condi\u00e7\u00f5es para o movimento popular e de trabalhadores ser esmagado e, em particular, atacar a greve como forma de luta.<\/p>\n<p>Temos que dizer que existem evid\u00eancias e v\u00eddeo com os encapuzados e outros mecanismos, matadores, sindicalistas de direita, que parecem estar organizados pela, e dentro, da pol\u00edcia.<\/p>\n<p>Claro, o estado burgu\u00eas \u00e9 possuidor dessas coisas e sabe da exist\u00eancia de outros mecanismos e servi\u00e7os privados. N\u00e3o existem, somente, mecanismos estatais e para-estatais e ele n\u00e3o quer revelar esses outros mecanismos; se voc\u00ea gosta, esses mecanismos s\u00e3o convenientes para isso.<\/p>\n<p>O governo fez o seguinte: usou o polif\u00f4nico e, ao mesmo tempo, vago movimento dos indiv\u00edduos indignados na pra\u00e7a Syntagma \u2013 evidentemente, uma atividade que atraiu as pessoas comuns, pessoas que, realmente, est\u00e3o indignadas, que n\u00e3o podem suportar mais \u2013 e o utilizou como oposi\u00e7\u00e3o \u00e0s mobiliza\u00e7\u00f5es de greve.<\/p>\n<p>Ouvimos <em>ad nauseam <\/em>durante esse per\u00edodo que \u2018Syntagma\u2019 representa uma forma pac\u00edfica de luta, enquanto todas as outras formas de luta s\u00e3o consideradas violentas.<\/p>\n<p>Esse plano espec\u00edfico, do qual tivemos informa\u00e7\u00f5es antes dos dois dias de greve, tinha o desejo de criar um cen\u00e1rio onde os \u2018cidad\u00e3os indignados\u2019 \u2013 com locais marcados \u2013 entrariam em conflito com a PAME, sabendo que no dia da greve geral todas as marchas acabariam em Syntagma.<\/p>\n<p>Os encapuzados, torcidas de futebol, matadores contratados de boates noturnas e v\u00e1rios outros entrariam em conflito com a PAME alegando raz\u00f5es ideol\u00f3gicas e, desta forma, garantiriam a oportunidade da pol\u00edcia entrar na pra\u00e7a Syntagma com o intuito de violentar as pessoas que l\u00e1 estariam, em nome da preven\u00e7\u00e3o da luta entre as v\u00e1rias fac\u00e7\u00f5es rivais e para que a repress\u00e3o n\u00e3o fosse entendida como algo intencional da pol\u00edcia, mas uma escolha for\u00e7ada para eles.<\/p>\n<p>Eles queriam identificar a PAME com essa viol\u00eancia e mostrar, al\u00e9m disso, que os cidad\u00e3os comuns indignados n\u00e3o querem o movimento organizado da classe, os partidos e, especialmente, o KKE. Em outras palavras, apresentar um confronto entre os cidad\u00e3os comuns indignados e a PAME, ou, at\u00e9 mesmo dar a oportunidade para que certos intelectuais esquerdistas e \u2018fil\u00f3sofos de sal\u00e3o\u2019 escrevam que se a PAME evita o derramamento de sangue \u00e9 porque pertence ao sistema.<\/p>\n<p>N\u00f3s sab\u00edamos deste plano e informamos nossas for\u00e7as que est\u00e3o dentro da PAME. Tivemos que lidar com isso. Basicamente, tivemos que escolher entre exigir o direito de todos n\u00f3s estarmos na pra\u00e7a Syntagma ou escolher o plano do governo.<\/p>\n<p>O sucesso da greve n\u00e3o come\u00e7a assim que a manifesta\u00e7\u00e3o de greve come\u00e7a, mas come\u00e7a \u00e0 meia-noite, com os piquetes nos locais de trabalho e nos portos. A participa\u00e7\u00e3o em massa e o enorme n\u00famero de manifestantes da PAME \u00e9 o melhor caminho para a classe trabalhadora.<\/p>\n<p>Dissemos isto ontem, no Parlamento, e reiteramos hoje.<\/p>\n<p>Sabemos muito bem como confrontar os provocadores e os mecanismos da pol\u00edcia.<\/p>\n<p>N\u00e3o estamos mais com medo, mas o que nos interessa \u00e9 que n\u00e3o estamos alimentando esses planos e, naturalmente, continuaremos a lidar com esse problema. Acima de tudo, a provoca\u00e7\u00e3o deve ser exposta. De agora em diante as pessoas, por si s\u00f3, devem decidir com quem ir\u00e3o manifestar e como e, ent\u00e3o, n\u00e3o poder\u00e1 haver nenhum \u2018porteiro\u2019 desta gest\u00e3o.<\/p>\n<p>N\u00f3s oferecemos a voc\u00ea um documento escrito como prova da provoca\u00e7\u00e3o organizada, planejada e estudada.<\/p>\n<p>Gostar\u00edamos de responder, com esse documento, aos partidos que, no Parlamento, quando expusemos as provoca\u00e7\u00f5es, em 2008, disseram que est\u00e1vamos doentes e que v\u00edamos conspira\u00e7\u00f5es em qualquer lugar e que n\u00e3o reconhecemos a iniciativa popular, at\u00e9 mesmo o papel revolucion\u00e1rio dos encapuzados.<\/p>\n<p>No dia 08.09.2002, a edi\u00e7\u00e3o de domingo do Rizospastis revelou um documento classificado da Europol intitulado \u2018Pr\u00e1ticas Europ\u00e9ias de manipula\u00e7\u00e3o de informantes\u2019 que, como descrito no Rizospastis, \u00e9 um manual para o provocador.<\/p>\n<p>Nesse documento est\u00e1 aparente que a cria\u00e7\u00e3o de informantes e provocadores \u00e9 \u2018legitima\u2019.<\/p>\n<p>Na Gr\u00e9cia, informantes e provocadores s\u00e3o canais de comunica\u00e7\u00e3o at\u00e9 mesmo com o crime organizado. E, de fato, o documento afirma, caracteristicamente, que \u2018um informante \u00e9 um indiv\u00edduo que constitui um objeto a ser tratado confidencialmente e que providencia informa\u00e7\u00f5es e\/ ou assist\u00eancia para as autoridades relevantes\u2019.<\/p>\n<p>Eu suponho, se foi somente isso, que eles podem tentar se desculpar alegando que est\u00e3o interessados, somente, no crime organizado.<\/p>\n<p>De qualquer maneira, eles dizem que um informante est\u00e1 autorizado a participar de um crime que outros pretendem cometer. Participar! A informa\u00e7\u00e3o n\u00e3o \u00e9 usada para prevenir o crime porque, se voc\u00ea quiser, o informante pode ajudar a evitar o crime. E, de fato, ele deve ser tratado de acordo se for preso. Existem policiais com capuzes e ordens para infiltrar. Agora, qual rela\u00e7\u00e3o o crime organizado tem com os manifestantes? Parece que o governo n\u00e3o est\u00e1 preocupado.<\/p>\n<p>Ent\u00e3o, quando eles votaram tais leis e diretrizes, quando uma s\u00f3lida evid\u00eancia existe e quando temos experi\u00eancia, n\u00e3o temos o direito de denunciar o governo por ser respons\u00e1vel por esse plano organizado? Agora, se algum jovem inocente ou crian\u00e7as inexperientes se empolgam, \u00f3timo, esse \u00e9 o papel do provocador, enredar pessoas inocentes na provoca\u00e7\u00e3o, especialmente os jovens.<\/p>\n<p><strong>A popula\u00e7\u00e3o n\u00e3o deve se submeter a esse terrorismo<\/strong><\/p>\n<p>E a partir deste ponto de vista, chamamos os trabalhadores a continuarem com todas as formas de luta, como eles entendem, e, acima de tudo, n\u00e3o se submeterem ao terrorismo no que diz respeito \u00e0 fal\u00eancia que, em qualquer caso, j\u00e1 aconteceu. Eles n\u00e3o devem aceitar as cal\u00fanias contra o movimento da classe trabalhadora de luta.<\/p>\n<p>De qualquer maneira, vimos denunciando esses mecanismos desde 2008, e em Maio de 2010, quando tr\u00eas trabalhadores inocentes da MARFIN foram assassinados.<\/p>\n<p>N\u00f3s denunciamos o uso de torcidas de futebol, o uso de elementos de extrema-direita que tem como objetivo evitar o desenvolvimento do movimento.<\/p>\n<p>O KKE e as for\u00e7as sindicais e sindicatos expuseram, durante todos esses anos, de forma extremamente focada, o que a UE, o Maastricht, a crise, etc, significam.<\/p>\n<p>\u00c9 obvio que existir\u00e3o novas leis e novas medidas.<\/p>\n<p>A crise se aprofundar\u00e1 e o que chamamos de fal\u00eancia ser\u00e1 totalmente paga pela popula\u00e7\u00e3o que, com certeza, n\u00e3o \u00e9 respons\u00e1vel por isto.<\/p>\n<p>Consideramos que a popula\u00e7\u00e3o deve, o quanto antes, buscar uma mudan\u00e7a radical, a aboli\u00e7\u00e3o do poder dos monop\u00f3lios e ter isso como objetivo, n\u00e3o como um \u2018segundo plano\u2019.<\/p>\n<p>A proposta que o KKE invoca essa luta, que tem import\u00e2ncia geral e n\u00e3o diz respeito, somente, aos comunistas, porque a luta \u00e9 para a classe trabalhadora e o poder popular.<\/p>\n<p>Tudo isso \u00e9 importante, mas a luta di\u00e1ria, a tentativa de extrair um ganho e parar essa queda n\u00e3o ser\u00e1 alcan\u00e7ada pelo movimento sem uma estrat\u00e9gia. Sem estrat\u00e9gia ele sofrer\u00e1 uma grande derrota e entrar\u00e1 em uma s\u00e9ria retra\u00e7\u00e3o que poder\u00e1 durar longos anos.<\/p>\n<p>Ao denunciar o governo, tenho que dizer que n\u00e3o nutrimos esperan\u00e7as de que a verdade venha \u00e0 tona porque a \u00fanica coisa que o governo poder\u00e1 fazer \u00e9 renunciar, e isso ele n\u00e3o far\u00e1. Pelo contr\u00e1rio. Ao inv\u00e9s de ficar falando das sujeiras que existem no estado burgu\u00eas, ele est\u00e1 interessado em criar referendos absurdos para zombar da popula\u00e7\u00e3o no que diz respeito \u00e0 lei de responsabilidade dos ministros e sobre a redu\u00e7\u00e3o do parlamento. Tais coisas, mesmo se forem realizadas em suas totalidades, n\u00e3o ser\u00e3o nada mais que uma maneira de esconder o cheiro f\u00e9tido que aumentar\u00e1, ainda mais, nos anos que est\u00e3o por vir\u201d.<\/p>\n<p><em>Traduzido por Mari\u00e2ngela Marques<\/em><\/p>\n<p>Fonte: KKE<\/p>\n<hr \/>\n<p><em>1. Secretaria Geral;<\/em><\/p>\n<p><em>2. Comit\u00ea Central.<\/em><\/p>\n","protected":false},"excerpt":{"rendered":"\n\n\nCr\u00e9dito: KKE\n\n\n\n\n\n\n\n\nPartido Comunista Grego \u2013 KKE\n<a class=\"moretag\" href=\"https:\/\/pcb.org.br\/portal2\/1646\"> <\/a>","protected":false},"author":1,"featured_media":0,"comment_status":"open","ping_status":"open","sticky":false,"template":"","format":"standard","meta":{"jetpack_post_was_ever_published":false,"_jetpack_newsletter_access":"","_jetpack_dont_email_post_to_subs":false,"_jetpack_newsletter_tier_id":0,"_jetpack_memberships_contains_paywalled_content":false,"_jetpack_memberships_contains_paid_content":false,"footnotes":"","jetpack_publicize_message":"","jetpack_publicize_feature_enabled":true,"jetpack_social_post_already_shared":false,"jetpack_social_options":{"image_generator_settings":{"template":"highway","default_image_id":0,"font":"","enabled":false},"version":2}},"categories":[71],"tags":[],"class_list":["post-1646","post","type-post","status-publish","format-standard","hentry","category-c84-solidariedade"],"jetpack_publicize_connections":[],"jetpack_featured_media_url":"","jetpack_shortlink":"https:\/\/wp.me\/p659gw-qy","jetpack-related-posts":[],"jetpack_likes_enabled":true,"jetpack_sharing_enabled":true,"_links":{"self":[{"href":"https:\/\/pcb.org.br\/portal2\/wp-json\/wp\/v2\/posts\/1646","targetHints":{"allow":["GET"]}}],"collection":[{"href":"https:\/\/pcb.org.br\/portal2\/wp-json\/wp\/v2\/posts"}],"about":[{"href":"https:\/\/pcb.org.br\/portal2\/wp-json\/wp\/v2\/types\/post"}],"author":[{"embeddable":true,"href":"https:\/\/pcb.org.br\/portal2\/wp-json\/wp\/v2\/users\/1"}],"replies":[{"embeddable":true,"href":"https:\/\/pcb.org.br\/portal2\/wp-json\/wp\/v2\/comments?post=1646"}],"version-history":[{"count":0,"href":"https:\/\/pcb.org.br\/portal2\/wp-json\/wp\/v2\/posts\/1646\/revisions"}],"wp:attachment":[{"href":"https:\/\/pcb.org.br\/portal2\/wp-json\/wp\/v2\/media?parent=1646"}],"wp:term":[{"taxonomy":"category","embeddable":true,"href":"https:\/\/pcb.org.br\/portal2\/wp-json\/wp\/v2\/categories?post=1646"},{"taxonomy":"post_tag","embeddable":true,"href":"https:\/\/pcb.org.br\/portal2\/wp-json\/wp\/v2\/tags?post=1646"}],"curies":[{"name":"wp","href":"https:\/\/api.w.org\/{rel}","templated":true}]}}