{"id":1648,"date":"2011-07-09T17:05:20","date_gmt":"2011-07-09T17:05:20","guid":{"rendered":"http:\/\/pcb.org.br\/portal2\/?p=1648"},"modified":"2011-07-09T17:05:20","modified_gmt":"2011-07-09T17:05:20","slug":"em-greve-ha-50-dias-10-mil-professores-protestam-em-sc","status":"publish","type":"post","link":"https:\/\/pcb.org.br\/portal2\/1648","title":{"rendered":"Em greve h\u00e1 50 dias, 10 mil professores protestam em SC"},"content":{"rendered":"\n<p>Em assembleia, os professores decidiram manter a greve<\/p>\n<p>Cerca de dez mil professores da rede estadual de ensino de Santa Catarina, segundo os c\u00e1lculos da Pol\u00edcia Militar, realizaram uma manifesta\u00e7\u00e3o na tarde desta quarta-feira em Florian\u00f3polis. Em greve h\u00e1 50 dias, a classe rejeitou a proposta apresentada pelo governo estadual durante assembleia realizada na Passarela Nego Quirido, local utilizado para desfile das escolas de samba da capital.<\/p>\n<p>A decis\u00e3o de manuten\u00e7\u00e3o da greve chegou a ser comemorada com foguet\u00f3rio pelos professores que lotaram as arquibancadas. Durante a defini\u00e7\u00e3o pela continuidade da paralisa\u00e7\u00e3o houve v\u00e1rios momentos de tens\u00e3o. A maioria rejeitou a proposta apresentada pelo governador Raimundo Colombo e os grupos que se manifestaram pelo fim da greve foram vaiados pelos manifestantes. Alguns chegaram a ser ofendidos durante os pronunciamentos.<\/p>\n<p>A categoria exige o cumprimento do piso salarial nacional e a manuten\u00e7\u00e3o dos abonos e benef\u00edcios. O governo, por outro lado, admitiu cumprir o piso, mas apresentou uma proposta de redu\u00e7\u00e3o dos outros rendimentos da classe.<\/p>\n<p>Os professores querem que o piso nacional seja o sal\u00e1rio inicial, pago sem a retirada dos benef\u00edcios que est\u00e3o na folha de pagamento. O governo concorda com o pagamento do piso e chegou a apresentar uma proposta de sal\u00e1rio de R$ 1.483. O ponto que gera controv\u00e9rsia \u00e9 que a proposta n\u00e3o significaria um sal\u00e1rio &#8220;real&#8221;, pois o Estado somaria os adicionais e benef\u00edcios da classe para se obter o valor proposto.<\/p>\n<p>Ap\u00f3s a assembleia, os professores seguiram para o pr\u00e9dio da secretaria da Educa\u00e7\u00e3o, no centro de Florian\u00f3polis, onde pelo menos cem manifestantes est\u00e3o acampados desde a ter\u00e7a-feira da semana passada.<\/p>\n<p>A greve dos professores de Santa Catarina afeta cerca de 700 mil alunos h\u00e1 quase dois meses. A estimativa do pr\u00f3prio Sindicato dos Trabalhadores da Educa\u00e7\u00e3o (Sinte-SC) \u00e9 a de que o ano letivo esteja comprometido na rede estadual de ensino.<\/p>\n<p>Fonte: <a href=\"http:\/\/noticias.terra.com.br\/educacao\/noticias\/0,,OI5226431-EI8266,00-Em+greve+ha+dias+mil+professores+protestam+em+SC.html\" target=\"_blank\">http:\/\/noticias.terra.com.br\/educacao\/noticias\/0,,OI5226431-EI8266,00-Em+greve+ha+dias+mil+professores+protestam+em+SC.html<\/a><\/p>\n","protected":false},"excerpt":{"rendered":"\n\n\nCr\u00e9dito: Terra\n\n\n\n\n\n\n\n\nFabr\u00edcio Escandiuzzi\nDireto de Florian\u00f3polis\n<a class=\"moretag\" href=\"https:\/\/pcb.org.br\/portal2\/1648\"> <\/a>","protected":false},"author":1,"featured_media":0,"comment_status":"open","ping_status":"open","sticky":false,"template":"","format":"standard","meta":{"jetpack_post_was_ever_published":false,"_jetpack_newsletter_access":"","_jetpack_dont_email_post_to_subs":false,"_jetpack_newsletter_tier_id":0,"_jetpack_memberships_contains_paywalled_content":false,"_jetpack_memberships_contains_paid_content":false,"footnotes":"","jetpack_publicize_message":"","jetpack_publicize_feature_enabled":true,"jetpack_social_post_already_shared":false,"jetpack_social_options":{"image_generator_settings":{"template":"highway","default_image_id":0,"font":"","enabled":false},"version":2}},"categories":[56],"tags":[],"class_list":["post-1648","post","type-post","status-publish","format-standard","hentry","category-c67-greve"],"jetpack_publicize_connections":[],"jetpack_featured_media_url":"","jetpack_shortlink":"https:\/\/wp.me\/p659gw-qA","jetpack-related-posts":[],"jetpack_likes_enabled":true,"jetpack_sharing_enabled":true,"_links":{"self":[{"href":"https:\/\/pcb.org.br\/portal2\/wp-json\/wp\/v2\/posts\/1648","targetHints":{"allow":["GET"]}}],"collection":[{"href":"https:\/\/pcb.org.br\/portal2\/wp-json\/wp\/v2\/posts"}],"about":[{"href":"https:\/\/pcb.org.br\/portal2\/wp-json\/wp\/v2\/types\/post"}],"author":[{"embeddable":true,"href":"https:\/\/pcb.org.br\/portal2\/wp-json\/wp\/v2\/users\/1"}],"replies":[{"embeddable":true,"href":"https:\/\/pcb.org.br\/portal2\/wp-json\/wp\/v2\/comments?post=1648"}],"version-history":[{"count":0,"href":"https:\/\/pcb.org.br\/portal2\/wp-json\/wp\/v2\/posts\/1648\/revisions"}],"wp:attachment":[{"href":"https:\/\/pcb.org.br\/portal2\/wp-json\/wp\/v2\/media?parent=1648"}],"wp:term":[{"taxonomy":"category","embeddable":true,"href":"https:\/\/pcb.org.br\/portal2\/wp-json\/wp\/v2\/categories?post=1648"},{"taxonomy":"post_tag","embeddable":true,"href":"https:\/\/pcb.org.br\/portal2\/wp-json\/wp\/v2\/tags?post=1648"}],"curies":[{"name":"wp","href":"https:\/\/api.w.org\/{rel}","templated":true}]}}