{"id":1650,"date":"2011-07-09T17:12:46","date_gmt":"2011-07-09T17:12:46","guid":{"rendered":"http:\/\/pcb.org.br\/portal2\/?p=1650"},"modified":"2011-07-09T17:12:46","modified_gmt":"2011-07-09T17:12:46","slug":"ana-montenegro-e-pcb-homenageados-na-camara-municipal-de-salvador","status":"publish","type":"post","link":"https:\/\/pcb.org.br\/portal2\/1650","title":{"rendered":"Ana Montenegro e PCB homenageados na C\u00e2mara Municipal de Salvador"},"content":{"rendered":"\n<p>A Sess\u00e3o Especial, convocada e presidida pela vereadora Marta Rodrigues, do Partido dos Trabalhadores (PT), iniciou-se \u00e0s 19:30 com a execu\u00e7\u00e3o da Internacional. Faziam parte da mesa a cientista pol\u00edtica Ana Alice Alc\u00e2ntara Costa, pesquisadora do N\u00facleo de Estudos Interdisciplinares Sobre a Mulher (NEIM) da Universidade Federal da Bahia (UFBA), Dinarco Reis Filho, presidente da Funda\u00e7\u00e3o Dinarco Reis (FDR), Ivan Pinheiro, Secret\u00e1rio-Geral do PCB, Lena Souza, representando a Senadora L\u00eddice da Matta, do Partido Socialista Brasileiro (PSB), Muniz Ferreira, professor universit\u00e1rio e membro do PCB e V\u00e2nia Galv\u00e3o, vereadora petista, autora do projeto de lei que conferiu o nome da homenageada a uma rua da capital baiana. No plen\u00e1rio, encontravam-se familiares e amigos de Ana Montenegro, militantes e simpatizantes do Partido Comunista Brasileiro e da Uni\u00e3o da Juventude Comunista.<\/p>\n<p>Os pronunciamentos destacaram a import\u00e2ncia do PCB na hist\u00f3ria das reivindica\u00e7\u00f5es populares e na defesa dos interesses dos trabalhadores, ressaltando a contribui\u00e7\u00e3o de sua valiosa militante Ana Montenegro, advogada, escritora e jornalista, ao desenvolvimento das lutas democr\u00e1ticas e socialistas na Bahia e no Brasil. Algumas interven\u00e7\u00f5es foram marcadas por intensa emo\u00e7\u00e3o, como a de Jardelina \u2014 amiga pessoal, que a acompanhou em seus \u00faltimos dias de vida \u2014 e de Dinarco Reis Filho ao relembrar seu pai, camarada e amigo de Ana Montenegro.<\/p>\n<p>O secret\u00e1rio-geral do PCB expressou o reconhecimento do partido \u00e0 sua militante Ana Montenegro pelos anos de dedica\u00e7\u00e3o, mais de seis d\u00e9cadas, \u00e0s causas das mulheres, negros e trabalhadores, nas fileiras do PCB. Agradeceu tamb\u00e9m a importante demonstra\u00e7\u00e3o de solidariedade e apre\u00e7o da vereadora Marta Rodrigues, respons\u00e1vel pela realiza\u00e7\u00e3o dessa cerim\u00f4nia.<\/p>\n<p>O ponto alto da cerim\u00f4nia foi a entrega da medalha Dinarco Reis \u00e0 fam\u00edlia de Ana Montenegro, representada por sua filha S\u00f4nia.<\/p>\n","protected":false},"excerpt":{"rendered":"\n\n\nCr\u00e9dito: PCB\n\n\n\n\n\n\n\n\nO Partido Comunista Brasileiro (PCB) e sua militante Ana Montenegro (1915-2006) foram homenageados na noite desta quarta-feira (06\/07\/2011) na C\u00e2mara Municipal de Salvador.\n<a class=\"moretag\" href=\"https:\/\/pcb.org.br\/portal2\/1650\"> <\/a>","protected":false},"author":1,"featured_media":0,"comment_status":"open","ping_status":"open","sticky":false,"template":"","format":"standard","meta":{"jetpack_post_was_ever_published":false,"_jetpack_newsletter_access":"","_jetpack_dont_email_post_to_subs":false,"_jetpack_newsletter_tier_id":0,"_jetpack_memberships_contains_paywalled_content":false,"_jetpack_memberships_contains_paid_content":false,"footnotes":"","jetpack_publicize_message":"","jetpack_publicize_feature_enabled":true,"jetpack_social_post_already_shared":false,"jetpack_social_options":{"image_generator_settings":{"template":"highway","default_image_id":0,"font":"","enabled":false},"version":2}},"categories":[46],"tags":[],"class_list":["post-1650","post","type-post","status-publish","format-standard","hentry","category-c56-memoria"],"jetpack_publicize_connections":[],"jetpack_featured_media_url":"","jetpack_shortlink":"https:\/\/wp.me\/p659gw-qC","jetpack-related-posts":[],"jetpack_likes_enabled":true,"jetpack_sharing_enabled":true,"_links":{"self":[{"href":"https:\/\/pcb.org.br\/portal2\/wp-json\/wp\/v2\/posts\/1650","targetHints":{"allow":["GET"]}}],"collection":[{"href":"https:\/\/pcb.org.br\/portal2\/wp-json\/wp\/v2\/posts"}],"about":[{"href":"https:\/\/pcb.org.br\/portal2\/wp-json\/wp\/v2\/types\/post"}],"author":[{"embeddable":true,"href":"https:\/\/pcb.org.br\/portal2\/wp-json\/wp\/v2\/users\/1"}],"replies":[{"embeddable":true,"href":"https:\/\/pcb.org.br\/portal2\/wp-json\/wp\/v2\/comments?post=1650"}],"version-history":[{"count":0,"href":"https:\/\/pcb.org.br\/portal2\/wp-json\/wp\/v2\/posts\/1650\/revisions"}],"wp:attachment":[{"href":"https:\/\/pcb.org.br\/portal2\/wp-json\/wp\/v2\/media?parent=1650"}],"wp:term":[{"taxonomy":"category","embeddable":true,"href":"https:\/\/pcb.org.br\/portal2\/wp-json\/wp\/v2\/categories?post=1650"},{"taxonomy":"post_tag","embeddable":true,"href":"https:\/\/pcb.org.br\/portal2\/wp-json\/wp\/v2\/tags?post=1650"}],"curies":[{"name":"wp","href":"https:\/\/api.w.org\/{rel}","templated":true}]}}