{"id":16534,"date":"2017-10-10T16:02:42","date_gmt":"2017-10-10T19:02:42","guid":{"rendered":"https:\/\/pcb.org.br\/portal2\/?p=16534"},"modified":"2017-10-10T16:02:42","modified_gmt":"2017-10-10T19:02:42","slug":"trabalhadores-da-eletrobras-estao-mobilizados-contra-a-privatizacao-da-empresa","status":"publish","type":"post","link":"https:\/\/pcb.org.br\/portal2\/16534","title":{"rendered":"Trabalhadores da Eletrobras est\u00e3o mobilizados contra a privatiza\u00e7\u00e3o da empresa"},"content":{"rendered":"<p><img data-recalc-dims=\"1\" decoding=\"async\" class=\"imagem\" title=\"imagem\" src=\"https:\/\/i0.wp.com\/gz.diarioliberdade.org\/media\/k2\/items\/cache\/5a5a003f1b8151274cf72db4ff801ec8_L.jpg?w=747&#038;ssl=1\" alt=\"imagem\" \/><!--more-->Os empregados da Eletrobras est\u00e3o mobilizando-se para protestar e resistir contra a privatiza\u00e7\u00e3o da empresa. Por meio do seu informativo, a Associa\u00e7\u00e3o dos Empregados da Eletrobras (AEEL) afirma estar promovendo organiza\u00e7\u00e3o de um \u201cgrande ato em Defesa da Soberania Nacional\u201d, no dia 3 de outubro, \u00e0s 11 horas, no Centro do Rio de Janeiro.<\/p>\n<p>A Associa\u00e7\u00e3o destaca que \u201cos pa\u00edses ricos\u201d t\u00eam em vista \u201csolapar as nossas riquezas, perspectivas de desenvolvimento e futuro das nossas crian\u00e7as\u201d e que tamb\u00e9m guardam o \u201cinteresse na venda do Sistema Eletrobras\u201d. Ademais, considera que \u201co acesso \u00e0 luz, energia e \u00e1gua dos nossos reservat\u00f3rios \u00e9 um direito p\u00fablico\u201d e n\u00e3o uma \u201cmercadoria\u201d.<\/p>\n<p>Entende ainda a AEEL que a Eletrobras consiste em um \u201c\u00fanico fornecedor\u201d, detentor de \u201cconsumidor cativo\u201d de energia el\u00e9trica e que o governo de Michel Temer (PMDB) pretende \u201cd\u00e1-la de brinde para comercializadoras sedentas pela \u2018intermedia\u00e7\u00e3o f\u00e1cil\u2019 no atendimento aos conglomerados industriais\u201d.<\/p>\n<p>Acerca dos potenciais e diferentes riscos para o Pa\u00eds, envolvidos no projeto de ampla privatiza\u00e7\u00e3o, segundo a AEEL, encontra-se a convers\u00e3o da energia el\u00e9trica de um \u201cinsumo de produ\u00e7\u00e3o\u201d para um \u201cproduto final\u201d. Fen\u00f4meno que implicaria em grave \u201cdistor\u00e7\u00e3o da l\u00f3gica econ\u00f4mica, o que n\u00e3o ocorre em nenhum pa\u00eds s\u00e9rio\u201d.<\/p>\n<p>Roberto Bitencourt da Silva<\/p>\n<p>A nota completa da AEEL est\u00e1 disponibilizada abaixo.<\/p>\n<hr \/>\n<p><strong>Informe 138\/17 da AEEL: A democratiza\u00e7\u00e3o do capital da Eletrobras como \u201cProsopopeia Fl\u00e1cida para Acalentar Bovinos\u201d<\/strong><\/p>\n<p>Democratiza\u00e7\u00e3o do capital \u00e9 uma forma de suavizar a palavra PRIVATIZA\u00c7\u00c3O, da mesma forma que \u201cProsopopeia Fl\u00e1cida para Acalentar Bovinos\u201d suaviza o ditado popular \u201cConversa Mole para Boi Dormir\u201d. Simples assim.<\/p>\n<p>No fim da d\u00e9cada de 90 o governo FHC tentou privatizar a Eletrobras. Conseguiu dividir gera\u00e7\u00e3o e transmiss\u00e3o da Eletrosul e vendeu a pre\u00e7o de banana a Gerasul, geradora resultante dessa cis\u00e3o. Privilegiou a iniciativa privada em um setor estrat\u00e9gico para o bem-estar dos brasileiros. E qual foi o resultado? Um dos mais vergonhosos epis\u00f3dios da Rep\u00fablica brasileira: o racionamento de energia ocorrido em 2001\/02 e que ficou conhecido como apag\u00e3o do FHC.<\/p>\n<p>O tempo passou e as mesmas pessoas que causaram o apag\u00e3o voltaram ao poder. Esquecidos que s\u00e3o, querem de novo apagar o Brasil, mas, como pega mal usar a palavra privatiza\u00e7\u00e3o, recorrem a sin\u00f4nimos para tentar enganar as pessoas.<\/p>\n<p>Uma delas, que n\u00e3o engana ningu\u00e9m, \u00e9 desestatizar. Ora desestatizar significa \u201cexcluir a gest\u00e3o do Estado ou reduzir sua participa\u00e7\u00e3o\u201d em determinado setor. Isso significa entregar \u00e0 iniciativa privada a gest\u00e3o. \u00c9 PRIVATIZAR !<\/p>\n<p>Outra express\u00e3o mais sofisticada para enganar a sociedade foi inventada pelo presidente Pinto Junior, o colecionador de carros e estatais privatizadas, a alta c\u00fapula do Minist\u00e9rio de Minas e Energia e da Fazenda: trata-se do termo \u201cDemocratiza\u00e7\u00e3o do Capital da Eletrobras em Bolsa\u201d.<\/p>\n<p>S\u00e3o bonitas palavras, admitimos. Mas o que elas realmente querem dizer? Vamos ao dicion\u00e1rio: Democratiza\u00e7\u00e3o \u00e9 substantivo feminino que significa a\u00e7\u00e3o ou efeito de democratizar.<\/p>\n<p>Segundo o dicion\u00e1rio Michaelis, democratizar \u00e9 tornar adepto da democracia ou tornar popular ou acess\u00edvel.<\/p>\n<p>Considerando que a Eletrobras n\u00e3o \u00e9 uma ditadura que precise aderir \u00e0 democracia (apesar do pa\u00eds viver a pior crise moral e econ\u00f4mica da sua hist\u00f3ria), vamos escolher o segundo significado, o de tornar popular ou acess\u00edvel.<\/p>\n<p>Ora, segundo reportagem do site InfoMoney, de novembro de 2013 (acesse aqui), enquanto 0,3% da popula\u00e7\u00e3o brasileira estava na cadeia, apenas 0,29% participava da Bolsa de Valores. At\u00e9 a cadeia \u00e9 mais democr\u00e1tica que a bolsa no Brasil. Logo, ao se falar em democratizar as a\u00e7\u00f5es da Eletrobras na Bolsa, a pergunta \u00e9 democratizar para quem?<\/p>\n<p>N\u00e3o \u00e9 para o povo, o que justificaria o conceito de tornar popular, ao contr\u00e1rio, os interesses da popula\u00e7\u00e3o n\u00e3o ser\u00e3o levados em conta nas futuras decis\u00f5es da empresa.<\/p>\n<p>Este \u00e9 um setor que afeta diretamente nossas vidas e n\u00e3o pode ser totalmente privado. O acesso \u00e0 luz, energia e \u00e1gua dos nossos reservat\u00f3rios \u00e9 um direito p\u00fablico.<\/p>\n<p>Temos um palpite sobre para quem eles querem \u201cdemocratizar nossas a\u00e7\u00f5es\u201d. Trata-se dos tradicionais rentistas que tornam este pa\u00eds cada dia mais desigual: fundos de investimento da burguesia brasileira, fundos internacionais, bancos nacionais, bancos estrangeiros, fundos soberanos, especuladores, conglomerados industriais, fundos de previd\u00eancia nacionais e estrangeiros, empresas tradicionalmente financiadoras de campanha eleitoral.<\/p>\n<p>Os pa\u00edses ricos que querem solapar as nossas riquezas, perspectivas de desenvolvimento e futuro das nossas crian\u00e7as tamb\u00e9m t\u00eam interesse na venda do Sistema Eletrobras.<\/p>\n<p>\u00c9 triste ler em uma mat\u00e9ria que SEIS BILION\u00c1RIOS t\u00eam a mesma riqueza que 100 MILH\u00d5ES DE BRASILEIROS (veja aqui). Not\u00edcias como esta ajudam a entender a voracidade carn\u00edvora das elites de arrancar \u201cnacos\u201d do patrim\u00f4nio controlado pela Uni\u00e3o a pre\u00e7o de banana. Foi assim nas vergonhosas privatiza\u00e7\u00f5es dos anos 90 e tentam fazer novamente.<\/p>\n<p>Indigna\u00e7\u00e3o aos trabalhadores da Eletrobras tamb\u00e9m ficou n\u00edtida quando o Deputado Federal Leonardo Quint\u00e3o, na sua excelente exposi\u00e7\u00e3o do papel estrat\u00e9gico de Furnas e Eletrobras feita na Casa Legislativa, em audi\u00eancia p\u00fablica realizada dia 26\/09, diz na cara do Ministro Fernando Filho que o material que o MME recentemente enviou para os deputados s\u00f3 tinha a rela\u00e7\u00e3o d\u00edvida l\u00edquida\/ebitda de 9, sendo que estamos com a rela\u00e7\u00e3o atual pr\u00f3xima de 4.<\/p>\n<p>A pergunta que fica: foi esquecimento, m\u00e1 f\u00e9 (para n\u00e3o mostrar aos deputados e senadores a viabilidade da companhia) ou simplesmente para omitir o trabalho \u00e1rduo dos empregados nos \u00faltimos anos para recuperar a empresa (afinal, para o presidente Pinto Junior, somos todos vagabundos)? Este n\u00e3o \u00e9 papel condizente de um l\u00edder respeitado por todos e que almeja promover engajamento.<\/p>\n<p>Mas n\u00f3s temos uma proposta alternativa. Vamos democratizar de verdade o capital da Eletrobras? Vamos devolver \u00e0 sociedade brasileira, que com seu sacrif\u00edcio e suas economias, construiu o setor el\u00e9trico mais robusto do que diversos pa\u00edses da Europa? Vamos gerenciar a empresa em benef\u00edcio da sociedade que a construiu e a quem ela deveria servir? Vamos valorizar investidores de longo prazo ao inv\u00e9s de especuladores?<\/p>\n<p>\u00c1GUA E ENERGIA N\u00c3O S\u00c3O MERCADORIAS. Os empregados da Eletrobras servem ao pa\u00eds e ao povo e queremos servi-los sempre, preocupados n\u00e3o s\u00f3 com lucro, mas com a efici\u00eancia que garante a luz barata e cont\u00ednua na casa das pessoas.<\/p>\n<p>Numa crise h\u00eddrica da magnitude que enfrentamos pega mal tirar a energia dos consumidores brasileiros que possuem um \u00fanico fornecedor (consumidor cativo) e d\u00e1-la de brinde para comercializadoras sedentas pela \u201cintermedia\u00e7\u00e3o f\u00e1cil\u201d no atendimento aos conglomerados industriais.<\/p>\n<p>Lembre-se que na \u00faltima crise h\u00eddrica, consumidores pararam o parque fabril, deram f\u00e9rias coletivas com o intuito de vender a energia e auferir lucros extraordin\u00e1rios. O que era insumo de produ\u00e7\u00e3o virou produto final!!! Uma distor\u00e7\u00e3o da l\u00f3gica econ\u00f4mica que n\u00e3o ocorreria em nenhum pa\u00eds s\u00e9rio.<\/p>\n<p>N\u00e3o adianta contratar assessoria de imprensa para a guerra de m\u00eddia em favor da privatiza\u00e7\u00e3o. Uniremos diversas vozes em defesa da Eletrobras. Para cada material que ela produzir, produziremos 10. Para cada real que ela receber, daremos mais do nosso suor para vencer esta batalha, incans\u00e1veis, Guerreiros e Guerreiras!<\/p>\n<p>Estaremos em todos os cantos do pa\u00eds, com movimentos sociais, igrejas, popula\u00e7\u00f5es ribeirinhas, m\u00eddia alternativa, frentes nacionalistas, militares, juristas, intelectuais, professores, pol\u00edticos, governadores, prefeitos, amigos da CEDAE, Casa da Moeda, Petrobras, BR Distribuidora, Movimento dos Atingidos de Barragens \u2013 MAB, movimentos dos estudantes (UNE e Levante), sindicatos, juventude e muito mais&#8230;<\/p>\n<p>Estamos na luta, vigilantes e unidos!!!<\/p>\n<p>Dia 03\/10: Grande ato em Defesa da Soberania Nacional, 11 horas no Herm Stoltz!<\/p>\n<p>Juntos somos sempre mais fortes!<\/p>\n<p>A Diretoria, em 29 de setembro de 2017.<\/p>\n<p>Associa\u00e7\u00e3o dos Empregados da Eletrobras \u2013 AEEL<\/p>\n<p>https:\/\/gz.diarioliberdade.org\/artigos-em-destaque\/item\/<wbr \/>192152-trabalhadores-da-eletrobras-estao-mobilizados-contra-a-privatizacao-da-empresa.html<\/p>\n","protected":false},"excerpt":{"rendered":"<a class=\"moretag\" href=\"https:\/\/pcb.org.br\/portal2\/16534\"> <\/a>","protected":false},"author":1,"featured_media":0,"comment_status":"closed","ping_status":"closed","sticky":false,"template":"","format":"standard","meta":{"jetpack_post_was_ever_published":false,"_jetpack_newsletter_access":"","_jetpack_dont_email_post_to_subs":false,"_jetpack_newsletter_tier_id":0,"_jetpack_memberships_contains_paywalled_content":false,"_jetpack_memberships_contains_paid_content":false,"footnotes":"","jetpack_publicize_message":"","jetpack_publicize_feature_enabled":true,"jetpack_social_post_already_shared":true,"jetpack_social_options":{"image_generator_settings":{"template":"highway","default_image_id":0,"font":"","enabled":false},"version":2}},"categories":[190,105],"tags":[222],"class_list":["post-16534","post","type-post","status-publish","format-standard","hentry","category-fora-temer","category-c118-privatizacao","tag-2b"],"jetpack_publicize_connections":[],"jetpack_featured_media_url":"","jetpack_shortlink":"https:\/\/wp.me\/p659gw-4iG","jetpack-related-posts":[],"jetpack_likes_enabled":true,"jetpack_sharing_enabled":true,"_links":{"self":[{"href":"https:\/\/pcb.org.br\/portal2\/wp-json\/wp\/v2\/posts\/16534","targetHints":{"allow":["GET"]}}],"collection":[{"href":"https:\/\/pcb.org.br\/portal2\/wp-json\/wp\/v2\/posts"}],"about":[{"href":"https:\/\/pcb.org.br\/portal2\/wp-json\/wp\/v2\/types\/post"}],"author":[{"embeddable":true,"href":"https:\/\/pcb.org.br\/portal2\/wp-json\/wp\/v2\/users\/1"}],"replies":[{"embeddable":true,"href":"https:\/\/pcb.org.br\/portal2\/wp-json\/wp\/v2\/comments?post=16534"}],"version-history":[{"count":0,"href":"https:\/\/pcb.org.br\/portal2\/wp-json\/wp\/v2\/posts\/16534\/revisions"}],"wp:attachment":[{"href":"https:\/\/pcb.org.br\/portal2\/wp-json\/wp\/v2\/media?parent=16534"}],"wp:term":[{"taxonomy":"category","embeddable":true,"href":"https:\/\/pcb.org.br\/portal2\/wp-json\/wp\/v2\/categories?post=16534"},{"taxonomy":"post_tag","embeddable":true,"href":"https:\/\/pcb.org.br\/portal2\/wp-json\/wp\/v2\/tags?post=16534"}],"curies":[{"name":"wp","href":"https:\/\/api.w.org\/{rel}","templated":true}]}}