{"id":16538,"date":"2017-10-10T20:53:27","date_gmt":"2017-10-10T23:53:27","guid":{"rendered":"https:\/\/pcb.org.br\/portal2\/?p=16538"},"modified":"2017-10-30T13:28:39","modified_gmt":"2017-10-30T16:28:39","slug":"toda-solidariedade-de-luta-aos-trabalhadores-da-csn","status":"publish","type":"post","link":"https:\/\/pcb.org.br\/portal2\/16538","title":{"rendered":"Toda solidariedade de luta aos trabalhadores da CSN!"},"content":{"rendered":"<p><img decoding=\"async\" class=\"imagem\" title=\"imagem\" src=\"https:\/\/i0.wp.com\/unidadeclassista.org.br\/uc1\/wp-content\/uploads\/2017\/10\/WhatsApp-Image-2017-10-06-at-08.00.42-768x734.jpeg\" alt=\"imagem\" \/><!--more--><strong>Coordena\u00e7\u00e3o Estadual da Unidade Classista \u2013 RJ<\/strong><\/p>\n<p>No dia 26 de setembro de 2017, 2045 oper\u00e1rios da Companhia Sider\u00fargica Nacional (CSN), localizada em Volta Redonda, Estado do Rio de Janeiro, votaram pela manuten\u00e7\u00e3o do turno de 6 horas di\u00e1rias, apesar de toda a press\u00e3o exercida pela empresa. No entanto, os ataques do patronato na busca pela amplia\u00e7\u00e3o de suas taxas de mais-valia e, portanto, de lucro, tendo por base a superexplora\u00e7\u00e3o do trabalho, seguem fortes. A empresa j\u00e1 anunciou que impor\u00e1 a amplia\u00e7\u00e3o da jornada para 8 horas a partir do dia 16 de outubro. Por outro lado, e com a mesma intensidade, os trabalhadores da CSN se mant\u00e9m resistindo.<\/p>\n<p>A redu\u00e7\u00e3o da jornada \u2013 conquista hist\u00f3rica dos trabalhadores de Volta Redonda, arrancada no final da d\u00e9cada de 1980 por meio de suor e sangue \u2013 \u00e9 um direito que visa garantir a integridade f\u00edsica e mental dos oper\u00e1rios, ainda assim brutalmente massacrados diariamente por seu penoso processo de trabalho. Prova disso \u00e9 que somente no ano de 2016 registraram-se 178 acidentes de trabalho, dentre os quais 4 resultaram em mortes. Al\u00e9m disso, o plano de aumento da jornada proposto pela empresa prev\u00ea a demiss\u00e3o de mais de 1000 trabalhadores, o que traria um impacto social gigantesco da regi\u00e3o, representando, ainda, uma verdadeira trag\u00e9dia para essas fam\u00edlias.<\/p>\n<p>No dia 16 de outubro os trabalhadores e trabalhadoras da CSN mostrar\u00e3o novamente a sua for\u00e7a, em grande ato em defesa do turno de 6 horas, com concentra\u00e7\u00e3o 14h na Igreja Santa Cec\u00edlia. A Corrente Sindical Unidade Classista se solidariza com o operariado da CSN atrav\u00e9s de sua inser\u00e7\u00e3o concreta nos processos de resist\u00eancia na f\u00e1brica e na cidade de Volta Redonda. Precisamos barrar mais esse retrocesso, que se situa no contexto de profundos ataques aos direitos dos trabalhadores em n\u00edvel nacional, expressos atrav\u00e9s da j\u00e1 aprovada contrarreforma trabalhista e da lei da terceiriza\u00e7\u00e3o, al\u00e9m da anunciada contrarreforma da Previd\u00eancia. Num cen\u00e1rio de ofensiva do capital, barrar o retrocesso na CSN significa um verdadeiro exemplo de resist\u00eancia para as lutas dos trabalhadores de todo o pa\u00eds e um alerta para o empresariado: n\u00f3s, trabalhadores, n\u00e3o aceitaremos seus ataques \u00e0s nossas condi\u00e7\u00f5es de trabalho e de exist\u00eancia!<\/p>\n<p>Nenhum direito a menos!<\/p>\n<p><strong>Ajude a divulgar o panfleto do Comit\u00ea em Defesa do Turno de 6 horas:<\/strong><\/p>\n<p><img decoding=\"async\" class=\"imagem100a\" title=\"imagem\" src=\"https:\/\/i0.wp.com\/unidadeclassista.org.br\/uc1\/wp-content\/uploads\/2017\/10\/WhatsApp-Image-2017-10-06-at-08.01.08-566x800.jpeg\" alt=\"imagem\" \/><\/p>\n<blockquote class=\"wp-embedded-content\" data-secret=\"QAE43A9RuZ\"><p><a href=\"http:\/\/unidadeclassista.org.br\/uc1\/3094\">Toda a solidariedade de luta aos trabalhadores da Companhia Sider\u00fargica Nacional!<\/a><\/p><\/blockquote>\n<p><iframe loading=\"lazy\" class=\"wp-embedded-content\" sandbox=\"allow-scripts\" security=\"restricted\" style=\"position: absolute; clip: rect(1px, 1px, 1px, 1px);\" src=\"http:\/\/unidadeclassista.org.br\/uc1\/3094\/embed#?secret=QAE43A9RuZ\" data-secret=\"QAE43A9RuZ\" width=\"600\" height=\"338\" title=\"&#8220;Toda a solidariedade de luta aos trabalhadores da Companhia Sider\u00fargica Nacional!&#8221; &#8212; Unidade Classista\" frameborder=\"0\" marginwidth=\"0\" marginheight=\"0\" scrolling=\"no\"><\/iframe><\/p>\n","protected":false},"excerpt":{"rendered":"<a class=\"moretag\" href=\"https:\/\/pcb.org.br\/portal2\/16538\"> <\/a>","protected":false},"author":1,"featured_media":0,"comment_status":"closed","ping_status":"closed","sticky":false,"template":"","format":"standard","meta":{"jetpack_post_was_ever_published":false,"_jetpack_newsletter_access":"","_jetpack_dont_email_post_to_subs":false,"_jetpack_newsletter_tier_id":0,"_jetpack_memberships_contains_paywalled_content":false,"_jetpack_memberships_contains_paid_content":false,"footnotes":"","jetpack_publicize_message":"","jetpack_publicize_feature_enabled":true,"jetpack_social_post_already_shared":true,"jetpack_social_options":{"image_generator_settings":{"template":"highway","default_image_id":0,"font":"","enabled":false},"version":2}},"categories":[31],"tags":[219],"class_list":["post-16538","post","type-post","status-publish","format-standard","hentry","category-c31-unidade-classista","tag-manchete"],"jetpack_publicize_connections":[],"jetpack_featured_media_url":"","jetpack_shortlink":"https:\/\/wp.me\/p659gw-4iK","jetpack-related-posts":[],"jetpack_likes_enabled":true,"jetpack_sharing_enabled":true,"_links":{"self":[{"href":"https:\/\/pcb.org.br\/portal2\/wp-json\/wp\/v2\/posts\/16538","targetHints":{"allow":["GET"]}}],"collection":[{"href":"https:\/\/pcb.org.br\/portal2\/wp-json\/wp\/v2\/posts"}],"about":[{"href":"https:\/\/pcb.org.br\/portal2\/wp-json\/wp\/v2\/types\/post"}],"author":[{"embeddable":true,"href":"https:\/\/pcb.org.br\/portal2\/wp-json\/wp\/v2\/users\/1"}],"replies":[{"embeddable":true,"href":"https:\/\/pcb.org.br\/portal2\/wp-json\/wp\/v2\/comments?post=16538"}],"version-history":[{"count":0,"href":"https:\/\/pcb.org.br\/portal2\/wp-json\/wp\/v2\/posts\/16538\/revisions"}],"wp:attachment":[{"href":"https:\/\/pcb.org.br\/portal2\/wp-json\/wp\/v2\/media?parent=16538"}],"wp:term":[{"taxonomy":"category","embeddable":true,"href":"https:\/\/pcb.org.br\/portal2\/wp-json\/wp\/v2\/categories?post=16538"},{"taxonomy":"post_tag","embeddable":true,"href":"https:\/\/pcb.org.br\/portal2\/wp-json\/wp\/v2\/tags?post=16538"}],"curies":[{"name":"wp","href":"https:\/\/api.w.org\/{rel}","templated":true}]}}