{"id":16542,"date":"2017-10-11T18:05:14","date_gmt":"2017-10-11T21:05:14","guid":{"rendered":"https:\/\/pcb.org.br\/portal2\/?p=16542"},"modified":"2017-10-11T18:05:14","modified_gmt":"2017-10-11T21:05:14","slug":"comunicado-da-federacao-mundial-das-juventudes-democraticas","status":"publish","type":"post","link":"https:\/\/pcb.org.br\/portal2\/16542","title":{"rendered":"Comunicado da Federa\u00e7\u00e3o Mundial das Juventudes Democr\u00e1ticas"},"content":{"rendered":"<p><img decoding=\"async\" class=\"imagem\" title=\"imagem\" src=\"https:\/\/i0.wp.com\/ujc.org.br\/wp-content\/uploads\/2017\/04\/Logo-fmjd.jpg\" alt=\"imagem\" \/><!--more--><strong>Vida longa ao Comandante Che Guevara!<\/strong><\/p>\n<p>Cinquenta anos atr\u00e1s, o rebelde que personificava os sonhos de liberdade dos povos latino-americanos e de todo o mundo foi assassinado em La Higuera, Bol\u00edvia.<\/p>\n<p>O Guerrilheiro Her\u00f3ico, Ernesto Che Guevara, partiu para a eternidade, deixando um legado de integridade, determina\u00e7\u00e3o e confian\u00e7a de que a luta anti-imperialista \u00e9 o \u00fanico caminho para a salva\u00e7\u00e3o da humanidade.<\/p>\n<p>Pela sua confian\u00e7a na juventude e na habilidade de uma nova gera\u00e7\u00e3o em formar uma sociedade igualit\u00e1ria baseada em pessoas livres, o Comandante Ernesto Che Guevara \u00e9 e ser\u00e1 sempre o legado que ilumina nosso caminho e permanecer\u00e1 s\u00edmbolo da luta, que cresce a cada dia. Suas ideias inspiraram milh\u00f5es de pessoas livres e a juventude do s\u00e9culo XXI a continuar a luta por seus direitos e por um mundo melhor.<\/p>\n<p>Estamos a uma semana do XIX Festival Mundial da Juventude e Estudantes que ir\u00e1 ocorrer em Sochi, R\u00fassia, dedicando o maior evento internacional de juventude para a personalidade do Comandante Che Guevara sob os princ\u00edpios da paz, da solidariedade, da justi\u00e7a social e do anti-imperialismo, e com a sabedoria da hist\u00f3ria para alcan\u00e7ar um futuro melhor, que descreve o legado que ele deixou para as novas gera\u00e7\u00f5es.<\/p>\n<p>A XIX Edi\u00e7\u00e3o do Festival ser\u00e1 um tributo dos anti-imperialistas do mundo, da juventude progressista e da esquerda internacional ao guerrilheiro eterno, o internacionalista, o intelectual, o m\u00e9dico e o primeiro comandante da guerrilha de Fidel.<\/p>\n<p>A Federa\u00e7\u00e3o Mundial das Juventudes Democr\u00e1ticas pede \u00e0 juventude internacional que n\u00e3o desista da luta, para sempre lembrar e lutar por nossos princ\u00edpios e valores, para promover a solidariedade e o internacionalismo. Unidos gritamos a frase de despedida hist\u00f3rica: \u201cHasta la victoria Siempre!\u201d.<\/p>\n<p>Vida Longa ao Comandante Che Guevara!<\/p>\n<p>FMJD<\/p>\n<p>Moscou, 8 de outubro de 2017<\/p>\n<p>Tradu\u00e7\u00e3o: UJC Brasil<\/p>\n<blockquote class=\"wp-embedded-content\" data-secret=\"1YUqDFcyPr\"><p><a href=\"http:\/\/ujc.org.br\/comunicado-da-federacao-mundial-das-juventudes-democraticas-em-ocasiao-do-50o-aniversario-do-assassinato-de-che-guevara\/\">Comunicado da Federa\u00e7\u00e3o Mundial das Juventudes Democr\u00e1ticas em ocasi\u00e3o do 50\u00ba Anivers\u00e1rio do assassinato de Che Guevara<\/a><\/p><\/blockquote>\n<p><iframe loading=\"lazy\" class=\"wp-embedded-content\" sandbox=\"allow-scripts\" security=\"restricted\" style=\"position: absolute; clip: rect(1px, 1px, 1px, 1px);\" src=\"http:\/\/ujc.org.br\/comunicado-da-federacao-mundial-das-juventudes-democraticas-em-ocasiao-do-50o-aniversario-do-assassinato-de-che-guevara\/embed\/#?secret=1YUqDFcyPr\" data-secret=\"1YUqDFcyPr\" width=\"600\" height=\"338\" title=\"&#8220;Comunicado da Federa\u00e7\u00e3o Mundial das Juventudes Democr\u00e1ticas em ocasi\u00e3o do 50\u00ba Anivers\u00e1rio do assassinato de Che Guevara&#8221; &#8212; UJC\" frameborder=\"0\" marginwidth=\"0\" marginheight=\"0\" scrolling=\"no\"><\/iframe><\/p>\n","protected":false},"excerpt":{"rendered":"<a class=\"moretag\" href=\"https:\/\/pcb.org.br\/portal2\/16542\"> <\/a>","protected":false},"author":1,"featured_media":0,"comment_status":"closed","ping_status":"closed","sticky":false,"template":"","format":"standard","meta":{"jetpack_post_was_ever_published":false,"_jetpack_newsletter_access":"","_jetpack_dont_email_post_to_subs":false,"_jetpack_newsletter_tier_id":0,"_jetpack_memberships_contains_paywalled_content":false,"_jetpack_memberships_contains_paid_content":false,"footnotes":"","jetpack_publicize_message":"","jetpack_publicize_feature_enabled":true,"jetpack_social_post_already_shared":true,"jetpack_social_options":{"image_generator_settings":{"template":"highway","default_image_id":0,"font":"","enabled":false},"version":2}},"categories":[27],"tags":[233],"class_list":["post-16542","post","type-post","status-publish","format-standard","hentry","category-c27-ujc","tag-6a"],"jetpack_publicize_connections":[],"jetpack_featured_media_url":"","jetpack_shortlink":"https:\/\/wp.me\/p659gw-4iO","jetpack-related-posts":[],"jetpack_likes_enabled":true,"jetpack_sharing_enabled":true,"_links":{"self":[{"href":"https:\/\/pcb.org.br\/portal2\/wp-json\/wp\/v2\/posts\/16542","targetHints":{"allow":["GET"]}}],"collection":[{"href":"https:\/\/pcb.org.br\/portal2\/wp-json\/wp\/v2\/posts"}],"about":[{"href":"https:\/\/pcb.org.br\/portal2\/wp-json\/wp\/v2\/types\/post"}],"author":[{"embeddable":true,"href":"https:\/\/pcb.org.br\/portal2\/wp-json\/wp\/v2\/users\/1"}],"replies":[{"embeddable":true,"href":"https:\/\/pcb.org.br\/portal2\/wp-json\/wp\/v2\/comments?post=16542"}],"version-history":[{"count":0,"href":"https:\/\/pcb.org.br\/portal2\/wp-json\/wp\/v2\/posts\/16542\/revisions"}],"wp:attachment":[{"href":"https:\/\/pcb.org.br\/portal2\/wp-json\/wp\/v2\/media?parent=16542"}],"wp:term":[{"taxonomy":"category","embeddable":true,"href":"https:\/\/pcb.org.br\/portal2\/wp-json\/wp\/v2\/categories?post=16542"},{"taxonomy":"post_tag","embeddable":true,"href":"https:\/\/pcb.org.br\/portal2\/wp-json\/wp\/v2\/tags?post=16542"}],"curies":[{"name":"wp","href":"https:\/\/api.w.org\/{rel}","templated":true}]}}