{"id":1658,"date":"2011-07-11T23:57:50","date_gmt":"2011-07-11T23:57:50","guid":{"rendered":"http:\/\/pcb.org.br\/portal2\/?p=1658"},"modified":"2011-07-11T23:57:50","modified_gmt":"2011-07-11T23:57:50","slug":"manifesto-de-solidariedade-ao-pcb","status":"publish","type":"post","link":"https:\/\/pcb.org.br\/portal2\/1658","title":{"rendered":"Manifesto de Solidariedade ao PCB"},"content":{"rendered":"\n<p>At\u00e9 agora, mais de duzentos intelectuais, militantes e organiza\u00e7\u00f5es progressistas, de v\u00e1rios Estados do Brasil e de v\u00e1rios pa\u00edses, se manifestaram em solidariedade ao PCB, diante de uma representa\u00e7\u00e3o da Confedera\u00e7\u00e3o Israelita do Brasil no Minist\u00e9rio P\u00fablico Eleitoral, acusando o partido de anti-semitismo, conforme nota pol\u00edtica que aqui republicamos, ao final das assinaturas. O manifesto est\u00e1 aberto a ades\u00f5es, atrav\u00e9s do endere\u00e7o <a href=\"mailto:secretariageral.pcb1@gmail.com\" target=\"_blank\">secretariageral.pcb1@gmail.com<\/a>.<\/p>\n<p><em>SOLIDARIEDADE AO PCB<\/em><\/p>\n<p><em>Prestamos nossa solidariedade ao PCB (Partido Comunista Brasileiro) diante de representa\u00e7\u00e3o judicial em que \u00e9 acusado de \u201cincentivar a discrimina\u00e7\u00e3o e a prolifera\u00e7\u00e3o da intoler\u00e2ncia religiosa, \u00e9tnica e racial em nosso pa\u00eds\u201d.<\/em><\/p>\n<p><em>Independentemente de nossa concord\u00e2ncia ou n\u00e3o com as posi\u00e7\u00f5es pol\u00edticas do PCB, reconhecemos nele um partido pol\u00edtico que, ao contr\u00e1rio da acusa\u00e7\u00e3o, luta por uma sociedade laica, igualit\u00e1ria e fraterna, sem discrimina\u00e7\u00f5es de qualquer natureza. <\/em><\/p>\n<p><em>Esta absurda representa\u00e7\u00e3o, al\u00e9m de constituir um atentado \u00e0 livre organiza\u00e7\u00e3o partid\u00e1ria, fere todas as cl\u00e1usulas p\u00e9treas da Constitui\u00e7\u00e3o Brasileira que se referem \u00e0 liberdade de organiza\u00e7\u00e3o e de express\u00e3o.<\/em><\/p>\n<table border=\"0\" cellspacing=\"0\" cellpadding=\"0\" width=\"100%\">\n<tbody>\n<tr>\n<td width=\"50\">\n<p align=\"CENTER\">1<\/p>\n<\/td>\n<td>\n<p align=\"LEFT\">Achille Lolo \u2013 editor de TV e correspondente do jornal Brasil de Fato em Roma (It\u00e1lia)<\/p>\n<\/td>\n<\/tr>\n<tr>\n<td width=\"50\">\n<p align=\"CENTER\">2<\/p>\n<\/td>\n<td>\n<p align=\"LEFT\">Adelaide Gon\u00e7alves \u2013 historiadora, Universidade Federal do Cear\u00e1 (CE)<\/p>\n<\/td>\n<\/tr>\n<tr>\n<td width=\"50\">\n<p align=\"CENTER\">3<\/p>\n<\/td>\n<td>\n<p align=\"LEFT\">Adriano Nascimento \u2013 professor \u2013 UFAL (AL)<\/p>\n<\/td>\n<\/tr>\n<tr>\n<td width=\"50\">\n<p align=\"CENTER\">4<\/p>\n<\/td>\n<td>\n<p align=\"LEFT\">Alan Woods \u2013 dirigente da Corrente Marxista Internacional (CMI)<\/p>\n<\/td>\n<\/tr>\n<tr>\n<td width=\"50\">\n<p align=\"CENTER\">5<\/p>\n<\/td>\n<td>\n<p align=\"LEFT\">Aldrin Castellucci &#8211; historiador e professor da UNEB<\/p>\n<\/td>\n<\/tr>\n<tr>\n<td width=\"50\">\n<p align=\"CENTER\">6<\/p>\n<\/td>\n<td>\n<p align=\"LEFT\">Alessandra Soares Gomes \u2013 assistente social (RJ)<\/p>\n<\/td>\n<\/tr>\n<tr>\n<td width=\"50\">\n<p align=\"CENTER\">7<\/p>\n<\/td>\n<td>\n<p align=\"LEFT\">Ana Claudia de Almeida Garcia \u2013 advogada (RJ)<\/p>\n<\/td>\n<\/tr>\n<tr>\n<td width=\"50\">\n<p align=\"CENTER\">8<\/p>\n<\/td>\n<td>\n<p align=\"LEFT\">Andr\u00e9 Moreau \u2013 jornalista e cineasta (RJ)<\/p>\n<\/td>\n<\/tr>\n<tr>\n<td width=\"50\">\n<p align=\"CENTER\">9<\/p>\n<\/td>\n<td>\n<p align=\"LEFT\">Ang\u00e9lica Lovatto \u2013 professora FFC\/UNESP (SP)<\/p>\n<\/td>\n<\/tr>\n<tr>\n<td width=\"50\">\n<p align=\"CENTER\">10<\/p>\n<\/td>\n<td>\n<p align=\"LEFT\">Anita Leoc\u00e1dia Prestes \u2013 professora universit\u00e1ria (RJ)<\/p>\n<\/td>\n<\/tr>\n<tr>\n<td width=\"50\">\n<p align=\"CENTER\">11<\/p>\n<\/td>\n<td>\n<p align=\"LEFT\">Antonio Carlos Maciel \u2013 prof. , doutor, diretor do Campus Universit\u00e1rio da UF de Rond\u00f4nia (RO)<\/p>\n<\/td>\n<\/tr>\n<tr>\n<td width=\"50\">\n<p align=\"CENTER\">12<\/p>\n<\/td>\n<td>\n<p align=\"LEFT\">Antonio de Campos \u2013 pres. da Associa\u00e7\u00e3o Pernambucana de Anistiados Pol\u00edticos \u2013 APAP (PE)<\/p>\n<\/td>\n<\/tr>\n<tr>\n<td width=\"50\">\n<p align=\"CENTER\">13<\/p>\n<\/td>\n<td>\n<p align=\"LEFT\">Antonio Rago &#8211; professor da PUC\/SP<\/p>\n<\/td>\n<\/tr>\n<tr>\n<td width=\"50\">\n<p align=\"CENTER\">14<\/p>\n<\/td>\n<td>\n<p align=\"LEFT\">Argemiro Pertence \u2013 engenheiro, diretor da Casa da Am\u00e9rica Latina (RJ)<\/p>\n<\/td>\n<\/tr>\n<tr>\n<td width=\"50\">\n<p align=\"CENTER\">15<\/p>\n<\/td>\n<td>\n<p align=\"LEFT\">Armando Boito &#8211; professor de Ci\u00eancia Pol\u00edtica da Unicamp (SP)<\/p>\n<\/td>\n<\/tr>\n<tr>\n<td width=\"50\">\n<p align=\"CENTER\">16<\/p>\n<\/td>\n<td>\n<p align=\"LEFT\">Associa\u00e7\u00e3o Cultural Jos\u00e9 Marti (RJ)<\/p>\n<\/td>\n<\/tr>\n<tr>\n<td width=\"50\">\n<p align=\"CENTER\">17<\/p>\n<\/td>\n<td>\n<p align=\"LEFT\">Associa\u00e7\u00e3o para o Desenvolvimento da Imprensa Alternativa \u2013 ADIA (RJ)<\/p>\n<\/td>\n<\/tr>\n<tr>\n<td width=\"50\">\n<p align=\"CENTER\">18<\/p>\n<\/td>\n<td>\n<p align=\"LEFT\">Aton Fon Filho \u2013 advogado (SP)<\/p>\n<\/td>\n<\/tr>\n<tr>\n<td width=\"50\">\n<p align=\"CENTER\">19<\/p>\n<\/td>\n<td>\n<p align=\"LEFT\">Augusto Buonicore \u2013 membro da Funda\u00e7\u00e3o Maur\u00edcio Grabois, historiador (SP)<\/p>\n<\/td>\n<\/tr>\n<tr>\n<td width=\"50\">\n<p align=\"CENTER\">20<\/p>\n<\/td>\n<td>\n<p align=\"LEFT\">Aur\u00e9lio Fernandes \u2013 Morena\/Brigadas Populares<\/p>\n<\/td>\n<\/tr>\n<tr>\n<td width=\"50\">\n<p align=\"CENTER\">21<\/p>\n<\/td>\n<td>\n<p align=\"LEFT\">Beto Almeida \u2013 jornalista, diretor da Telesur<\/p>\n<\/td>\n<\/tr>\n<tr>\n<td width=\"50\">\n<p align=\"CENTER\">22<\/p>\n<\/td>\n<td>\n<p align=\"LEFT\">Caio Navarro Toledo \u2013 professor da Unicamp (SP)<\/p>\n<\/td>\n<\/tr>\n<tr>\n<td width=\"50\">\n<p align=\"CENTER\">23<\/p>\n<\/td>\n<td>\n<p align=\"LEFT\">Carlos A. Lozano Guillen \u2013 dir. do Seman\u00e1rio Voz e dirig. do P\u00f3lo Democr\u00e1tico Alternativo (Col\u00f4mbia)<\/p>\n<\/td>\n<\/tr>\n<tr>\n<td width=\"50\">\n<p align=\"CENTER\">24<\/p>\n<\/td>\n<td>\n<p align=\"LEFT\">Carlos Alberto Bar\u00e3o \u2013 historiador (RJ)<\/p>\n<\/td>\n<\/tr>\n<tr>\n<td width=\"50\">\n<p align=\"CENTER\">25<\/p>\n<\/td>\n<td>\n<p align=\"LEFT\">Carlos Bauer \u2013 professor universit\u00e1rio (SP)<\/p>\n<\/td>\n<\/tr>\n<tr>\n<td width=\"50\">\n<p align=\"CENTER\">26<\/p>\n<\/td>\n<td>\n<p align=\"LEFT\">Carlos Casanueva \u2013 secret\u00e1rio geral do Movimento Continental Bolivariano \u2013 MCB (Chile)<\/p>\n<\/td>\n<\/tr>\n<tr>\n<td width=\"50\">\n<p align=\"CENTER\">27<\/p>\n<\/td>\n<td>\n<p align=\"LEFT\">Carlos Duarte \u2013 Presidente do Sindicato dos Advogados de S\u00e3o Paulo (SP)<\/p>\n<\/td>\n<\/tr>\n<tr>\n<td width=\"50\">\n<p align=\"CENTER\">28<\/p>\n<\/td>\n<td>\n<p align=\"LEFT\">Carlos Eug\u00eanio Clemente \u2013 ex Comandante da ALN &#8211; Alian\u00e7a Libertadora Nacional (RJ)<\/p>\n<\/td>\n<\/tr>\n<tr>\n<td width=\"50\">\n<p align=\"CENTER\">29<\/p>\n<\/td>\n<td>\n<p align=\"LEFT\">Carlos Luis Casabianca \u2013 dirigente do Movimento das V\u00edtimas da Ditadura de Stroessner (Paraguai)<\/p>\n<\/td>\n<\/tr>\n<tr>\n<td width=\"50\">\n<p align=\"CENTER\">30<\/p>\n<\/td>\n<td>\n<p align=\"LEFT\">Carlos Nelson Coutinho \u2013 professor universit\u00e1rio (RJ)<\/p>\n<\/td>\n<\/tr>\n<tr>\n<td width=\"50\">\n<p align=\"CENTER\">31<\/p>\n<\/td>\n<td>\n<p align=\"LEFT\">Casa da Am\u00e9rica Latina<\/p>\n<\/td>\n<\/tr>\n<tr>\n<td width=\"50\">\n<p align=\"CENTER\">32<\/p>\n<\/td>\n<td>\n<p align=\"LEFT\">Ceci Juru\u00e1 \u2013 economista e pesquisadora (RJ)<\/p>\n<\/td>\n<\/tr>\n<tr>\n<td width=\"50\">\n<p align=\"CENTER\">33<\/p>\n<\/td>\n<td>\n<p align=\"LEFT\">Celso Frederico \u2013 professor universit\u00e1rio (SP)<\/p>\n<\/td>\n<\/tr>\n<tr>\n<td width=\"50\">\n<p align=\"CENTER\">34<\/p>\n<\/td>\n<td>\n<p align=\"LEFT\">Cesar Benjamin \u2013 editor (RJ)<\/p>\n<\/td>\n<\/tr>\n<tr>\n<td width=\"50\">\n<p align=\"CENTER\">35<\/p>\n<\/td>\n<td>\n<p align=\"LEFT\">C\u00e9sar Labre \u2013 professor da UFMA (MA)<\/p>\n<\/td>\n<\/tr>\n<tr>\n<td width=\"50\">\n<p align=\"CENTER\">36<\/p>\n<\/td>\n<td>\n<p align=\"LEFT\">Chico Alencar \u2013 Deputado Federal \u2013 PSOL (RJ)<\/p>\n<\/td>\n<\/tr>\n<tr>\n<td width=\"50\">\n<p align=\"CENTER\">37<\/p>\n<\/td>\n<td>\n<p align=\"LEFT\">Claudia Santiago \u2013 jornalista (RJ)<\/p>\n<\/td>\n<\/tr>\n<tr>\n<td width=\"50\">\n<p align=\"CENTER\">38<\/p>\n<\/td>\n<td>\n<p align=\"LEFT\">Comit\u00ea Central da Refunda\u00e7\u00e3o Comunista \u2013 RC-Brasil<\/p>\n<\/td>\n<\/tr>\n<tr>\n<td width=\"50\">\n<p align=\"CENTER\">39<\/p>\n<\/td>\n<td>\n<p align=\"LEFT\">Consulta Popular<\/p>\n<\/td>\n<\/tr>\n<tr>\n<td width=\"50\">\n<p align=\"CENTER\">40<\/p>\n<\/td>\n<td>\n<p align=\"LEFT\">Coordena\u00e7\u00e3o Nacional da Juventude Liberdade e Revolu\u00e7\u00e3o \u2013 LibRe-Brasil<\/p>\n<\/td>\n<\/tr>\n<tr>\n<td width=\"50\">\n<p align=\"CENTER\">41<\/p>\n<\/td>\n<td>\n<p align=\"LEFT\">Corrente Comunista Luiz Carlos Prestes \u2013 CCLCP<\/p>\n<\/td>\n<\/tr>\n<tr>\n<td width=\"50\">\n<p align=\"CENTER\">42<\/p>\n<\/td>\n<td>\n<p align=\"LEFT\">Corrente Marxista Internacional (CMI)<\/p>\n<\/td>\n<\/tr>\n<tr>\n<td width=\"50\">\n<p align=\"CENTER\">43<\/p>\n<\/td>\n<td>\n<p align=\"LEFT\">Cristiano Ferraz \u2013 professor de hist\u00f3ria da UESB (BA)<\/p>\n<\/td>\n<\/tr>\n<tr>\n<td width=\"50\">\n<p align=\"CENTER\">44<\/p>\n<\/td>\n<td>\n<p align=\"LEFT\">CSP \u2013 CONLUTAS<\/p>\n<\/td>\n<\/tr>\n<tr>\n<td width=\"50\">\n<p align=\"CENTER\">45<\/p>\n<\/td>\n<td>\n<p align=\"LEFT\">Daniel Rodrigues \u2013 professor universit\u00e1rio (PE)<\/p>\n<\/td>\n<\/tr>\n<tr>\n<td width=\"50\">\n<p align=\"CENTER\">46<\/p>\n<\/td>\n<td>\n<p align=\"LEFT\">Danilo Matuscelli \u2013 professor universit\u00e1rio (SC)<\/p>\n<\/td>\n<\/tr>\n<tr>\n<td width=\"50\">\n<p align=\"CENTER\">47<\/p>\n<\/td>\n<td>\n<p align=\"LEFT\">Dirlene Marques \u2013 professora universit\u00e1ria (MG)<\/p>\n<\/td>\n<\/tr>\n<tr>\n<td width=\"50\">\n<p align=\"CENTER\">48<\/p>\n<\/td>\n<td>\n<p align=\"LEFT\">Duarte Pacheco Pereira \u2013 jornalista e escritor (SP)<\/p>\n<\/td>\n<\/tr>\n<tr>\n<td width=\"50\">\n<p align=\"CENTER\">49<\/p>\n<\/td>\n<td>\n<p align=\"LEFT\">Eliel Machado \u2013 professor da Universidade Estadual de Londrina (PR)<\/p>\n<\/td>\n<\/tr>\n<tr>\n<td width=\"50\">\n<p align=\"CENTER\">50<\/p>\n<\/td>\n<td>\n<p align=\"LEFT\">Eliete Ferrer \u2013 professora (RJ)<\/p>\n<\/td>\n<\/tr>\n<tr>\n<td width=\"50\">\n<p align=\"CENTER\">51<\/p>\n<\/td>\n<td>\n<p align=\"LEFT\">Eliomar Coelho \u2013 vereador do Rio de Janeiro \u2013 PSOL (RJ)<\/p>\n<\/td>\n<\/tr>\n<tr>\n<td width=\"50\">\n<p align=\"CENTER\">52<\/p>\n<\/td>\n<td>\n<p align=\"LEFT\">Elza Margarida de Mendon\u00e7a Peixoto \u2013 professora universit\u00e1ria \u2013 UFEL \u2013 Londrina (PR)<\/p>\n<\/td>\n<\/tr>\n<tr>\n<td width=\"50\">\n<p align=\"CENTER\">53<\/p>\n<\/td>\n<td>\n<p align=\"LEFT\">Emanuel Cancella \u2013 Sindipetro (RJ)<\/p>\n<\/td>\n<\/tr>\n<tr>\n<td width=\"50\">\n<p align=\"CENTER\">54<\/p>\n<\/td>\n<td>\n<p align=\"LEFT\">Federa\u00e7\u00e3o de Estudantes Universit\u00e1rios \u2013 FEU (Col\u00f4mbia)<\/p>\n<\/td>\n<\/tr>\n<tr>\n<td width=\"50\">\n<p align=\"CENTER\">55<\/p>\n<\/td>\n<td>\n<p align=\"LEFT\">Fernando Cataldi \u2013 advogado (RJ)<\/p>\n<\/td>\n<\/tr>\n<tr>\n<td width=\"50\">\n<p align=\"CENTER\">56<\/p>\n<\/td>\n<td>\n<p align=\"LEFT\">Fernando Siqueira \u2013 presidente da Associa\u00e7\u00e3o dos Engenheiros da Petrobr\u00e1s (RJ)<\/p>\n<\/td>\n<\/tr>\n<tr>\n<td width=\"50\">\n<p align=\"CENTER\">57<\/p>\n<\/td>\n<td>\n<p align=\"LEFT\">Fl\u00e1vio Tavares \u2013 jornalista e escritor, autor, entre outros, de \u201cO dia em que Get\u00falio matou Allende\u201d (RJ)<\/p>\n<\/td>\n<\/tr>\n<tr>\n<td width=\"50\">\n<p align=\"CENTER\">58<\/p>\n<\/td>\n<td>\n<p align=\"LEFT\">Franklin Oliveira Jr \u2013 escritor e professor universit\u00e1rio (BA)<\/p>\n<\/td>\n<\/tr>\n<tr>\n<td width=\"50\">\n<p align=\"CENTER\">59<\/p>\n<\/td>\n<td>\n<p align=\"LEFT\">Frente Democr\u00e1tica pela Liberta\u00e7\u00e3o da Palestina<\/p>\n<\/td>\n<\/tr>\n<tr>\n<td width=\"50\">\n<p align=\"CENTER\">60<\/p>\n<\/td>\n<td>\n<p align=\"LEFT\">Frente Popular pela Liberta\u00e7\u00e3o da Palestina<\/p>\n<\/td>\n<\/tr>\n<tr>\n<td width=\"50\">\n<p align=\"CENTER\">61<\/p>\n<\/td>\n<td>\n<p align=\"LEFT\">Funda\u00e7\u00e3o Dinarco Reis<\/p>\n<\/td>\n<\/tr>\n<tr>\n<td width=\"50\">\n<p align=\"CENTER\">62<\/p>\n<\/td>\n<td>\n<p align=\"LEFT\">Gaud\u00eancio Frigotto \u2013 Professor da UERJ (RJ)<\/p>\n<\/td>\n<\/tr>\n<tr>\n<td width=\"50\">\n<p align=\"CENTER\">63<\/p>\n<\/td>\n<td>\n<p align=\"LEFT\">Geraldo Pereira Barbosa \u2013 Executiva da Dire\u00e7\u00e3o Nacional da Corrente Comunista Luiz Carlos Prestes (SC)<\/p>\n<\/td>\n<\/tr>\n<tr>\n<td width=\"50\">\n<p align=\"CENTER\">64<\/p>\n<\/td>\n<td>\n<p align=\"LEFT\">Gesa Linhares Correa \u2013 Dire\u00e7\u00e3o Nacional do PSOL e Coordena\u00e7\u00e3o Nacional da Intersindical (RJ)<\/p>\n<\/td>\n<\/tr>\n<tr>\n<td width=\"50\">\n<p align=\"CENTER\">65<\/p>\n<\/td>\n<td>\n<p align=\"LEFT\">Gilberto Cervinski \u2013 Coordena\u00e7\u00e3o Nacional do Movimento dos Atingidos por Barragens (MA)<\/p>\n<\/td>\n<\/tr>\n<tr>\n<td width=\"50\">\n<p align=\"CENTER\">66<\/p>\n<\/td>\n<td>\n<p align=\"LEFT\">Gilcilene Bar\u00e3o \u2013 professora da UERJ (RJ)<\/p>\n<\/td>\n<\/tr>\n<tr>\n<td width=\"50\">\n<p align=\"CENTER\">67<\/p>\n<\/td>\n<td>\n<p align=\"LEFT\">Gilda Arantes \u2013 professora universit\u00e1ria (RJ)<\/p>\n<\/td>\n<\/tr>\n<tr>\n<td width=\"50\">\n<p align=\"CENTER\">68<\/p>\n<\/td>\n<td>\n<p align=\"LEFT\">Gl\u00f3ria In\u00eas Ram\u00edrez \u2013 Senadora do P\u00f3lo Democr\u00e1tico Alternativo (Col\u00f4mbia)<\/p>\n<\/td>\n<\/tr>\n<tr>\n<td width=\"50\">\n<p align=\"CENTER\">69<\/p>\n<\/td>\n<td>\n<p align=\"LEFT\">Guillermo Caviasga \u2013 historiador e professor (Argentina)<\/p>\n<\/td>\n<\/tr>\n<tr>\n<td width=\"50\">\n<p align=\"CENTER\">70<\/p>\n<\/td>\n<td>\n<p align=\"LEFT\">G\u00fcnter Pohl \u2013 Comit\u00ea Central do Partido Comunista Alem\u00e3o \u2013 DKP (Alemanha)<\/p>\n<\/td>\n<\/tr>\n<tr>\n<td width=\"50\">\n<p align=\"CENTER\">71<\/p>\n<\/td>\n<td>\n<p align=\"LEFT\">Hamilton Octavio de Souza \u2013 jornalista \u2013 Brasil de Fato e Caros Amigos \u2013 professor da PUC (S)<\/p>\n<\/td>\n<\/tr>\n<tr>\n<td width=\"50\">\n<p align=\"CENTER\">72<\/p>\n<\/td>\n<td>\n<p align=\"LEFT\">Haroldo Baptista de Abreu \u2013 professor da UFF (RJ)<\/p>\n<\/td>\n<\/tr>\n<tr>\n<td width=\"50\">\n<p align=\"CENTER\">73<\/p>\n<\/td>\n<td>\n<p align=\"LEFT\">Helo\u00edsa Fernandes \u2013 soci\u00f3loga, professora da Escola Nacional Florestan Fernandes e da USP (SP)<\/p>\n<\/td>\n<\/tr>\n<tr>\n<td width=\"50\">\n<p align=\"CENTER\">74<\/p>\n<\/td>\n<td>\n<p align=\"LEFT\">Helo\u00edsa Greco \u2013 professora e militantes de direitos humanos \u2013 BH (MG)<\/p>\n<\/td>\n<\/tr>\n<tr>\n<td width=\"50\">\n<p align=\"CENTER\">75<\/p>\n<\/td>\n<td>\n<p align=\"LEFT\">Henrique Meira de Castro \u2013 ABRAPSO \u2013 N\u00facleo Bauru (SP)<\/p>\n<\/td>\n<\/tr>\n<tr>\n<td width=\"50\">\n<p align=\"CENTER\">76<\/p>\n<\/td>\n<td>\n<p align=\"LEFT\">Henrique Soares Carneiro \u2013 professor e doutor da USP (SP)<\/p>\n<\/td>\n<\/tr>\n<tr>\n<td width=\"50\">\n<p align=\"CENTER\">77<\/p>\n<\/td>\n<td>\n<p align=\"LEFT\">Hor\u00e1cio Martins de Carvalho \u2013 engenheiro agr\u00f4nomo (PR)<\/p>\n<\/td>\n<\/tr>\n<tr>\n<td width=\"50\">\n<p align=\"CENTER\">78<\/p>\n<\/td>\n<td>\n<p align=\"LEFT\">Humberto Santos Palmeira &#8211; Dirigente Nacional do Movimento dos Pequenos Agricultores<\/p>\n<\/td>\n<\/tr>\n<tr>\n<td width=\"50\">\n<p align=\"CENTER\">79<\/p>\n<\/td>\n<td>\n<p align=\"LEFT\">Ildo Sauer \u2013 professor universit\u00e1rio (SP)<\/p>\n<\/td>\n<\/tr>\n<tr>\n<td width=\"50\">\n<p align=\"CENTER\">80<\/p>\n<\/td>\n<td>\n<p align=\"LEFT\">Instituto 25 de Mar\u00e7o &#8211; I-25-Brasil<\/p>\n<\/td>\n<\/tr>\n<tr>\n<td width=\"50\">\n<p align=\"CENTER\">81<\/p>\n<\/td>\n<td>\n<p align=\"LEFT\">Instituto Helena Greco de Direitos Humanos e Cidadania (MG)<\/p>\n<\/td>\n<\/tr>\n<tr>\n<td width=\"50\">\n<p align=\"CENTER\">82<\/p>\n<\/td>\n<td>\n<p align=\"LEFT\">Intersindical (Instrumento de Luta e Organiza\u00e7\u00e3o da Classe Trabalhadora)<\/p>\n<\/td>\n<\/tr>\n<tr>\n<td width=\"50\">\n<p align=\"CENTER\">83<\/p>\n<\/td>\n<td>\n<p align=\"LEFT\">Intersindical (Instrumento de Luta, Unidade da Classe e Constru\u00e7\u00e3o de uma Nova Central)<\/p>\n<\/td>\n<\/tr>\n<tr>\n<td width=\"50\">\n<p align=\"CENTER\">84<\/p>\n<\/td>\n<td>\n<p align=\"LEFT\">Iracy Pican\u00e7o \u2013 professora da UFBA (BA)<\/p>\n<\/td>\n<\/tr>\n<tr>\n<td width=\"50\">\n<p align=\"CENTER\">85<\/p>\n<\/td>\n<td>\n<p align=\"LEFT\">Ivan Valente \u2013 Deputado Federal \u2013 PSOL (SP)<\/p>\n<\/td>\n<\/tr>\n<tr>\n<td width=\"50\">\n<p align=\"CENTER\">86<\/p>\n<\/td>\n<td>\n<p align=\"LEFT\">Ivana Jinkings \u2013 editora (SP)<\/p>\n<\/td>\n<\/tr>\n<tr>\n<td width=\"50\">\n<p align=\"CENTER\">87<\/p>\n<\/td>\n<td>\n<p align=\"LEFT\">Jacob David Blinder (m\u00e9dico sanitarista (BA)<\/p>\n<\/td>\n<\/tr>\n<tr>\n<td width=\"50\">\n<p align=\"CENTER\">88<\/p>\n<\/td>\n<td>\n<p align=\"LEFT\">Jaime Caycedo \u2013 Secret\u00e1rio Geral do PC Colombiano e Vereador em Bogot\u00e1 (Col\u00f4mbia)<\/p>\n<\/td>\n<\/tr>\n<tr>\n<td width=\"50\">\n<p align=\"CENTER\">89<\/p>\n<\/td>\n<td>\n<p align=\"LEFT\">James Petras \u2013 professor em\u00e9rito da Universidade de Nova Iorque (USA)<\/p>\n<\/td>\n<\/tr>\n<tr>\n<td width=\"50\">\n<p align=\"CENTER\">90<\/p>\n<\/td>\n<td>\n<p align=\"LEFT\">Janira Rocha \u2013 Deputada Estadual \u2013 Rio de Janeiro \u2013 PSOL (RJ)<\/p>\n<\/td>\n<\/tr>\n<tr>\n<td width=\"50\">\n<p align=\"CENTER\">91<\/p>\n<\/td>\n<td>\n<p align=\"LEFT\">Jean Douglas Zeferino Rodrigues \u2013 PSOL Indaiatuba (SP)<\/p>\n<\/td>\n<\/tr>\n<tr>\n<td width=\"50\">\n<p align=\"CENTER\">92<\/p>\n<\/td>\n<td>\n<p align=\"LEFT\">Jefferson Moura \u2013 Presidente Regional do PSOL (RJ)<\/p>\n<\/td>\n<\/tr>\n<tr>\n<td width=\"50\">\n<p align=\"CENTER\">93<\/p>\n<\/td>\n<td>\n<p align=\"LEFT\">Jo\u00e3o Claudio Platenik Pitillo \u2013 Diretor da FAFERJ (Federa\u00e7\u00e3o de Favelas do Estado do Rio de Janeiro)<\/p>\n<\/td>\n<\/tr>\n<tr>\n<td width=\"50\">\n<p align=\"CENTER\">94<\/p>\n<\/td>\n<td>\n<p align=\"LEFT\">Jo\u00e3o Luiz Duboc Pinaud \u2013 Pres. Comiss\u00e3o de DH do IAB, Casa da Am\u00e9rica Latina e Assoc. Americana de Juristas (RJ)<\/p>\n<\/td>\n<\/tr>\n<tr>\n<td width=\"50\">\n<p align=\"CENTER\">95<\/p>\n<\/td>\n<td>\n<p align=\"LEFT\">Jo\u00e3o Paulo Rodrigues \u2013 dirigente do MST<\/p>\n<\/td>\n<\/tr>\n<tr>\n<td width=\"50\">\n<p align=\"CENTER\">96<\/p>\n<\/td>\n<td>\n<p align=\"LEFT\">Jo\u00e3o Pedro Stedile \u2013 dirigente da Via Campesina<\/p>\n<\/td>\n<\/tr>\n<tr>\n<td width=\"50\">\n<p align=\"CENTER\">97<\/p>\n<\/td>\n<td>\n<p align=\"LEFT\">Jo\u00e3o Quartim Moraes &#8211; professor universit\u00e1rio (SP)<\/p>\n<\/td>\n<\/tr>\n<tr>\n<td width=\"50\">\n<p align=\"CENTER\">98<\/p>\n<\/td>\n<td>\n<p align=\"LEFT\">Joel Barcellos \u2013 ator<\/p>\n<\/td>\n<\/tr>\n<tr>\n<td width=\"50\">\n<p align=\"CENTER\">99<\/p>\n<\/td>\n<td>\n<p align=\"LEFT\">Joel Filartiga \u2013 presidente da Coordenadora Paraguaia de Solidariedade a Cuba (Paraguai)<\/p>\n<\/td>\n<\/tr>\n<tr>\n<td width=\"50\">\n<p align=\"CENTER\">100<\/p>\n<\/td>\n<td>\n<p align=\"LEFT\">Jonas Duarte \u2013 professor de hist\u00f3ria da UFPB e pesquisar do CNPq (PB)<\/p>\n<\/td>\n<\/tr>\n<tr>\n<td width=\"50\">\n<p align=\"CENTER\">101<\/p>\n<\/td>\n<td>\n<p align=\"LEFT\">Jorge Almeida &#8211; professor de Ci\u00eancia Pol\u00edtica da UFBA<\/p>\n<\/td>\n<\/tr>\n<tr>\n<td width=\"50\">\n<p align=\"CENTER\">102<\/p>\n<\/td>\n<td>\n<p align=\"LEFT\">Jorge Beinstein \u2013 professor titular da Universidade de Buenos Aires (Argentina)<\/p>\n<\/td>\n<\/tr>\n<tr>\n<td width=\"50\">\n<p align=\"CENTER\">103<\/p>\n<\/td>\n<td>\n<p align=\"LEFT\">Jorge Figueiredo \u2013 editor de resistir.info (Portugal)<\/p>\n<\/td>\n<\/tr>\n<tr>\n<td width=\"50\">\n<p align=\"CENTER\">104<\/p>\n<\/td>\n<td>\n<p align=\"LEFT\">Jos\u00e9 Claudinei Lombardi \u2013 coordenador executivo do HISTE DBR \u2013 DEFHE-FE \u2013 UNICAMP (SP)<\/p>\n<\/td>\n<\/tr>\n<tr>\n<td width=\"50\">\n<p align=\"CENTER\">105<\/p>\n<\/td>\n<td>\n<p align=\"LEFT\">Jos\u00e9 Laercio Martuchelli Nogueira \u2013 estudante de astronomia UFRJ (RJ)<\/p>\n<\/td>\n<\/tr>\n<tr>\n<td width=\"50\">\n<p align=\"CENTER\">106<\/p>\n<\/td>\n<td>\n<p align=\"LEFT\">Jos\u00e9 Maria \u2013 Presidente Nacional do PSTU<\/p>\n<\/td>\n<\/tr>\n<tr>\n<td width=\"50\">\n<p align=\"CENTER\">107<\/p>\n<\/td>\n<td>\n<p align=\"LEFT\">Katia da Matta Pinheiro \u2013 historiadora, prof. Universit\u00e1ria, diretora da Casa da Am\u00e9rica Latina (RJ)<\/p>\n<\/td>\n<\/tr>\n<tr>\n<td width=\"50\">\n<p align=\"CENTER\">108<\/p>\n<\/td>\n<td>\n<p align=\"LEFT\">La\u00e9rcio Cabral Lopes \u2013 professor universit\u00e1rio (RJ)<\/p>\n<\/td>\n<\/tr>\n<tr>\n<td width=\"50\">\n<p align=\"CENTER\">109<\/p>\n<\/td>\n<td>\n<p align=\"LEFT\">Laerte Braga \u2013 jornalista (MG)<\/p>\n<\/td>\n<\/tr>\n<tr>\n<td width=\"50\">\n<p align=\"CENTER\">110<\/p>\n<\/td>\n<td>\n<p align=\"LEFT\">Leandro Konder \u2013 professor universit\u00e1rio (RJ)<\/p>\n<\/td>\n<\/tr>\n<tr>\n<td width=\"50\">\n<p align=\"CENTER\">111<\/p>\n<\/td>\n<td>\n<p align=\"LEFT\">Lenin Novaes \u2013 jornalista, Pres. da Comiss\u00e3o de Liberdade de Imprensa e DH da ABI (RJ)<\/p>\n<\/td>\n<\/tr>\n<tr>\n<td width=\"50\">\n<p align=\"CENTER\">112<\/p>\n<\/td>\n<td>\n<p align=\"LEFT\">Lincoln Penna \u2013professor universit\u00e1rio, Presidente do MODECON (RJ)<\/p>\n<\/td>\n<\/tr>\n<tr>\n<td width=\"50\">\n<p align=\"CENTER\">113<\/p>\n<\/td>\n<td>\n<p align=\"LEFT\">Lincoln Secco &#8211; professor da USP (SP)<\/p>\n<\/td>\n<\/tr>\n<tr>\n<td width=\"50\">\n<p align=\"CENTER\">114<\/p>\n<\/td>\n<td>\n<p align=\"LEFT\">Lorene Figueiredo \u2013 professor da UFF (RJ)<\/p>\n<\/td>\n<\/tr>\n<tr>\n<td width=\"50\">\n<p align=\"CENTER\">115<\/p>\n<\/td>\n<td>\n<p align=\"LEFT\">Luciana Fernandes Dias &#8211; professora de hist\u00f3ria da rede p\u00fablica (RJ)<\/p>\n<\/td>\n<\/tr>\n<tr>\n<td width=\"50\">\n<p align=\"CENTER\">116<\/p>\n<\/td>\n<td>\n<p align=\"LEFT\">Luciano Martorano \u2013 cientista pol\u00edtico (SP)<\/p>\n<\/td>\n<\/tr>\n<tr>\n<td width=\"50\">\n<p align=\"CENTER\">117<\/p>\n<\/td>\n<td>\n<p align=\"LEFT\">L\u00facio Fl\u00e1vio Rodrigues de Almeida &#8211; Departamento de Ci\u00eancia Pol\u00edtica da PUC (SP)<\/p>\n<\/td>\n<\/tr>\n<tr>\n<td width=\"50\">\n<p align=\"CENTER\">118<\/p>\n<\/td>\n<td>\n<p align=\"LEFT\">Luis Acosta \u2013 professor da UFRJ e presidente da ADUFRJ \u2013 SSIND (RJ)<\/p>\n<\/td>\n<\/tr>\n<tr>\n<td width=\"50\">\n<p align=\"CENTER\">119<\/p>\n<\/td>\n<td>\n<p align=\"LEFT\">Luis Mergulh\u00e3o \u2013 professor (RJ)<\/p>\n<\/td>\n<\/tr>\n<tr>\n<td width=\"50\">\n<p align=\"CENTER\">120<\/p>\n<\/td>\n<td>\n<p align=\"LEFT\">Luiz Bernardo Peric\u00e1s &#8211; historiador e escritor (SP)<\/p>\n<\/td>\n<\/tr>\n<tr>\n<td width=\"50\">\n<p align=\"CENTER\">121<\/p>\n<\/td>\n<td>\n<p align=\"LEFT\">Luiz Ragon \u2013 diretor de Direitos Humanos da Casa da Am\u00e9rica Latina (RJ)<\/p>\n<\/td>\n<\/tr>\n<tr>\n<td width=\"50\">\n<p align=\"CENTER\">122<\/p>\n<\/td>\n<td>\n<p align=\"LEFT\">Luiz Rodolfo Viveiros de Castro (Gaiola) \u2013 militante comunista (RJ)<\/p>\n<\/td>\n<\/tr>\n<tr>\n<td width=\"50\">\n<p align=\"CENTER\">123<\/p>\n<\/td>\n<td>\n<p align=\"LEFT\">Manuel J. Monta\u00f1ez Lanza \u2013 politic\u00f3logo (Venezuela)<\/p>\n<\/td>\n<\/tr>\n<tr>\n<td width=\"50\">\n<p align=\"CENTER\">124<\/p>\n<\/td>\n<td>\n<p align=\"LEFT\">Marcello Cerqueira \u2013 advogado (RJ)<\/p>\n<\/td>\n<\/tr>\n<tr>\n<td width=\"50\">\n<p align=\"CENTER\">125<\/p>\n<\/td>\n<td>\n<p align=\"LEFT\">Marcelo Badar\u00f3 \u2013 professor universit\u00e1rio (RJ)<\/p>\n<\/td>\n<\/tr>\n<tr>\n<td width=\"50\">\n<p align=\"CENTER\">126<\/p>\n<\/td>\n<td>\n<p align=\"LEFT\">Marcelo Botosso \u2013 professor (SC)<\/p>\n<\/td>\n<\/tr>\n<tr>\n<td width=\"50\">\n<p align=\"CENTER\">127<\/p>\n<\/td>\n<td>\n<p align=\"LEFT\">Marcelo Buzzetto \u2013 dire\u00e7\u00e3o do MST-SP e do setor de Rela\u00e7\u00f5es Internacionais do MST<\/p>\n<\/td>\n<\/tr>\n<tr>\n<td width=\"50\">\n<p align=\"CENTER\">128<\/p>\n<\/td>\n<td>\n<p align=\"LEFT\">Marcelo Dur\u00e3o \u2013 dirigente do MST (RJ)<\/p>\n<\/td>\n<\/tr>\n<tr>\n<td width=\"50\">\n<p align=\"CENTER\">129<\/p>\n<\/td>\n<td>\n<p align=\"LEFT\">Marcelo Freixo \u2013 Deputado Estadual \u2013 PSOL (RJ)<\/p>\n<\/td>\n<\/tr>\n<tr>\n<td width=\"50\">\n<p align=\"CENTER\">130<\/p>\n<\/td>\n<td>\n<p align=\"LEFT\">Marcelo Machado \u2013 dirig. nacional do MTD \u2013 Movimento dos Trabalhadores Desempregados (RJ)<\/p>\n<\/td>\n<\/tr>\n<tr>\n<td width=\"50\">\n<p align=\"CENTER\">131<\/p>\n<\/td>\n<td>\n<p align=\"LEFT\">M\u00e1rcio Lupatini \u2013 professor universit\u00e1rio (MG)<\/p>\n<\/td>\n<\/tr>\n<tr>\n<td width=\"50\">\n<p align=\"CENTER\">132<\/p>\n<\/td>\n<td>\n<p align=\"LEFT\">Marco Antonio Villela dos Santos \u2013 CeCAC \u2013 Centro Cultural Antonio Carlos Carvalho (RJ)<\/p>\n<\/td>\n<\/tr>\n<tr>\n<td width=\"50\">\n<p align=\"CENTER\">133<\/p>\n<\/td>\n<td>\n<p align=\"LEFT\">Marcos Del Roio \u2013 professor universit\u00e1rio, Presidente do instituto Astrojildo Pereira (SP)<\/p>\n<\/td>\n<\/tr>\n<tr>\n<td width=\"50\">\n<p align=\"CENTER\">134<\/p>\n<\/td>\n<td>\n<p align=\"LEFT\">Marcus Robson Nascimento Costa \u2013 professor universit\u00e1rio, promotor aposentado (AL)<\/p>\n<\/td>\n<\/tr>\n<tr>\n<td width=\"50\">\n<p align=\"CENTER\">135<\/p>\n<\/td>\n<td>\n<p align=\"LEFT\">Maria de F\u00e1tima Felix Rosar \u2013 professora universit\u00e1ria \u2013 UFMA (MA)<\/p>\n<\/td>\n<\/tr>\n<tr>\n<td width=\"50\">\n<p align=\"CENTER\">136<\/p>\n<\/td>\n<td>\n<p align=\"LEFT\">Maria In\u00eas Souza Bravo \u2013 professora universit\u00e1ria (RJ)<\/p>\n<\/td>\n<\/tr>\n<tr>\n<td width=\"50\">\n<p align=\"CENTER\">137<\/p>\n<\/td>\n<td>\n<p align=\"LEFT\">Maria Isa Jinkings &#8211; livreira<\/p>\n<\/td>\n<\/tr>\n<tr>\n<td width=\"50\">\n<p align=\"CENTER\">138<\/p>\n<\/td>\n<td>\n<p align=\"LEFT\">Marly Vianna \u2013 professora universit\u00e1ria (RJ)<\/p>\n<\/td>\n<\/tr>\n<tr>\n<td width=\"50\">\n<p align=\"CENTER\">139<\/p>\n<\/td>\n<td>\n<p align=\"LEFT\">Maur\u00edcio Az\u00eado \u2013 jornalista (RJ)<\/p>\n<\/td>\n<\/tr>\n<tr>\n<td width=\"50\">\n<p align=\"CENTER\">140<\/p>\n<\/td>\n<td>\n<p align=\"LEFT\">Miguel Urbano Rodrigues \u2013 escritor e editor de odiario.info (Portugal)<\/p>\n<\/td>\n<\/tr>\n<tr>\n<td width=\"50\">\n<p align=\"CENTER\">141<\/p>\n<\/td>\n<td>\n<p align=\"LEFT\">Milton Temer \u2013 jornalista e dirigente nacional do PSOL (RJ)<\/p>\n<\/td>\n<\/tr>\n<tr>\n<td width=\"50\">\n<p align=\"CENTER\">142<\/p>\n<\/td>\n<td>\n<p align=\"LEFT\">Modesto da Silveira \u2013 advogado<\/p>\n<\/td>\n<\/tr>\n<tr>\n<td width=\"50\">\n<p align=\"CENTER\">143<\/p>\n<\/td>\n<td>\n<p align=\"LEFT\">Movimento Continental Bolivariano (MCB)<\/p>\n<\/td>\n<\/tr>\n<tr>\n<td width=\"50\">\n<p align=\"CENTER\">144<\/p>\n<\/td>\n<td>\n<p align=\"LEFT\">Movimento dos Trabalhadores Desempregados &#8211; MTD<\/p>\n<\/td>\n<\/tr>\n<tr>\n<td width=\"50\">\n<p align=\"CENTER\">145<\/p>\n<\/td>\n<td>\n<p align=\"LEFT\">Movimento dos Trabalhadores sem Terra \u2013 MST<\/p>\n<\/td>\n<\/tr>\n<tr>\n<td width=\"50\">\n<p align=\"CENTER\">146<\/p>\n<\/td>\n<td>\n<p align=\"LEFT\">Movimento Revolucion\u00e1rio Nacionalista\/Brigadas Populares<\/p>\n<\/td>\n<\/tr>\n<tr>\n<td width=\"50\">\n<p align=\"CENTER\">147<\/p>\n<\/td>\n<td>\n<p align=\"LEFT\">Nader Alves Bujah \u2013 Comit\u00ea Democr\u00e1tico Palestino<\/p>\n<\/td>\n<\/tr>\n<tr>\n<td width=\"50\">\n<p align=\"CENTER\">148<\/p>\n<\/td>\n<td>\n<p align=\"LEFT\">Najeeb Amado \u2013 secret\u00e1rio geral do Partido Comunista Paraguayo (Paraguai)<\/p>\n<\/td>\n<\/tr>\n<tr>\n<td width=\"50\">\n<p align=\"CENTER\">149<\/p>\n<\/td>\n<td>\n<p align=\"LEFT\">Natalia Vinelli \u2013 jornalista, diretorra da Barricada TV (Argentina)<\/p>\n<\/td>\n<\/tr>\n<tr>\n<td width=\"50\">\n<p align=\"CENTER\">150<\/p>\n<\/td>\n<td>\n<p align=\"LEFT\">Nestor Kohan \u2013 C\u00e1tedra Che Guevara (Argentina)<\/p>\n<\/td>\n<\/tr>\n<tr>\n<td width=\"50\">\n<p align=\"CENTER\">151<\/p>\n<\/td>\n<td>\n<p align=\"LEFT\">Nise Jinkings \u2013 professora universit\u00e1ria \u2013 UFSC (SC)<\/p>\n<\/td>\n<\/tr>\n<tr>\n<td width=\"50\">\n<p align=\"CENTER\">152<\/p>\n<\/td>\n<td>\n<p align=\"LEFT\">Orlando Oscar Rosar \u2013 professor universit\u00e1rio \u2013 UFMA (MA)<\/p>\n<\/td>\n<\/tr>\n<tr>\n<td width=\"50\">\n<p align=\"CENTER\">153<\/p>\n<\/td>\n<td>\n<p align=\"LEFT\">Osvaldo Coggiola \u2013 professor de hist\u00f3ria da USP (SP)<\/p>\n<\/td>\n<\/tr>\n<tr>\n<td width=\"50\">\n<p align=\"CENTER\">154<\/p>\n<\/td>\n<td>\n<p align=\"LEFT\">Otto Filgueiras \u2013 jornalista (SP)<\/p>\n<\/td>\n<\/tr>\n<tr>\n<td width=\"50\">\n<p align=\"CENTER\">155<\/p>\n<\/td>\n<td>\n<p align=\"LEFT\">Partido Comunista Alem\u00e3o \u2013 DKP (Alemanha)<\/p>\n<\/td>\n<\/tr>\n<tr>\n<td width=\"50\">\n<p align=\"CENTER\">156<\/p>\n<\/td>\n<td>\n<p align=\"LEFT\">Partido Comunista Colombiano (PCC)<\/p>\n<\/td>\n<\/tr>\n<tr>\n<td width=\"50\">\n<p align=\"CENTER\">157<\/p>\n<\/td>\n<td>\n<p align=\"LEFT\">Partido Comunista de Espanha (PCE)<\/p>\n<\/td>\n<\/tr>\n<tr>\n<td width=\"50\">\n<p align=\"CENTER\">158<\/p>\n<\/td>\n<td>\n<p align=\"LEFT\">Partido Comunista de Venezuela (PCV)<\/p>\n<\/td>\n<\/tr>\n<tr>\n<td width=\"50\">\n<p align=\"CENTER\">159<\/p>\n<\/td>\n<td>\n<p align=\"LEFT\">Partido Comunista do Equador (PCE)<\/p>\n<\/td>\n<\/tr>\n<tr>\n<td width=\"50\">\n<p align=\"CENTER\">160<\/p>\n<\/td>\n<td>\n<p align=\"LEFT\">Partido Comunista do M\u00e9xico (PCM)<\/p>\n<\/td>\n<\/tr>\n<tr>\n<td width=\"50\">\n<p align=\"CENTER\">161<\/p>\n<\/td>\n<td>\n<p align=\"LEFT\">Partido Comunista dos Povos de Espanha (PCPE)<\/p>\n<\/td>\n<\/tr>\n<tr>\n<td width=\"50\">\n<p align=\"CENTER\">162<\/p>\n<\/td>\n<td>\n<p align=\"LEFT\">Partido Comunista Grego (KKE)<\/p>\n<\/td>\n<\/tr>\n<tr>\n<td width=\"50\">\n<p align=\"CENTER\">163<\/p>\n<\/td>\n<td>\n<p align=\"LEFT\">Partido Comunista Liban\u00eas<\/p>\n<\/td>\n<\/tr>\n<tr>\n<td width=\"50\">\n<p align=\"CENTER\">164<\/p>\n<\/td>\n<td>\n<p align=\"LEFT\">Partido Comunista Paraguayo (PCP)<\/p>\n<\/td>\n<\/tr>\n<tr>\n<td width=\"50\">\n<p align=\"CENTER\">165<\/p>\n<\/td>\n<td>\n<p align=\"LEFT\">Partido Comunista Peruano (PCP)<\/p>\n<\/td>\n<\/tr>\n<tr>\n<td width=\"50\">\n<p align=\"CENTER\">166<\/p>\n<\/td>\n<td>\n<p align=\"LEFT\">Partido do Povo Palestino<\/p>\n<\/td>\n<\/tr>\n<tr>\n<td width=\"50\">\n<p align=\"CENTER\">167<\/p>\n<\/td>\n<td>\n<p align=\"LEFT\">Partido Revolucion\u00e1rio dos Comunistas das Can\u00e1rias<\/p>\n<\/td>\n<\/tr>\n<tr>\n<td width=\"50\">\n<p align=\"CENTER\">168<\/p>\n<\/td>\n<td>\n<p align=\"LEFT\">Partido Socialista dos Trabalhadores Unificado \u2013 PSTU (Brasil)<\/p>\n<\/td>\n<\/tr>\n<tr>\n<td width=\"50\">\n<p align=\"CENTER\">169<\/p>\n<\/td>\n<td>\n<p align=\"LEFT\">Paulo Douglas Barsotti &#8211; professor da FGV (SP)P<\/p>\n<\/td>\n<\/tr>\n<tr>\n<td width=\"50\">\n<p align=\"CENTER\">170<\/p>\n<\/td>\n<td>\n<p align=\"LEFT\">Paulo Metri \u2013 diretor do Clube de Engenharia (RJ)<\/p>\n<\/td>\n<\/tr>\n<tr>\n<td width=\"50\">\n<p align=\"CENTER\">171<\/p>\n<\/td>\n<td>\n<p align=\"LEFT\">Paulo Moura \u2013 ambientalista e fot\u00f3grafo \u2013 Petr\u00f3polis (RJ)<\/p>\n<\/td>\n<\/tr>\n<tr>\n<td width=\"50\">\n<p align=\"CENTER\">172<\/p>\n<\/td>\n<td>\n<p align=\"LEFT\">Paulo Passarinho \u2013 economista e apresentador do Programa Faixa Livre (RJ)<\/p>\n<\/td>\n<\/tr>\n<tr>\n<td width=\"50\">\n<p align=\"CENTER\">173<\/p>\n<\/td>\n<td>\n<p align=\"LEFT\">Paulo Ribeiro Cunha \u2013 professor FFC-UNESP (SP)<\/p>\n<\/td>\n<\/tr>\n<tr>\n<td width=\"50\">\n<p align=\"CENTER\">174<\/p>\n<\/td>\n<td>\n<p align=\"LEFT\">Pedro Jorge de Freitas \u2013 professor da Universidade Estadual de Maring\u00e1 (PR)<\/p>\n<\/td>\n<\/tr>\n<tr>\n<td width=\"50\">\n<p align=\"CENTER\">175<\/p>\n<\/td>\n<td>\n<p align=\"LEFT\">Pery Thadeu Oliveira Falc\u00f3n \u2013 Centro de Estudos Victor Meyer (BA)<\/p>\n<\/td>\n<\/tr>\n<tr>\n<td width=\"50\">\n<p align=\"CENTER\">176<\/p>\n<\/td>\n<td>\n<p align=\"LEFT\">P\u00f3lo de Renascimento Comunista Franc\u00eas (PRCF)<\/p>\n<\/td>\n<\/tr>\n<tr>\n<td width=\"50\">\n<p align=\"CENTER\">177<\/p>\n<\/td>\n<td>\n<p align=\"LEFT\">Raymundo Araujo \u2013 m\u00e9dico veterin\u00e1rio homeopata (RJ)<\/p>\n<\/td>\n<\/tr>\n<tr>\n<td width=\"50\">\n<p align=\"CENTER\">178<\/p>\n<\/td>\n<td>\n<p align=\"LEFT\">Ricardo Antunes \u2013 soci\u00f3logo (SP)<\/p>\n<\/td>\n<\/tr>\n<tr>\n<td width=\"50\">\n<p align=\"CENTER\">179<\/p>\n<\/td>\n<td>\n<p align=\"LEFT\">Ricardo Gebrim (SP) \u2013 dirigente da Consulta Popular<\/p>\n<\/td>\n<\/tr>\n<tr>\n<td width=\"50\">\n<p align=\"CENTER\">180<\/p>\n<\/td>\n<td>\n<p align=\"LEFT\">Ricardo Moreno \u2013 professor da UNEB e da Revista Dial\u00e9tica (BA)<\/p>\n<\/td>\n<\/tr>\n<tr>\n<td width=\"50\">\n<p align=\"CENTER\">181<\/p>\n<\/td>\n<td>\n<p align=\"LEFT\">Rob\u00e9rio Paulino \u2013 professor da UFRN (RN)<\/p>\n<\/td>\n<\/tr>\n<tr>\n<td width=\"50\">\n<p align=\"CENTER\">182<\/p>\n<\/td>\n<td>\n<p align=\"LEFT\">Roberto Leher \u2013 professor da UFRJ (RJ)<\/p>\n<\/td>\n<\/tr>\n<tr>\n<td width=\"50\">\n<p align=\"CENTER\">183<\/p>\n<\/td>\n<td>\n<p align=\"LEFT\">Roberto Morales \u2013 fundador do PSOL \u2013 Brasil (RJ)<\/p>\n<\/td>\n<\/tr>\n<tr>\n<td width=\"50\">\n<p align=\"CENTER\">184<\/p>\n<\/td>\n<td>\n<p align=\"LEFT\">Ronald Barata \u2013 Movimento de Resist\u00eancia Leonel Brizola<\/p>\n<\/td>\n<\/tr>\n<tr>\n<td width=\"50\">\n<p align=\"CENTER\">185<\/p>\n<\/td>\n<td>\n<p align=\"LEFT\">Rondon de Castro \u2013 docente; presidente da SEDUFSM\/Andes \u2013 Santa Maria (RS)<\/p>\n<\/td>\n<\/tr>\n<tr>\n<td width=\"50\">\n<p align=\"CENTER\">186<\/p>\n<\/td>\n<td>\n<p align=\"LEFT\">Rosa Couto \u2013 Secret\u00e1ria da Consulta Popular (SC)<\/p>\n<\/td>\n<\/tr>\n<tr>\n<td width=\"50\">\n<p align=\"CENTER\">187<\/p>\n<\/td>\n<td>\n<p align=\"LEFT\">Rubim Aquino \u2013 professor e historiador (RJ)<\/p>\n<\/td>\n<\/tr>\n<tr>\n<td width=\"50\">\n<p align=\"CENTER\">188<\/p>\n<\/td>\n<td>\n<p align=\"LEFT\">Sandra Quintela \u2013 economista (RJ)<\/p>\n<\/td>\n<\/tr>\n<tr>\n<td width=\"50\">\n<p align=\"CENTER\">189<\/p>\n<\/td>\n<td>\n<p align=\"LEFT\">Sargento Amauri Soares \u2013 Deputado Estadual (SC)<\/p>\n<\/td>\n<\/tr>\n<tr>\n<td width=\"50\">\n<p align=\"CENTER\">190<\/p>\n<\/td>\n<td>\n<p align=\"LEFT\">Serge Goulart \u2013 dire\u00e7\u00e3o nacional do PT, dirigente da CMI &#8211; Corrente Marxista Internacional (SC)<\/p>\n<\/td>\n<\/tr>\n<tr>\n<td width=\"50\">\n<p align=\"CENTER\">191<\/p>\n<\/td>\n<td>\n<p align=\"LEFT\">S\u00e9rgio Caldieri \u2013 jornalista, escritor, 1\u00ba Secret\u00e1rio do Conselho Deliberativo da ABI<\/p>\n<\/td>\n<\/tr>\n<tr>\n<td width=\"50\">\n<p align=\"CENTER\">192<\/p>\n<\/td>\n<td>\n<p align=\"LEFT\">S\u00e9rgio Lessa \u2013 professor da UFAL (AL)<\/p>\n<\/td>\n<\/tr>\n<tr>\n<td width=\"50\">\n<p align=\"CENTER\">193<\/p>\n<\/td>\n<td>\n<p align=\"LEFT\">S\u00e9rgio Miranda \u2013ex Deputado Federal (MG)<\/p>\n<\/td>\n<\/tr>\n<tr>\n<td width=\"50\">\n<p align=\"CENTER\">194<\/p>\n<\/td>\n<td>\n<p align=\"LEFT\">Severino Nascimento (Faust\u00e3o) \u2013 dirigente nacional da CUT (SP)<\/p>\n<\/td>\n<\/tr>\n<tr>\n<td width=\"50\">\n<p align=\"CENTER\">195<\/p>\n<\/td>\n<td>\n<p align=\"LEFT\">Silvana Aparecida de Souza \u2013 professora (PR)<\/p>\n<\/td>\n<\/tr>\n<tr>\n<td width=\"50\">\n<p align=\"CENTER\">196<\/p>\n<\/td>\n<td>\n<p align=\"LEFT\">Sindicato dos Advogados de S\u00e3o Paulo (SP)<\/p>\n<\/td>\n<\/tr>\n<tr>\n<td width=\"50\">\n<p align=\"CENTER\">197<\/p>\n<\/td>\n<td>\n<p align=\"LEFT\">Solange Rodrigues \u2013 jornalista e cineasta (RJ)<\/p>\n<\/td>\n<\/tr>\n<tr>\n<td width=\"50\">\n<p align=\"CENTER\">198<\/p>\n<\/td>\n<td>\n<p align=\"LEFT\">Takao Amano \u2013 advogado (SP)<\/p>\n<\/td>\n<\/tr>\n<tr>\n<td width=\"50\">\n<p align=\"CENTER\">199<\/p>\n<\/td>\n<td>\n<p align=\"LEFT\">Tarcizo de Lira Paes Martins \u2013 professor universit\u00e1rio (PB)<\/p>\n<\/td>\n<\/tr>\n<tr>\n<td width=\"50\">\n<p align=\"CENTER\">200<\/p>\n<\/td>\n<td>\n<p align=\"LEFT\">Tatiana Brettas \u2013 dirigente da Consulta Popular (RJ)<\/p>\n<\/td>\n<\/tr>\n<tr>\n<td width=\"50\">\n<p align=\"CENTER\">201<\/p>\n<\/td>\n<td>\n<p align=\"LEFT\">Uni\u00e3o da Juventude Comunista (UJC)<\/p>\n<\/td>\n<\/tr>\n<tr>\n<td width=\"50\">\n<p align=\"CENTER\">202<\/p>\n<\/td>\n<td>\n<p align=\"LEFT\">Unidade Classista (Brasil)<\/p>\n<\/td>\n<\/tr>\n<tr>\n<td width=\"50\">\n<p align=\"CENTER\">203<\/p>\n<\/td>\n<td>\n<p align=\"LEFT\">Val\u00e9rio Arcary \u2013 professor do IFSP e militante do PSTU (SP)<\/p>\n<\/td>\n<\/tr>\n<tr>\n<td width=\"50\">\n<p align=\"CENTER\">204<\/p>\n<\/td>\n<td>\n<p align=\"LEFT\">Via Campesina \u2013 Brasil<\/p>\n<\/td>\n<\/tr>\n<tr>\n<td width=\"50\">\n<p align=\"CENTER\">205<\/p>\n<\/td>\n<td>\n<p align=\"LEFT\">Victor Leonardo de Araujo \u2013 economista, pesquisador do IPEA (DF)<\/p>\n<\/td>\n<\/tr>\n<tr>\n<td width=\"50\">\n<p align=\"CENTER\">206<\/p>\n<\/td>\n<td>\n<p align=\"LEFT\">Virginia Fontes \u2013 professora e historiadora (RJ)<\/p>\n<\/td>\n<\/tr>\n<tr>\n<td width=\"50\">\n<p align=\"CENTER\">207<\/p>\n<\/td>\n<td>\n<p align=\"LEFT\">Vito Giannotti \u2013 jornalista (RJ)<\/p>\n<\/td>\n<\/tr>\n<tr>\n<td width=\"50\">\n<p align=\"CENTER\">208<\/p>\n<\/td>\n<td>\n<p align=\"LEFT\">Waldemar Rossi \u2013 membro da Coord. da Pastoral Oper\u00e1ria e da Oposi\u00e7\u00e3o Metal\u00fargica de SP<\/p>\n<\/td>\n<\/tr>\n<\/tbody>\n<\/table>\n<hr \/>\n<p><strong>SIONISTAS QUEREM CRIMINALIZAR O PCB E TENTAM NO TRIBUNAL SUPERIOR ELEITORAL A CASSA\u00c7\u00c3O DO REGISTRO DO PARTIDO<\/strong><\/p>\n<p><strong>(Nota Pol\u00edtica do PCB)<\/strong><\/p>\n<p>Fomos informados de que uma entidade chamada CONIB (Confedera\u00e7\u00e3o Israelita do Brasil) teria formalizado, no in\u00edcio deste m\u00eas, representa\u00e7\u00e3o contra o PCB (Partido Comunista Brasileiro), junto ao TSE, alegando pr\u00e1tica de \u201canti-semitismo\u201d, por ter a p\u00e1gina do partido na internet publicado artigo denominado \u201cOs Donos do Sistema: o Poder Oculto; de Onde Nasce a Impunidade de Israel\u201d.<\/p>\n<p>Apesar de ainda n\u00e3o conhecermos os termos da representa\u00e7\u00e3o (n\u00e3o divulgada por esta CONIB), inferimos que sua verdadeira inten\u00e7\u00e3o \u00e9 tentar cassar o registro do PCB, como se isso fosse poss\u00edvel pelas leis brasileiras e como se pudessem calar a voz dos verdadeiros comunistas brasileiros. Nosso partido \u2013 o mais antigo do Brasil, fundado em 1922 &#8211; foi escolhido criteriosamente para esta ofensiva por raz\u00f5es que nos orgulham. Al\u00e9m de lutarmos pela supera\u00e7\u00e3o do capitalismo, praticamos com firmeza e independ\u00eancia o internacionalismo prolet\u00e1rio, a solidariedade a todos os povos em luta contra o imperialismo e o sionismo.<\/p>\n<p>A nosso ver, trata-se de uma a\u00e7\u00e3o pol\u00edtica, muito mais do que jur\u00eddica.<\/p>\n<p>O texto \u00e9 de autoria do jornalista argentino Manuel Freytas, divulgado originalmente num s\u00edtio eletr\u00f4nico antiimperialista de seu pa\u00eds, denominado IAR Not\u00edcias, e reproduzido mundialmente por v\u00e1rios portais progressistas, listados ao final desta nota.<\/p>\n<p>Segundo a ap\u00f3crifa nota publicada pela citada CONIB (<a href=\"http:\/\/www.conib.org.br\/\">www.conib.org.br<\/a>), o artigo divulgado pelo PCB se utiliza <em>\u201cde imagens apelativas, distor\u00e7\u00f5es da realidade e argumentos conspirat\u00f3rios e claramente anti-semitas\u201d<\/em>.<\/p>\n<p>Declara ainda que o artigo revela <em>\u201calto grau de desconhecimento do cen\u00e1rio pol\u00edtico-econ\u00f4mico internacional\u201d<\/em>, por repetir chav\u00f5es da obra <em>\u201cOs Protocolos dos S\u00e1bios de Si\u00e3o, farsa montada pela pol\u00edcia czarista da R\u00fassia, no s\u00e9culo 19\u201d<\/em>. Assim, o PCB \u00e9 acusado de <em>\u201cincentivar a discrimina\u00e7\u00e3o e a prolifera\u00e7\u00e3o da intoler\u00e2ncia religiosa, \u00e9tnica e racial em nosso pa\u00eds\u201d.<\/em><\/p>\n<p>Termina a nota afirmando que a representa\u00e7\u00e3o baseia-se na Lei Org\u00e2nica dos Partidos Pol\u00edticos, com a <em>\u201cfinalidade de evitar que abusos e inverdades desencadeiem preconceitos contra a comunidade judaica brasileira\u201d<\/em>.<\/p>\n<p>Diante deste fato, a Comiss\u00e3o Pol\u00edtica Nacional (CPN) do Comit\u00ea Central do PCB vem a p\u00fablico se pronunciar:<\/p>\n<p>1 \u2013 O PCB n\u00e3o se intimidar\u00e1 diante da press\u00e3o de organiza\u00e7\u00f5es sionistas e de direita e continuar\u00e1 prestando ampla, geral e irrestrita solidariedade ao povo palestino, v\u00edtima da escandalosa impunidade de Israel, tema do artigo considerado ofensivo. Desrespeitando todas as Resolu\u00e7\u00f5es da ONU, o estado assumido como judeu continua ampliando a ocupa\u00e7\u00e3o de territ\u00f3rios dos palestinos, derrubando suas casas, criando o chamado \u201cMuro do Apartheid\u201d , invadindo e cercando a Faixa de Gaza, onde impede a entrada de ajuda humanit\u00e1ria (inclusive alimentos e medicamentos), assassinando e prendendo militantes palestinos, mantendo mais de 11.000 deles em condi\u00e7\u00f5es abjetas em seus c\u00e1rceres. Mais do que isso, continuaremos a denunciar que Israel se transformou numa grande base militar norte-americana no Oriente M\u00e9dio. O pa\u00eds \u00e9 o primeiro destino da ajuda militar estadunidense no mundo e o \u00fanico do Oriente M\u00e9dio a ter direito a armas nucleares, sem permitir a inspe\u00e7\u00e3o internacional que exige de outros pa\u00edses.<\/p>\n<p>2 \u2013 A ofensiva sionista e imperialista contra o PCB se deve tamb\u00e9m ao fato de que nosso Partido empresta e continuar\u00e1 emprestando seu apoio militante aos diversos Comit\u00eas de Solidariedade ao Povo Palestino que se consolidam e se multiplicam pelo Brasil. No nosso portal, este texto foi escolhido aleatoriamente, pois uma simples pesquisa pode verificar que os artigos e informa\u00e7\u00f5es sobre a luta contra o Estado terrorista de Israel se contam \u00e0s centenas, muitos deles mais contundentes que o escolhido pela confedera\u00e7\u00e3o sionista brasileira para tentar intimidar e criminalizar o PCB. Publicamo-lo exatamente h\u00e1 um ano, mas s\u00f3 agora ele \u00e9 \u201cdescoberto\u201d<\/p>\n<p>3 \u2013 \u00c9 significativo que esta atitude intimidat\u00f3ria (que est\u00e1 se dando em v\u00e1rios pa\u00edses) ocorra no exato momento em que as duas maiores organiza\u00e7\u00f5es pol\u00edticas palestinas (Fatah e Hamas) anunciam a retomada de seus entendimentos e o desejo de dividir a responsabilidade pela administra\u00e7\u00e3o dos territ\u00f3rios palestinos, que foram separados arbitrariamente pelas for\u00e7as militares israelenses com o uso da viol\u00eancia e da ocupa\u00e7\u00e3o.<\/p>\n<p>4 \u2013 A unidade dessas duas organiza\u00e7\u00f5es contraria os planos imperialistas de divis\u00e3o sect\u00e1ria entre os palestinos \u2013 exatamente porque cria melhores condi\u00e7\u00f5es para o reconhecimento internacional do Estado Palestino e para uma negocia\u00e7\u00e3o pela paz na regi\u00e3o -, tudo que Israel n\u00e3o deseja, apesar das reiteradas resolu\u00e7\u00f5es da ONU nesse sentido.<\/p>\n<p>5 &#8211; Coincide tamb\u00e9m com a sataniza\u00e7\u00e3o do mundo mu\u00e7ulmano, este sim v\u00edtima de preconceitos e estigmatiza\u00e7\u00e3o, sem que a m\u00eddia burguesa se utilize de express\u00f5es como \u201canti-islamismo\u201d, \u201canti-xiitismo\u201d, \u201canti-sunitismo\u201d etc. Coincide tamb\u00e9m com a proximidade da Assembl\u00e9ia Geral da ONU que, no pr\u00f3ximo m\u00eas de setembro, discutir\u00e1 o reconhecimento do Estado Palestino.<\/p>\n<p>6 &#8211; Coincide tamb\u00e9m com a movimenta\u00e7\u00e3o imperialista para ampliar a agress\u00e3o militar no Norte da \u00c1frica e no Oriente M\u00e9dio, para al\u00e9m do Iraque e do Afeganist\u00e3o. Coincide com a descarada interven\u00e7\u00e3o militar na L\u00edbia, com as provoca\u00e7\u00f5es contra a S\u00edria e o Ir\u00e3, acusados de solid\u00e1rios aos palestinos.<\/p>\n<p>7 &#8211; As declara\u00e7\u00f5es das autoridades israelenses sobre a unidade dessas organiza\u00e7\u00f5es palestinas deixam em evid\u00eancia, inclusive para os que tinham d\u00favidas, que Israel n\u00e3o tem qualquer interesse na paz na regi\u00e3o e muito menos na cria\u00e7\u00e3o do Estado Palestino. Fica claro que o objetivo do sionismo \u00e9 ocupar todo o territ\u00f3rio palestino, atrav\u00e9s dos assentamentos judeus ilegais, transformando o antigo territ\u00f3rio palestino no que chamam de Grande Israel.<\/p>\n<p>8 \u2013 N\u00e3o tememos qualquer processo judicial, porque conhecemos as leis brasileiras, que t\u00eam como cl\u00e1usula p\u00e9trea constitucional o livre direito de express\u00e3o e a proibi\u00e7\u00e3o da censura, que, no fundo, \u00e9 o que intenta a suposta c\u00fapula sionista no Brasil.<\/p>\n<p>9 \u2013 N\u00e3o tememos tamb\u00e9m porque sabemos que teremos a solidariedade firme e militante de centenas de organiza\u00e7\u00f5es pol\u00edticas e sociais e personalidades democr\u00e1ticas, n\u00e3o s\u00f3 do Brasil, mas de todo o mundo, uma vez que se d\u00ea curso \u00e0 representa\u00e7\u00e3o contra o PCB.<\/p>\n<p>10 \u2013 N\u00e3o h\u00e1, em qualquer documento do PCB qualquer intoler\u00e2ncia religiosa, \u00e9tnica e racial contra qualquer povo ou comunidade. Criticar a direita sionista judaica n\u00e3o significa criticar a comunidade judaica que, no Brasil e no mundo, \u00e9 composta tamb\u00e9m por militantes democratas, humanistas e comunistas, que lutam contra o Estado terrorista de Israel e se solidarizam com o povo palestino. O PCB tem uma vasta e orgulhosa tradi\u00e7\u00e3o, desde a sua funda\u00e7\u00e3o at\u00e9 os dias de hoje, de contar com militantes e amigos de origem judaica.<\/p>\n<p>11 &#8211; Os comunistas, em todo o mundo, somos contra qualquer discrimina\u00e7\u00e3o e nacionalismos xen\u00f3fobos, porque lutamos por um mundo de iguais, sem fronteiras, sem Estado, sem for\u00e7as armadas, sem opressores e oprimidos. Nunca apresentamos qualquer cr\u00edtica a qualquer religi\u00e3o, apesar de sermos um partido laico, desde este ponto de vista. Tamb\u00e9m estranhamos a CONIB alegar intoler\u00e2ncia racial, pois acreditamos que todos os povos pertencem \u00e0 ra\u00e7a humana.<\/p>\n<p>12 &#8211; Os comunistas do mundo inteiro tiveram papel decisivo na luta contra o nazi-fascismo que vitimou os judeus, mas tamb\u00e9m a muitos outros povos. O povo russo, dirigido pelo PCUS, foi o que entregou mais vidas em defesa da humanidade.<\/p>\n<p>13 \u2013 O s\u00edtio do PCB na internet \u00e9 um espa\u00e7o de difus\u00e3o n\u00e3o apenas das opini\u00f5es do PCB, mas de outras organiza\u00e7\u00f5es e personalidades com alguma afinidade pol\u00edtica, porque objetiva tamb\u00e9m prestar informa\u00e7\u00e3o e fomentar o debate sobre quest\u00f5es candentes, nacionais e internacionais. Na primeira p\u00e1gina de nosso s\u00edtio na internet (<a href=\"http:\/\/www.pcb.org.br\/\">www.pcb.org.br<\/a>), deixamos claro que:<\/p>\n<p><strong>\u201c<em>S\u00f3 publicamos nesta p\u00e1gina textos que coadunam, no fundamental, com a linha pol\u00edtica do PCB, a crit\u00e9rio dos editores (Secretariado Nacional do CC). Quando n\u00e3o assinados por inst\u00e2ncias do CC, os textos publicados refletem a opini\u00e3o dos autores\u201d.<\/em><\/strong><\/p>\n<p>14 &#8211; Com o texto ora questionado pela central sionista brasileira temos uma identidade pol\u00edtica, na medida em que denuncia a impunidade de Israel, os massacres que comete contra o povo palestino, o seu papel econ\u00f4mico e militar no contexto do imperialismo. Publicamo-lo como um artigo de opini\u00e3o, como contribui\u00e7\u00e3o ao debate, mesmo que algumas das opini\u00f5es ali expostas possam ter car\u00e1ter pol\u00eamico para o PCB e diferir, em alguns aspectos, de nossa an\u00e1lise marxista da luta de classes no \u00e2mbito mundial.<\/p>\n<p>15 \u2013 Por esta raz\u00e3o \u2013 e de forma alguma para fugir de procedimentos judiciais que n\u00e3o tememos at\u00e9 porque s\u00e3o incab\u00edveis \u2013 estamos aqui oficialmente convidando a dire\u00e7\u00e3o da Confedera\u00e7\u00e3o Israelita do Brasil a exercer o direito de resposta, no mesmo meio em que divulgamos o artigo criticado, ou seja, a p\u00e1gina do nosso Partido, no tamanho que julgar conveniente para se contrapor aos argumentos expostos pelo autor do texto \u201cOs Donos do Sistema\u201d. Como certamente o texto da CONIB dever\u00e1 ser uma exce\u00e7\u00e3o ao nosso crit\u00e9rio da afinidade pol\u00edtica, nos reservaremos o direito de public\u00e1-lo com coment\u00e1rios de nosso Partido.<\/p>\n<p>16 \u2013 Este convite, al\u00e9m de democr\u00e1tico, atende \u00e0 preocupa\u00e7\u00e3o da CONIB de que sua finalidade, ao adotar a medida judicial, \u00e9 <em>\u201cevitar que abusos e inverdades desencadeiem preconceitos contra a comunidade judaica brasileira\u201d.<\/em> Portanto, estejam \u00e0 vontade para nos enviar para o nosso endere\u00e7o eletr\u00f4nico a manifesta\u00e7\u00e3o de seu direito de defesa, que ser\u00e1 publicado imediatamente com o mesmo destaque que mereceu o artigo atacado.<\/p>\n<p>17 \u2013 Esperamos tamb\u00e9m que a rec\u00edproca seja verdadeira, ou seja, que a CONIB publique em sua p\u00e1gina a \u00edntegra desta presente nota pol\u00edtica do PCB. Aproveitamos para sugerir que, no mesmo documento que nos mandarem, possamos conhecer suas posi\u00e7\u00f5es em rela\u00e7\u00e3o \u00e0s Resolu\u00e7\u00f5es do \u00faltimo Congresso Nacional do PCB, a respeito do tema, e que transcrevemos aqui na \u00edntegra:<\/p>\n<p>\u201c<em><strong>XIV Congresso Nacional do PCB (outubro de 2009):<\/strong><\/em><\/p>\n<p><em><strong>DECLARA\u00c7\u00c3O DE APOIO \u00c0 CONSTRU\u00c7\u00c3O DO ESTADO PALESTINO DEMOCR\u00c1TICO, POPULAR E LAICO, SOBRE O SOLO P\u00c1TRIO HIST\u00d3RICO:<\/strong><\/em><\/p>\n<p>\u00a0<\/p>\n<p><em>1) Pelo fim imediato da ocupa\u00e7\u00e3o israelense nos territ\u00f3rios tomados em 1967, fazendo valer o inalien\u00e1vel direito \u00e0 autodetermina\u00e7\u00e3o do povo palestino sobre estes territ\u00f3rios;<\/em><\/p>\n<p><em>2) Aplica\u00e7\u00e3o de todas as resolu\u00e7\u00f5es internacionais n\u00e3o acatadas pelo sionismo;<\/em><\/p>\n<p><em>3) Garantia aos refugiados (atualmente, 65% da totalidade do povo palestino) de retorno \u00e0s terras de onde foram expulsos (Resolu\u00e7\u00e3o 194 da ONU);<\/em><\/p>\n<p><em>4) Liberta\u00e7\u00e3o imediata dos cerca de 11.000 prisioneiros, entre eles Ahmad Saadat, Secret\u00e1rio Geral da FPLP, e outros dirigentes da esquerda;<\/em><\/p>\n<p><em>5) Reconstru\u00e7\u00e3o da OLP, ou seja, reconstru\u00e7\u00e3o da unidade pol\u00edtica necess\u00e1ria \u00e0s tarefas que est\u00e3o colocadas para o bravo povo palestino, com garantia de participa\u00e7\u00e3o democr\u00e1tica de todas as for\u00e7as pol\u00edticas representativas dos palestinos;<\/em><\/p>\n<p><em>6) Apoio irrestrito a todas as formas de resist\u00eancia do povo palestino;<\/em><\/p>\n<p><em>7) Destrui\u00e7\u00e3o do muro do apartheid, conforme resolu\u00e7\u00e3o do Tribunal de Haia;<\/em><\/p>\n<p><em>8) Demoli\u00e7\u00e3o e retirada de todos os assentamentos judaicos na Cisjord\u00e2nia\/Jerusal\u00e9m;<\/em><\/p>\n<p><em>9) Fim imediato do bloqueio assassino a Gaza;<\/em><\/p>\n<p><em>10) Pelo fomento de campanha internacional para levar os criminosos de guerra sionistas aos tribunais de justi\u00e7a, dentre os quais, o Tribunal Internacional de Haia. Fomento de campanhas locais, nas cidades brasileiras, para julgamento dos criminosos de guerra em nossos tribunais;<\/em><\/p>\n<p><em>11) Estabelecimento de s\u00f3lida rela\u00e7\u00e3o entre os partidos comunistas irm\u00e3os para concretizar a\u00e7\u00f5es de solidariedade e, em especial, apoio log\u00edstico \u00e0 materializa\u00e7\u00e3o desta luta;<\/em><\/p>\n<p><em>12) Apoio a todas as iniciativas que visem estreitar la\u00e7os entre os partidos da esquerda palestina, em especial a Frente Democr\u00e1tica pela Liberta\u00e7\u00e3o da Palestina (FDLP), a Frente Popular de Liberta\u00e7\u00e3o da Palestina (FPLP), Povo Palestino, em unidade concreta program\u00e1tica e de a\u00e7\u00e3o.<\/em><\/p>\n<p>\u00a0<\/p>\n<p><em>POR UM ESTADO PALESTINO DEMOCR\u00c1TICO, POPULAR, LAICO, SOBRE O SOLO P\u00c1TRIO HIST\u00d3RICO! PELA TOTAL INDEPEND\u00caNCIA E AUTONOMIA DOS TERRIT\u00d3RIOS OCUPADOS EM 1967! PELO RETORNO DOS REFUGIADOS E JERUSAL\u00c9M CAPITAL! LIBERTA\u00c7\u00c3O DE TODOS OS 11.000 PRISIONEIROS PALESTINOS! PELA CONDENA\u00c7\u00c3O INTERNACIONAL DOS CRIMINOSOS DE GUERRA!<\/em>\u201d<\/p>\n<p>18 \u2013 Mas voltando ao artigo que gerou a representa\u00e7\u00e3o, para que suas cr\u00edticas se centrem na contesta\u00e7\u00e3o \u00e0s informa\u00e7\u00f5es ali prestadas, ao inv\u00e9s de se esconderem sob o manto autorit\u00e1rio da acusa\u00e7\u00e3o de \u201canti-semitismo\u201d, sugerimos que releiam o texto, sem sectarismo nem preconceito. Ver\u00e3o que, apesar de pol\u00eamico e contundente, n\u00e3o tem qualquer intoler\u00e2ncia religiosa, \u00e9tnica e muito menos racial, porque os judeus, como todos os povos, s\u00e3o da mesma ra\u00e7a humana.<\/p>\n<p>19 \u2013 O texto, em nenhum momento, atinge o conjunto do povo judeu, mas \u00e0 sua lideran\u00e7a hegem\u00f4nica &#8211; direitista, sionista e terrorista &#8211; deixando claro que nem todos os judeus concordam com seus m\u00e9todos e que h\u00e1 v\u00e1rios intelectuais, organiza\u00e7\u00f5es e militantes judeus que condenam e protestam contra o genoc\u00eddio em Gaza e outras viol\u00eancias do Estado de Israel, o que, ao que tudo indica, n\u00e3o \u00e9 o caso desta CONIB, cuja miss\u00e3o \u00e9 impedir e desvirtuar o debate sobre Israel, com a \u00fanica arma de que disp\u00f5e: um carimbo em que se l\u00ea apenas a express\u00e3o \u201cANTI-SEMITA\u201d.<\/p>\n<p>20 \u2013 O texto faz quest\u00e3o de eximir a religi\u00e3o judaica da viol\u00eancia do Estado de Israel, apesar deste se apresentar como estado judeu. Vejam estas passagens do artigo:<\/p>\n<p>\u201c<em>Israel n\u00e3o invadiu nem perpetrou um genoc\u00eddio militar em Gaza com a religi\u00e3o judia, sen\u00e3o com avi\u00f5es F-16, bombas de r\u00e1cimo, helic\u00f3pteros Apache, tanques, artilharia pesada, barcos, sistemas informatizados, e uma estrat\u00e9gia e um plano de exterm\u00ednio militar em grande escala. Quem questione esse massacre \u00e9 condenado por &#8220;anti-semita&#8221; pelo poder judeu mundial distribu\u00eddo pelo mundo\u201d.<\/em><\/p>\n<p>\u201c<em>O lobby sionista pr\u00f3-israelense n\u00e3o reza nas sinagogas, sen\u00e3o na Catedral de Wall Street: um detalhe a ter em conta, para n\u00e3o confundir a religi\u00e3o com o mito e com o neg\u00f3cio\u201d.<\/em><\/p>\n<p>\u00a0<\/p>\n<p>21 \u2013 Finalmente, apesar de algumas diverg\u00eancias que, como marxistas, possamos ter com aspectos do texto objeto desta pol\u00eamica, assinamos embaixo as seguintes declara\u00e7\u00f5es textuais do autor:<\/p>\n<p>\u201c<em>As campanhas de den\u00fancia de anti-semitismo com as quais Israel e organiza\u00e7\u00f5es judias buscam neutralizar as cr\u00edticas contra o massacre, abordam a quest\u00e3o como se o sionismo judeu (sustent\u00e1culo do Estado de Israel) fosse uma quest\u00e3o &#8220;racial&#8221; ou religiosa, e n\u00e3o um sistema de dom\u00ednio imperial que abarca interativamente o plano econ\u00f4mico, pol\u00edtico, social e cultural, superando a quest\u00e3o da ra\u00e7a ou das cren\u00e7as religiosas\u201d.<\/em><\/p>\n<p>\u201c<em>A esse poder (o lobby sionista internacional), e n\u00e3o ao Estado de Israel, \u00e9 o que temem os presidentes, pol\u00edticos, jornalistas e intelectuais que calam ou deformam diariamente os genoc\u00eddios de Israel no Oriente M\u00e9dio, temerosos de ficarem sepultados em vida, sob a l\u00e1pide do &#8220;anti-semitismo<\/em>&#8220;.<\/p>\n<p>22 &#8211; A CONIB, com seu gesto de censura e de criminaliza\u00e7\u00e3o ao PCB, revela que \u00e9 parte integrante deste lobby. Mas estejam certos que n\u00e3o calar\u00e3o nem sepultar\u00e3o o PCB em vida, tarefa que n\u00e3o foi poss\u00edvel nem para os traidores e nem pelas mais cru\u00e9is ditaduras de direita que marcaram a hist\u00f3ria do nosso Partido, que se confunde com a hist\u00f3ria do Brasil.<\/p>\n<p>Observa\u00e7\u00f5es:<\/p>\n<p><em>1 &#8211; Segundo levantamento feito pela Federa\u00e7\u00e3o \u00c1rabe-Palestina, apenas em 2011, a CIA destinou 120 milh\u00f5es de d\u00f3lares, para financiar o sistema de difama\u00e7\u00e3o da religi\u00e3o isl\u00e2mica no Brasil. A entidade n\u00e3o disp\u00f5e de dados sobre os valores aplicados pelo lobby sionista em nosso pa\u00eds.<\/em><\/p>\n<p><em>2 \u2013 Este e outros artigos de Manuel Freytas s\u00e3o publicados nos seguintes s\u00edtios:<\/em><\/p>\n<p><em>http:\/\/www.resumenlatinoamericano.org\/index.php?option=com_content&amp;task=view&amp;id=1966&amp;Itemid=99999999&amp;lang=es<\/em><\/p>\n<p><em>http:\/\/www.aporrea.org\/actualidad\/n158685.html<\/em><\/p>\n<p><em>http:\/\/colombia.indymedia.org\/news\/2010\/06\/115437.php<\/em><\/p>\n<p><em>http:\/\/www.voltairenet.org\/article165990.html#article165990<\/em><\/p>\n<p><em>http:\/\/cafehistoria.ning.com\/profiles\/blogs\/os-donos-do-sistema-este<\/em><\/p>\n<p><em>http:\/\/port.pravda.ru\/busines\/14-06-2010\/29887-impunidade_israel-0\/<\/em><\/p>\n<p><a href=\"http:\/\/engforum.pravda.ru\/index.php?\/topic\/210736-o-poder-oculto-de-onde-nasce-a-impunidade-de-israel\/\"><em>http:\/\/engforum.pravda.ru\/index.php?\/topic\/210736-o-poder-oculto-de-onde-nasce-a-impunidade-de-israel\/<\/em><\/a><\/p>\n<p><em>http:\/\/www.rebelion.org\/mostrar.php?tipo=5&amp;id=Manuel%20Freytas&amp;inicio=0 )<\/em><\/p>\n<p><em>http:\/\/www.cubadebate.cu\/noticias\/2010\/06\/14\/afirma-la-cruz-roja-que-el-bloqueo-israeli-es-ilegal\/<\/em><\/p>\n<p><em>http:\/\/visionesalternativas.com\/index.php?option=com_deeppockets&amp;task=contShow&amp;id=95278&amp;Itemid=<\/em><\/p>\n<p><em>http:\/\/www.consulvenefunchal.com\/index.php?option=com_content&amp;task=view&amp;id=2698&amp;Itemid=64<\/em><\/p>\n<p><em>http:\/\/alertaroja.net\/index.php\/alertaroja\/2010\/06\/04\/el-poder-oculto-de-donde-nace-la-impunid<\/em><\/p>\n<p><em>http:\/\/xatoo.blogspot.com\/2010\/07\/o-poder-oculto-de-onde-nasce-impunidade.html<\/em><\/p>\n<p><em>http:\/\/www.senadoragloriainesramirez.org\/index.php\/2010\/06\/el-poder-oculto-de-donde-nace-la-impunidad-de-israel\/<\/em><\/p>\n<p><em>http:\/\/radiotrinchera.org\/articulos\/el-poder-oculto-de-donde-nace-la-impunidad-de-israel\/rt\/<\/em><\/p>\n<p><em>http:\/\/www.tinku.org\/content\/view\/504\/6\/<\/em><\/p>\n<p><em>http:\/\/www.elciudadano.cl\/2010\/06\/21\/%C2%BFde-donde-nace-la-impunidad-de-israel\/<\/em><\/p>\n<p><em>http:\/\/www.atinachile.cl\/content\/view\/851974\/LA-INMUNIDIDAD-DE-ISRAEL-Y-EL-PREMIO-NOBEL.html<\/em><\/p>\n<p><em>http:\/\/www.porpalestina.com\/index.php?option=com_content&amp;view=article&amp;id=959:los-duenos-del-sistema&amp;catid=16:artlos&amp;Itemid=27<\/em><\/p>\n<p><em>http:\/\/www.burbuja.info\/inmobiliaria\/temas-calientes\/219139-vittorio-arrigoni-asesinado-por-la-mafia-sionista-3.html<\/em><\/p>\n<p><em>http:\/\/www.infoeducasares.com.ar\/?p=928<\/em><\/p>\n<p><em>http:\/\/noticiaoficial.com\/canales\/aporrea\/el-poder-oculto-de-donde-nace-la-impunidad-de-israel\/<\/em><\/p>\n<p><em>http:\/\/shiandalus.blogspot.com\/2010\/06\/el-poder-oculto-de-donde-nace-la.html<\/em><\/p>\n<p><em>http:\/\/bloguerosrevolucion.ning.com\/profiles\/blogs\/el-poder-oculto-de-donde-nace?xg_source=activity<\/em><\/p>\n<p><em>http:\/\/afrodescendientes.com\/2010\/07\/03\/el-poder-oculto-de-donde-nace-la-impunidad-de-israel-%E2%80%A8por-manuel-freytas\/<\/em><\/p>\n<p><em>http:\/\/estavoz.blogspot.com\/2010\/08\/el-poder-oculto-de-donde-nace-la.html<\/em><\/p>\n<p><em>http:\/\/chicodias.wordpress.com\/2010\/06\/14\/sionismo-um-poder-mundial\/<\/em><\/p>\n<p><em>http:\/\/neovisao.blogspot.com\/2010\/09\/os-donos-do-sistema-o-poder-oculto-de.html<\/em><\/p>\n<p><em>http:\/\/ingoldwetrustt.blogspot.com\/2010\/06\/o-poder-oculto-de-onde-nasce-impunidade.html<\/em><\/p>\n<p><em>http:\/\/agal-gz.org\/blogues\/index.php\/canta\/2010\/06\/13\/os-donos-do-sistema-o-poder-oculto-de-onde-nasce-a-impunidade-de-israel-1<\/em><\/p>\n<p><a href=\"http:\/\/anjaoudemonia.blogspot.com\/2010\/09\/os-homens-por-tras-das-cortinas.html\"><em>http:\/\/anjaoudemonia.blogspot.com\/2010\/09\/os-homens-por-tras-das-cortinas.html<\/em><\/a><\/p>\n<p><em>3 \u2013 Este texto questionado pela CONIB \u00e9 usado como pretexto para o mesmo tipo de a\u00e7\u00e3o intimidat\u00f3ria na Venezuela, num relat\u00f3rio denominado \u201cAntisemitismo en Venezuela\u201d, de autoria de uma organiza\u00e7\u00e3o chamada ADL (Anti-Defamation League), que em portugu\u00eas significa Liga contra a Difama\u00e7\u00e3o. Apesar do nome gen\u00e9rico da entidade, ela s\u00f3 monitora em todo o mundo, para efeito de a\u00e7\u00f5es de intimida\u00e7\u00e3o, o que considera difama\u00e7\u00e3o \u201canti-semita\u201d. Veja a p\u00e1gina 16 do s\u00edtio htpp:\/\/www.adl.org.<\/em><\/p>\n<p><em>4 \u2013 neste momento, Israel est\u00e1 usando os c\u00e9us da Gr\u00e9cia, por autoriza\u00e7\u00e3o do governo \u201csocialista\u201d de turno, para treinar seus pilotos para um poss\u00edvel ataque ao Ir\u00e3, cuja topografia tem as mesmas caracter\u00edsticas do pa\u00eds hel\u00eanico.<\/em><\/p>\n<p><strong>Partido Comunista Brasileiro<\/strong><\/p>\n<p><strong>Comit\u00ea Central<\/strong><\/p>\n<p><strong>Maio de 2011<\/strong><\/p>\n<hr \/>\n<p><strong>SIONISTAS QUEREM CRIMINALIZAR O PCB E TENTAM NO TRIBUNAL SUPERIOR ELEITORAL A CASSA\u00c7\u00c3O DO REGISTRO DO PARTIDO<\/strong><\/p>\n<p><strong>(Nota Pol\u00edtica do PCB)<\/strong><\/p>\n<p>Fomos informados de que uma entidade chamada CONIB (Confedera\u00e7\u00e3o Israelita do Brasil) teria formalizado, no in\u00edcio deste m\u00eas, representa\u00e7\u00e3o contra o PCB (Partido Comunista Brasileiro), junto ao TSE, alegando pr\u00e1tica de \u201canti-semitismo\u201d, por ter a p\u00e1gina do partido na internet publicado artigo denominado \u201cOs Donos do Sistema: o Poder Oculto; de Onde Nasce a Impunidade de Israel\u201d.<\/p>\n<p>Apesar de ainda n\u00e3o conhecermos os termos da representa\u00e7\u00e3o (n\u00e3o divulgada por esta CONIB), inferimos que sua verdadeira inten\u00e7\u00e3o \u00e9 tentar cassar o registro do PCB, como se isso fosse poss\u00edvel pelas leis brasileiras e como se pudessem calar a voz dos verdadeiros comunistas brasileiros. Nosso partido \u2013 o mais antigo do Brasil, fundado em 1922 &#8211; foi escolhido criteriosamente para esta ofensiva por raz\u00f5es que nos orgulham. Al\u00e9m de lutarmos pela supera\u00e7\u00e3o do capitalismo, praticamos com firmeza e independ\u00eancia o internacionalismo prolet\u00e1rio, a solidariedade a todos os povos em luta contra o imperialismo e o sionismo.<\/p>\n<p>A nosso ver, trata-se de uma a\u00e7\u00e3o pol\u00edtica, muito mais do que jur\u00eddica.<\/p>\n<p>O texto \u00e9 de autoria do jornalista argentino Manuel Freytas, divulgado originalmente num s\u00edtio eletr\u00f4nico antiimperialista de seu pa\u00eds, denominado IAR Not\u00edcias, e reproduzido mundialmente por v\u00e1rios portais progressistas, listados ao final desta nota.<\/p>\n<p>Segundo a ap\u00f3crifa nota publicada pela citada CONIB (<a href=\"http:\/\/www.conib.org.br\/\">www.conib.org.br<\/a>), o artigo divulgado pelo PCB se utiliza <em>\u201cde imagens apelativas, distor\u00e7\u00f5es da realidade e argumentos conspirat\u00f3rios e claramente anti-semitas\u201d<\/em>.<\/p>\n<p>Declara ainda que o artigo revela <em>\u201calto grau de desconhecimento do cen\u00e1rio pol\u00edtico-econ\u00f4mico internacional\u201d<\/em>, por repetir chav\u00f5es da obra <em>\u201cOs Protocolos dos S\u00e1bios de Si\u00e3o, farsa montada pela pol\u00edcia czarista da R\u00fassia, no s\u00e9culo 19\u201d<\/em>. Assim, o PCB \u00e9 acusado de <em>\u201cincentivar a discrimina\u00e7\u00e3o e a prolifera\u00e7\u00e3o da intoler\u00e2ncia religiosa, \u00e9tnica e racial em nosso pa\u00eds\u201d.<\/em><\/p>\n<p>Termina a nota afirmando que a representa\u00e7\u00e3o baseia-se na Lei Org\u00e2nica dos Partidos Pol\u00edticos, com a <em>\u201cfinalidade de evitar que abusos e inverdades desencadeiem preconceitos contra a comunidade judaica brasileira\u201d<\/em>.<\/p>\n<p>Diante deste fato, a Comiss\u00e3o Pol\u00edtica Nacional (CPN) do Comit\u00ea Central do PCB vem a p\u00fablico se pronunciar:<\/p>\n<p>1 \u2013 O PCB n\u00e3o se intimidar\u00e1 diante da press\u00e3o de organiza\u00e7\u00f5es sionistas e de direita e continuar\u00e1 prestando ampla, geral e irrestrita solidariedade ao povo palestino, v\u00edtima da escandalosa impunidade de Israel, tema do artigo considerado ofensivo. Desrespeitando todas as Resolu\u00e7\u00f5es da ONU, o estado assumido como judeu continua ampliando a ocupa\u00e7\u00e3o de territ\u00f3rios dos palestinos, derrubando suas casas, criando o chamado \u201cMuro do Apartheid\u201d , invadindo e cercando a Faixa de Gaza, onde impede a entrada de ajuda humanit\u00e1ria (inclusive alimentos e medicamentos), assassinando e prendendo militantes palestinos, mantendo mais de 11.000 deles em condi\u00e7\u00f5es abjetas em seus c\u00e1rceres. Mais do que isso, continuaremos a denunciar que Israel se transformou numa grande base militar norte-americana no Oriente M\u00e9dio. O pa\u00eds \u00e9 o primeiro destino da ajuda militar estadunidense no mundo e o \u00fanico do Oriente M\u00e9dio a ter direito a armas nucleares, sem permitir a inspe\u00e7\u00e3o internacional que exige de outros pa\u00edses.<\/p>\n<p>2 \u2013 A ofensiva sionista e imperialista contra o PCB se deve tamb\u00e9m ao fato de que nosso Partido empresta e continuar\u00e1 emprestando seu apoio militante aos diversos Comit\u00eas de Solidariedade ao Povo Palestino que se consolidam e se multiplicam pelo Brasil. No nosso portal, este texto foi escolhido aleatoriamente, pois uma simples pesquisa pode verificar que os artigos e informa\u00e7\u00f5es sobre a luta contra o Estado terrorista de Israel se contam \u00e0s centenas, muitos deles mais contundentes que o escolhido pela confedera\u00e7\u00e3o sionista brasileira para tentar intimidar e criminalizar o PCB. Publicamo-lo exatamente h\u00e1 um ano, mas s\u00f3 agora ele \u00e9 \u201cdescoberto\u201d<\/p>\n<p>3 \u2013 \u00c9 significativo que esta atitude intimidat\u00f3ria (que est\u00e1 se dando em v\u00e1rios pa\u00edses) ocorra no exato momento em que as duas maiores organiza\u00e7\u00f5es pol\u00edticas palestinas (Fatah e Hamas) anunciam a retomada de seus entendimentos e o desejo de dividir a responsabilidade pela administra\u00e7\u00e3o dos territ\u00f3rios palestinos, que foram separados arbitrariamente pelas for\u00e7as militares israelenses com o uso da viol\u00eancia e da ocupa\u00e7\u00e3o.<\/p>\n<p>4 \u2013 A unidade dessas duas organiza\u00e7\u00f5es contraria os planos imperialistas de divis\u00e3o sect\u00e1ria entre os palestinos \u2013 exatamente porque cria melhores condi\u00e7\u00f5es para o reconhecimento internacional do Estado Palestino e para uma negocia\u00e7\u00e3o pela paz na regi\u00e3o -, tudo que Israel n\u00e3o deseja, apesar das reiteradas resolu\u00e7\u00f5es da ONU nesse sentido.<\/p>\n<p>5 &#8211; Coincide tamb\u00e9m com a sataniza\u00e7\u00e3o do mundo mu\u00e7ulmano, este sim v\u00edtima de preconceitos e estigmatiza\u00e7\u00e3o, sem que a m\u00eddia burguesa se utilize de express\u00f5es como \u201canti-islamismo\u201d, \u201canti-xiitismo\u201d, \u201canti-sunitismo\u201d etc. Coincide tamb\u00e9m com a proximidade da Assembl\u00e9ia Geral da ONU que, no pr\u00f3ximo m\u00eas de setembro, discutir\u00e1 o reconhecimento do Estado Palestino.<\/p>\n<p>6 &#8211; Coincide tamb\u00e9m com a movimenta\u00e7\u00e3o imperialista para ampliar a agress\u00e3o militar no Norte da \u00c1frica e no Oriente M\u00e9dio, para al\u00e9m do Iraque e do Afeganist\u00e3o. Coincide com a descarada interven\u00e7\u00e3o militar na L\u00edbia, com as provoca\u00e7\u00f5es contra a S\u00edria e o Ir\u00e3, acusados de solid\u00e1rios aos palestinos.<\/p>\n<p>7 &#8211; As declara\u00e7\u00f5es das autoridades israelenses sobre a unidade dessas organiza\u00e7\u00f5es palestinas deixam em evid\u00eancia, inclusive para os que tinham d\u00favidas, que Israel n\u00e3o tem qualquer interesse na paz na regi\u00e3o e muito menos na cria\u00e7\u00e3o do Estado Palestino. Fica claro que o objetivo do sionismo \u00e9 ocupar todo o territ\u00f3rio palestino, atrav\u00e9s dos assentamentos judeus ilegais, transformando o antigo territ\u00f3rio palestino no que chamam de Grande Israel.<\/p>\n<p>8 \u2013 N\u00e3o tememos qualquer processo judicial, porque conhecemos as leis brasileiras, que t\u00eam como cl\u00e1usula p\u00e9trea constitucional o livre direito de express\u00e3o e a proibi\u00e7\u00e3o da censura, que, no fundo, \u00e9 o que intenta a suposta c\u00fapula sionista no Brasil.<\/p>\n<p>9 \u2013 N\u00e3o tememos tamb\u00e9m porque sabemos que teremos a solidariedade firme e militante de centenas de organiza\u00e7\u00f5es pol\u00edticas e sociais e personalidades democr\u00e1ticas, n\u00e3o s\u00f3 do Brasil, mas de todo o mundo, uma vez que se d\u00ea curso \u00e0 representa\u00e7\u00e3o contra o PCB.<\/p>\n<p>10 \u2013 N\u00e3o h\u00e1, em qualquer documento do PCB qualquer intoler\u00e2ncia religiosa, \u00e9tnica e racial contra qualquer povo ou comunidade. Criticar a direita sionista judaica n\u00e3o significa criticar a comunidade judaica que, no Brasil e no mundo, \u00e9 composta tamb\u00e9m por militantes democratas, humanistas e comunistas, que lutam contra o Estado terrorista de Israel e se solidarizam com o povo palestino. O PCB tem uma vasta e orgulhosa tradi\u00e7\u00e3o, desde a sua funda\u00e7\u00e3o at\u00e9 os dias de hoje, de contar com militantes e amigos de origem judaica.<\/p>\n<p>11 &#8211; Os comunistas, em todo o mundo, somos contra qualquer discrimina\u00e7\u00e3o e nacionalismos xen\u00f3fobos, porque lutamos por um mundo de iguais, sem fronteiras, sem Estado, sem for\u00e7as armadas, sem opressores e oprimidos. Nunca apresentamos qualquer cr\u00edtica a qualquer religi\u00e3o, apesar de sermos um partido laico, desde este ponto de vista. Tamb\u00e9m estranhamos a CONIB alegar intoler\u00e2ncia racial, pois acreditamos que todos os povos pertencem \u00e0 ra\u00e7a humana.<\/p>\n<p>12 &#8211; Os comunistas do mundo inteiro tiveram papel decisivo na luta contra o nazi-fascismo que vitimou os judeus, mas tamb\u00e9m a muitos outros povos. O povo russo, dirigido pelo PCUS, foi o que entregou mais vidas em defesa da humanidade.<\/p>\n<p>13 \u2013 O s\u00edtio do PCB na internet \u00e9 um espa\u00e7o de difus\u00e3o n\u00e3o apenas das opini\u00f5es do PCB, mas de outras organiza\u00e7\u00f5es e personalidades com alguma afinidade pol\u00edtica, porque objetiva tamb\u00e9m prestar informa\u00e7\u00e3o e fomentar o debate sobre quest\u00f5es candentes, nacionais e internacionais. Na primeira p\u00e1gina de nosso s\u00edtio na internet (<a href=\"http:\/\/www.pcb.org.br\/\">www.pcb.org.br<\/a>), deixamos claro que:<\/p>\n<p><strong>\u201c<em>S\u00f3 publicamos nesta p\u00e1gina textos que coadunam, no fundamental, com a linha pol\u00edtica do PCB, a crit\u00e9rio dos editores (Secretariado Nacional do CC). Quando n\u00e3o assinados por inst\u00e2ncias do CC, os textos publicados refletem a opini\u00e3o dos autores\u201d.<\/em><\/strong><\/p>\n<p>14 &#8211; Com o texto ora questionado pela central sionista brasileira temos uma identidade pol\u00edtica, na medida em que denuncia a impunidade de Israel, os massacres que comete contra o povo palestino, o seu papel econ\u00f4mico e militar no contexto do imperialismo. Publicamo-lo como um artigo de opini\u00e3o, como contribui\u00e7\u00e3o ao debate, mesmo que algumas das opini\u00f5es ali expostas possam ter car\u00e1ter pol\u00eamico para o PCB e diferir, em alguns aspectos, de nossa an\u00e1lise marxista da luta de classes no \u00e2mbito mundial.<\/p>\n<p>15 \u2013 Por esta raz\u00e3o \u2013 e de forma alguma para fugir de procedimentos judiciais que n\u00e3o tememos at\u00e9 porque s\u00e3o incab\u00edveis \u2013 estamos aqui oficialmente convidando a dire\u00e7\u00e3o da Confedera\u00e7\u00e3o Israelita do Brasil a exercer o direito de resposta, no mesmo meio em que divulgamos o artigo criticado, ou seja, a p\u00e1gina do nosso Partido, no tamanho que julgar conveniente para se contrapor aos argumentos expostos pelo autor do texto \u201cOs Donos do Sistema\u201d. Como certamente o texto da CONIB dever\u00e1 ser uma exce\u00e7\u00e3o ao nosso crit\u00e9rio da afinidade pol\u00edtica, nos reservaremos o direito de public\u00e1-lo com coment\u00e1rios de nosso Partido.<\/p>\n<p>16 \u2013 Este convite, al\u00e9m de democr\u00e1tico, atende \u00e0 preocupa\u00e7\u00e3o da CONIB de que sua finalidade, ao adotar a medida judicial, \u00e9 <em>\u201cevitar que abusos e inverdades desencadeiem preconceitos contra a comunidade judaica brasileira\u201d.<\/em> Portanto, estejam \u00e0 vontade para nos enviar para o nosso endere\u00e7o eletr\u00f4nico a manifesta\u00e7\u00e3o de seu direito de defesa, que ser\u00e1 publicado imediatamente com o mesmo destaque que mereceu o artigo atacado.<\/p>\n<p>17 \u2013 Esperamos tamb\u00e9m que a rec\u00edproca seja verdadeira, ou seja, que a CONIB publique em sua p\u00e1gina a \u00edntegra desta presente nota pol\u00edtica do PCB. Aproveitamos para sugerir que, no mesmo documento que nos mandarem, possamos conhecer suas posi\u00e7\u00f5es em rela\u00e7\u00e3o \u00e0s Resolu\u00e7\u00f5es do \u00faltimo Congresso Nacional do PCB, a respeito do tema, e que transcrevemos aqui na \u00edntegra:<\/p>\n<p>\u201c<em><strong>XIV Congresso Nacional do PCB (outubro de 2009):<\/strong><\/em><\/p>\n<p><em><strong>DECLARA\u00c7\u00c3O DE APOIO \u00c0 CONSTRU\u00c7\u00c3O DO ESTADO PALESTINO DEMOCR\u00c1TICO, POPULAR E LAICO, SOBRE O SOLO P\u00c1TRIO HIST\u00d3RICO:<\/strong><\/em><\/p>\n<p>\u00a0<\/p>\n<p><em>1) Pelo fim imediato da ocupa\u00e7\u00e3o israelense nos territ\u00f3rios tomados em 1967, fazendo valer o inalien\u00e1vel direito \u00e0 autodetermina\u00e7\u00e3o do povo palestino sobre estes territ\u00f3rios;<\/em><\/p>\n<p><em>2) Aplica\u00e7\u00e3o de todas as resolu\u00e7\u00f5es internacionais n\u00e3o acatadas pelo sionismo;<\/em><\/p>\n<p><em>3) Garantia aos refugiados (atualmente, 65% da totalidade do povo palestino) de retorno \u00e0s terras de onde foram expulsos (Resolu\u00e7\u00e3o 194 da ONU);<\/em><\/p>\n<p><em>4) Liberta\u00e7\u00e3o imediata dos cerca de 11.000 prisioneiros, entre eles Ahmad Saadat, Secret\u00e1rio Geral da FPLP, e outros dirigentes da esquerda;<\/em><\/p>\n<p><em>5) Reconstru\u00e7\u00e3o da OLP, ou seja, reconstru\u00e7\u00e3o da unidade pol\u00edtica necess\u00e1ria \u00e0s tarefas que est\u00e3o colocadas para o bravo povo palestino, com garantia de participa\u00e7\u00e3o democr\u00e1tica de todas as for\u00e7as pol\u00edticas representativas dos palestinos;<\/em><\/p>\n<p><em>6) Apoio irrestrito a todas as formas de resist\u00eancia do povo palestino;<\/em><\/p>\n<p><em>7) Destrui\u00e7\u00e3o do muro do apartheid, conforme resolu\u00e7\u00e3o do Tribunal de Haia;<\/em><\/p>\n<p><em>8) Demoli\u00e7\u00e3o e retirada de todos os assentamentos judaicos na Cisjord\u00e2nia\/Jerusal\u00e9m;<\/em><\/p>\n<p><em>9) Fim imediato do bloqueio assassino a Gaza;<\/em><\/p>\n<p><em>10) Pelo fomento de campanha internacional para levar os criminosos de guerra sionistas aos tribunais de justi\u00e7a, dentre os quais, o Tribunal Internacional de Haia. Fomento de campanhas locais, nas cidades brasileiras, para julgamento dos criminosos de guerra em nossos tribunais;<\/em><\/p>\n<p><em>11) Estabelecimento de s\u00f3lida rela\u00e7\u00e3o entre os partidos comunistas irm\u00e3os para concretizar a\u00e7\u00f5es de solidariedade e, em especial, apoio log\u00edstico \u00e0 materializa\u00e7\u00e3o desta luta;<\/em><\/p>\n<p><em>12) Apoio a todas as iniciativas que visem estreitar la\u00e7os entre os partidos da esquerda palestina, em especial a Frente Democr\u00e1tica pela Liberta\u00e7\u00e3o da Palestina (FDLP), a Frente Popular de Liberta\u00e7\u00e3o da Palestina (FPLP), Povo Palestino, em unidade concreta program\u00e1tica e de a\u00e7\u00e3o.<\/em><\/p>\n<p>\u00a0<\/p>\n<p><em>POR UM ESTADO PALESTINO DEMOCR\u00c1TICO, POPULAR, LAICO, SOBRE O SOLO P\u00c1TRIO HIST\u00d3RICO! PELA TOTAL INDEPEND\u00caNCIA E AUTONOMIA DOS TERRIT\u00d3RIOS OCUPADOS EM 1967! PELO RETORNO DOS REFUGIADOS E JERUSAL\u00c9M CAPITAL! LIBERTA\u00c7\u00c3O DE TODOS OS 11.000 PRISIONEIROS PALESTINOS! PELA CONDENA\u00c7\u00c3O INTERNACIONAL DOS CRIMINOSOS DE GUERRA!<\/em>\u201d<\/p>\n<p>18 \u2013 Mas voltando ao artigo que gerou a representa\u00e7\u00e3o, para que suas cr\u00edticas se centrem na contesta\u00e7\u00e3o \u00e0s informa\u00e7\u00f5es ali prestadas, ao inv\u00e9s de se esconderem sob o manto autorit\u00e1rio da acusa\u00e7\u00e3o de \u201canti-semitismo\u201d, sugerimos que releiam o texto, sem sectarismo nem preconceito. Ver\u00e3o que, apesar de pol\u00eamico e contundente, n\u00e3o tem qualquer intoler\u00e2ncia religiosa, \u00e9tnica e muito menos racial, porque os judeus, como todos os povos, s\u00e3o da mesma ra\u00e7a humana.<\/p>\n<p>19 \u2013 O texto, em nenhum momento, atinge o conjunto do povo judeu, mas \u00e0 sua lideran\u00e7a hegem\u00f4nica &#8211; direitista, sionista e terrorista &#8211; deixando claro que nem todos os judeus concordam com seus m\u00e9todos e que h\u00e1 v\u00e1rios intelectuais, organiza\u00e7\u00f5es e militantes judeus que condenam e protestam contra o genoc\u00eddio em Gaza e outras viol\u00eancias do Estado de Israel, o que, ao que tudo indica, n\u00e3o \u00e9 o caso desta CONIB, cuja miss\u00e3o \u00e9 impedir e desvirtuar o debate sobre Israel, com a \u00fanica arma de que disp\u00f5e: um carimbo em que se l\u00ea apenas a express\u00e3o \u201cANTI-SEMITA\u201d.<\/p>\n<p>20 \u2013 O texto faz quest\u00e3o de eximir a religi\u00e3o judaica da viol\u00eancia do Estado de Israel, apesar deste se apresentar como estado judeu. Vejam estas passagens do artigo:<\/p>\n<p>\u201c<em>Israel n\u00e3o invadiu nem perpetrou um genoc\u00eddio militar em Gaza com a religi\u00e3o judia, sen\u00e3o com avi\u00f5es F-16, bombas de r\u00e1cimo, helic\u00f3pteros Apache, tanques, artilharia pesada, barcos, sistemas informatizados, e uma estrat\u00e9gia e um plano de exterm\u00ednio militar em grande escala. Quem questione esse massacre \u00e9 condenado por &#8220;anti-semita&#8221; pelo poder judeu mundial distribu\u00eddo pelo mundo\u201d.<\/em><\/p>\n<p>\u201c<em>O lobby sionista pr\u00f3-israelense n\u00e3o reza nas sinagogas, sen\u00e3o na Catedral de Wall Street: um detalhe a ter em conta, para n\u00e3o confundir a religi\u00e3o com o mito e com o neg\u00f3cio\u201d.<\/em><\/p>\n<p>\u00a0<\/p>\n<p>21 \u2013 Finalmente, apesar de algumas diverg\u00eancias que, como marxistas, possamos ter com aspectos do texto objeto desta pol\u00eamica, assinamos embaixo as seguintes declara\u00e7\u00f5es textuais do autor:<\/p>\n<p>\u201c<em>As campanhas de den\u00fancia de anti-semitismo com as quais Israel e organiza\u00e7\u00f5es judias buscam neutralizar as cr\u00edticas contra o massacre, abordam a quest\u00e3o como se o sionismo judeu (sustent\u00e1culo do Estado de Israel) fosse uma quest\u00e3o &#8220;racial&#8221; ou religiosa, e n\u00e3o um sistema de dom\u00ednio imperial que abarca interativamente o plano econ\u00f4mico, pol\u00edtico, social e cultural, superando a quest\u00e3o da ra\u00e7a ou das cren\u00e7as religiosas\u201d.<\/em><\/p>\n<p>\u201c<em>A esse poder (o lobby sionista internacional), e n\u00e3o ao Estado de Israel, \u00e9 o que temem os presidentes, pol\u00edticos, jornalistas e intelectuais que calam ou deformam diariamente os genoc\u00eddios de Israel no Oriente M\u00e9dio, temerosos de ficarem sepultados em vida, sob a l\u00e1pide do &#8220;anti-semitismo<\/em>&#8220;.<\/p>\n<p>22 &#8211; A CONIB, com seu gesto de censura e de criminaliza\u00e7\u00e3o ao PCB, revela que \u00e9 parte integrante deste lobby. Mas estejam certos que n\u00e3o calar\u00e3o nem sepultar\u00e3o o PCB em vida, tarefa que n\u00e3o foi poss\u00edvel nem para os traidores e nem pelas mais cru\u00e9is ditaduras de direita que marcaram a hist\u00f3ria do nosso Partido, que se confunde com a hist\u00f3ria do Brasil.<\/p>\n<p>Observa\u00e7\u00f5es:<\/p>\n<p><em>1 &#8211; Segundo levantamento feito pela Federa\u00e7\u00e3o \u00c1rabe-Palestina, apenas em 2011, a CIA destinou 120 milh\u00f5es de d\u00f3lares, para financiar o sistema de difama\u00e7\u00e3o da religi\u00e3o isl\u00e2mica no Brasil. A entidade n\u00e3o disp\u00f5e de dados sobre os valores aplicados pelo lobby sionista em nosso pa\u00eds.<\/em><\/p>\n<p><em>2 \u2013 Este e outros artigos de Manuel Freytas s\u00e3o publicados nos seguintes s\u00edtios:<\/em><\/p>\n<p><em>http:\/\/www.resumenlatinoamericano.org\/index.php?option=com_content&amp;task=view&amp;id=1966&amp;Itemid=99999999&amp;lang=es<\/em><\/p>\n<p><em>http:\/\/www.aporrea.org\/actualidad\/n158685.html<\/em><\/p>\n<p><em>http:\/\/colombia.indymedia.org\/news\/2010\/06\/115437.php<\/em><\/p>\n<p><em>http:\/\/www.voltairenet.org\/article165990.html#article165990<\/em><\/p>\n<p><em>http:\/\/cafehistoria.ning.com\/profiles\/blogs\/os-donos-do-sistema-este<\/em><\/p>\n<p><em>http:\/\/port.pravda.ru\/busines\/14-06-2010\/29887-impunidade_israel-0\/<\/em><\/p>\n<p><a href=\"http:\/\/engforum.pravda.ru\/index.php?\/topic\/210736-o-poder-oculto-de-onde-nasce-a-impunidade-de-israel\/\"><em>http:\/\/engforum.pravda.ru\/index.php?\/topic\/210736-o-poder-oculto-de-onde-nasce-a-impunidade-de-israel\/<\/em><\/a><\/p>\n<p><em>http:\/\/www.rebelion.org\/mostrar.php?tipo=5&amp;id=Manuel%20Freytas&amp;inicio=0 )<\/em><\/p>\n<p><em>http:\/\/www.cubadebate.cu\/noticias\/2010\/06\/14\/afirma-la-cruz-roja-que-el-bloqueo-israeli-es-ilegal\/<\/em><\/p>\n<p><em>http:\/\/visionesalternativas.com\/index.php?option=com_deeppockets&amp;task=contShow&amp;id=95278&amp;Itemid=<\/em><\/p>\n<p><em>http:\/\/www.consulvenefunchal.com\/index.php?option=com_content&amp;task=view&amp;id=2698&amp;Itemid=64<\/em><\/p>\n<p><em>http:\/\/alertaroja.net\/index.php\/alertaroja\/2010\/06\/04\/el-poder-oculto-de-donde-nace-la-impunid<\/em><\/p>\n<p><em>http:\/\/xatoo.blogspot.com\/2010\/07\/o-poder-oculto-de-onde-nasce-impunidade.html<\/em><\/p>\n<p><em>http:\/\/www.senadoragloriainesramirez.org\/index.php\/2010\/06\/el-poder-oculto-de-donde-nace-la-impunidad-de-israel\/<\/em><\/p>\n<p><em>http:\/\/radiotrinchera.org\/articulos\/el-poder-oculto-de-donde-nace-la-impunidad-de-israel\/rt\/<\/em><\/p>\n<p><em>http:\/\/www.tinku.org\/content\/view\/504\/6\/<\/em><\/p>\n<p><em>http:\/\/www.elciudadano.cl\/2010\/06\/21\/%C2%BFde-donde-nace-la-impunidad-de-israel\/<\/em><\/p>\n<p><em>http:\/\/www.atinachile.cl\/content\/view\/851974\/LA-INMUNIDIDAD-DE-ISRAEL-Y-EL-PREMIO-NOBEL.html<\/em><\/p>\n<p><em>http:\/\/www.porpalestina.com\/index.php?option=com_content&amp;view=article&amp;id=959:los-duenos-del-sistema&amp;catid=16:artlos&amp;Itemid=27<\/em><\/p>\n<p><em>http:\/\/www.burbuja.info\/inmobiliaria\/temas-calientes\/219139-vittorio-arrigoni-asesinado-por-la-mafia-sionista-3.html<\/em><\/p>\n<p><em>http:\/\/www.infoeducasares.com.ar\/?p=928<\/em><\/p>\n<p><em>http:\/\/noticiaoficial.com\/canales\/aporrea\/el-poder-oculto-de-donde-nace-la-impunidad-de-israel\/<\/em><\/p>\n<p><em>http:\/\/shiandalus.blogspot.com\/2010\/06\/el-poder-oculto-de-donde-nace-la.html<\/em><\/p>\n<p><em>http:\/\/bloguerosrevolucion.ning.com\/profiles\/blogs\/el-poder-oculto-de-donde-nace?xg_source=activity<\/em><\/p>\n<p><em>http:\/\/afrodescendientes.com\/2010\/07\/03\/el-poder-oculto-de-donde-nace-la-impunidad-de-israel-%E2%80%A8por-manuel-freytas\/<\/em><\/p>\n<p><em>http:\/\/estavoz.blogspot.com\/2010\/08\/el-poder-oculto-de-donde-nace-la.html<\/em><\/p>\n<p><em>http:\/\/chicodias.wordpress.com\/2010\/06\/14\/sionismo-um-poder-mundial\/<\/em><\/p>\n<p><em>http:\/\/neovisao.blogspot.com\/2010\/09\/os-donos-do-sistema-o-poder-oculto-de.html<\/em><\/p>\n<p><em>http:\/\/ingoldwetrustt.blogspot.com\/2010\/06\/o-poder-oculto-de-onde-nasce-impunidade.html<\/em><\/p>\n<p><em>http:\/\/agal-gz.org\/blogues\/index.php\/canta\/2010\/06\/13\/os-donos-do-sistema-o-poder-oculto-de-onde-nasce-a-impunidade-de-israel-1<\/em><\/p>\n<p><a href=\"http:\/\/anjaoudemonia.blogspot.com\/2010\/09\/os-homens-por-tras-das-cortinas.html\"><em>http:\/\/anjaoudemonia.blogspot.com\/2010\/09\/os-homens-por-tras-das-cortinas.html<\/em><\/a><\/p>\n<p><em>3 \u2013 Este texto questionado pela CONIB \u00e9 usado como pretexto para o mesmo tipo de a\u00e7\u00e3o intimidat\u00f3ria na Venezuela, num relat\u00f3rio denominado \u201cAntisemitismo en Venezuela\u201d, de autoria de uma organiza\u00e7\u00e3o chamada ADL (Anti-Defamation League), que em portugu\u00eas significa Liga contra a Difama\u00e7\u00e3o. Apesar do nome gen\u00e9rico da entidade, ela s\u00f3 monitora em todo o mundo, para efeito de a\u00e7\u00f5es de intimida\u00e7\u00e3o, o que considera difama\u00e7\u00e3o \u201canti-semita\u201d. Veja a p\u00e1gina 16 do s\u00edtio htpp:\/\/www.adl.org.<\/em><\/p>\n<p><em>4 \u2013 neste momento, Israel est\u00e1 usando os c\u00e9us da Gr\u00e9cia, por autoriza\u00e7\u00e3o do governo \u201csocialista\u201d de turno, para treinar seus pilotos para um poss\u00edvel ataque ao Ir\u00e3, cuja topografia tem as mesmas caracter\u00edsticas do pa\u00eds hel\u00eanico.<\/em><\/p>\n<p><strong>Partido Comunista Brasileiro<\/strong><\/p>\n<p><strong>Comit\u00ea Central<\/strong><\/p>\n<p><strong>Maio de 2011<\/strong><\/p>\n","protected":false},"excerpt":{"rendered":"\n\n\nCr\u00e9dito: PCB\n\n\n\n\n\n\n\n\n\n<a class=\"moretag\" href=\"https:\/\/pcb.org.br\/portal2\/1658\"> <\/a>","protected":false},"author":1,"featured_media":0,"comment_status":"open","ping_status":"open","sticky":false,"template":"","format":"standard","meta":{"jetpack_post_was_ever_published":false,"_jetpack_newsletter_access":"","_jetpack_dont_email_post_to_subs":false,"_jetpack_newsletter_tier_id":0,"_jetpack_memberships_contains_paywalled_content":false,"_jetpack_memberships_contains_paid_content":false,"footnotes":"","jetpack_publicize_message":"","jetpack_publicize_feature_enabled":true,"jetpack_social_post_already_shared":false,"jetpack_social_options":{"image_generator_settings":{"template":"highway","default_image_id":0,"font":"","enabled":false},"version":2}},"categories":[71],"tags":[],"class_list":["post-1658","post","type-post","status-publish","format-standard","hentry","category-c84-solidariedade"],"jetpack_publicize_connections":[],"jetpack_featured_media_url":"","jetpack_shortlink":"https:\/\/wp.me\/p659gw-qK","jetpack-related-posts":[],"jetpack_likes_enabled":true,"jetpack_sharing_enabled":true,"_links":{"self":[{"href":"https:\/\/pcb.org.br\/portal2\/wp-json\/wp\/v2\/posts\/1658","targetHints":{"allow":["GET"]}}],"collection":[{"href":"https:\/\/pcb.org.br\/portal2\/wp-json\/wp\/v2\/posts"}],"about":[{"href":"https:\/\/pcb.org.br\/portal2\/wp-json\/wp\/v2\/types\/post"}],"author":[{"embeddable":true,"href":"https:\/\/pcb.org.br\/portal2\/wp-json\/wp\/v2\/users\/1"}],"replies":[{"embeddable":true,"href":"https:\/\/pcb.org.br\/portal2\/wp-json\/wp\/v2\/comments?post=1658"}],"version-history":[{"count":0,"href":"https:\/\/pcb.org.br\/portal2\/wp-json\/wp\/v2\/posts\/1658\/revisions"}],"wp:attachment":[{"href":"https:\/\/pcb.org.br\/portal2\/wp-json\/wp\/v2\/media?parent=1658"}],"wp:term":[{"taxonomy":"category","embeddable":true,"href":"https:\/\/pcb.org.br\/portal2\/wp-json\/wp\/v2\/categories?post=1658"},{"taxonomy":"post_tag","embeddable":true,"href":"https:\/\/pcb.org.br\/portal2\/wp-json\/wp\/v2\/tags?post=1658"}],"curies":[{"name":"wp","href":"https:\/\/api.w.org\/{rel}","templated":true}]}}