{"id":1660,"date":"2011-07-14T03:49:44","date_gmt":"2011-07-14T03:49:44","guid":{"rendered":"http:\/\/pcb.org.br\/portal2\/?p=1660"},"modified":"2011-07-14T03:49:44","modified_gmt":"2011-07-14T03:49:44","slug":"povo-de-nova-friburgo-vai-as-ruas-protestar-contra-seis-meses-de-descaso","status":"publish","type":"post","link":"https:\/\/pcb.org.br\/portal2\/1660","title":{"rendered":"POVO DE NOVA FRIBURGO VAI \u00c0S RUAS PROTESTAR CONTRA SEIS MESES DE DESCASO!"},"content":{"rendered":"\n<p>Ap\u00f3s seis meses da cat\u00e1strofe que se abateu sobre Nova Friburgo e a Regi\u00e3o Serrana, o quadro continua desolador para a popula\u00e7\u00e3o. Os governos de Dermeval Neto (PMDB), S\u00e9rgio Cabral (PMDB) e Dilma (PT-PMDB) tratam com descaso e enrola\u00e7\u00e3o os graves problemas do povo, principalmente nos bairros mais pobres.<\/p>\n<p>As \u00fanicas not\u00edcias sobre a cidade veiculadas atualmente na grande imprensa destacam as den\u00fancias envolvendo suspeitas de corrup\u00e7\u00e3o e irregularidades na aplica\u00e7\u00e3o de cerca de R$ 20 milh\u00f5es, utilizados t\u00e3o somente para a limpeza e desobstru\u00e7\u00e3o emergencial das vias p\u00fablicas.<\/p>\n<p>Bairros inteiros continuam devastados, e centenas de pessoas est\u00e3o desabrigadas. Pedras amea\u00e7am rolar sobre casas e comunidades inteiras. Mais de 2.000 fam\u00edlias que se cadastraram para o aluguel social nada receberam at\u00e9 agora.<\/p>\n<p>Foi feita apenas uma maquiagem no centro da cidade. Nenhuma obra de conten\u00e7\u00e3o foi realizada nas encostas dos morros. Nenhuma casa foi constru\u00edda. Na promessa de verbas para a reconstru\u00e7\u00e3o deixaram de fora as maiores localidades, como Conselheiro Paulino, onde a prioridade \u00e9 a absurda remodelagem da pra\u00e7a! No bairro de C\u00f3rrego Dantas, os moradores organizados conseguiram impedir que o dinheiro das obras fosse destinado \u00e0 recupera\u00e7\u00e3o de um condom\u00ednio de luxo.<\/p>\n<p>S\u00f3 houve mudan\u00e7a para pior: o Prefeito e a FAOL (1) nos deram de presente o aumento da passagem mais cara do Brasil. R$ 2,60 \u00e9 roubo! Os \u00f4nibus andam lotados, caindo aos peda\u00e7os, quebrando a toda hora e deixando a popula\u00e7\u00e3o esperando irada nos pontos, al\u00e9m de motoristas e trocadores estarem trabalhando muito mais, com sal\u00e1rios arrochados.<\/p>\n<p>O F\u00f3rum Sindical e Popular de Nova Friburgo organizou manifesta\u00e7\u00e3o de protesto no dia <strong>12 de julho<\/strong>, quando se completaram seis meses da trag\u00e9dia. Centenas de pessoas ocuparam a pra\u00e7a e a avenida principal da cidade para cobrar a solu\u00e7\u00e3o imediata dos problemas dos moradores e trabalhadores friburguenses. Exigindo dignidade, moradia e trabalho, representantes dos sindicatos de trabalhadores, associa\u00e7\u00f5es de moradores, partidos de esquerda (PCB, PSTU e PSOL) e outras entidades externaram sua revolta com o desgoverno municipal e demonstraram disposi\u00e7\u00e3o de continuar a mobiliza\u00e7\u00e3o permanente pela reconstru\u00e7\u00e3o de Nova Friburgo em novas bases, no caminho de uma alternativa anticapitalista e na defesa do Poder Popular.<\/p>\n<p><strong>O F\u00f3rum Sindical e Popular de Nova Friburgo \u00e9 formado pelas seguintes entidades: <\/strong>COMAMOR (Conselho Municipal das Associa\u00e7\u00f5es de Moradores), Sindicato dos Trabalhadores T\u00eaxteis, Metal\u00fargicos, Constru\u00e7\u00e3o Civil, Vestu\u00e1rio, Com\u00e9rcio, Hoteleiros, Banc\u00e1rios, Qu\u00edmicos, Marceneiros, Sindsprev, Sinpro, SEPE, Movimento Educacionista, Associa\u00e7\u00e3o de Docentes da FFSD, CSP\/Conlutas, Intersindical, PSOL, PCB, PSTU, UJC, Grupo de Artes \u201cTheatro D.Eug\u00eania\u201d, Vereadores Professor Pierre (PDT) e Claudio Dami\u00e3o (PT)<\/p>\n<p>1. Monop\u00f3lio dos transportes coletivos em Nova Friburgo.<\/p>\n<p>*Ricardo Costa (membro do CC) fala na manifesta\u00e7\u00e3o<\/p>\n","protected":false},"excerpt":{"rendered":"\n\n\nCr\u00e9dito: Ricardo Costa*\n\n\n\n\n\n\n\n\nNova Friburgo\n<a class=\"moretag\" href=\"https:\/\/pcb.org.br\/portal2\/1660\"> <\/a>","protected":false},"author":1,"featured_media":0,"comment_status":"open","ping_status":"open","sticky":false,"template":"","format":"standard","meta":{"jetpack_post_was_ever_published":false,"_jetpack_newsletter_access":"","_jetpack_dont_email_post_to_subs":false,"_jetpack_newsletter_tier_id":0,"_jetpack_memberships_contains_paywalled_content":false,"_jetpack_memberships_contains_paid_content":false,"footnotes":"","jetpack_publicize_message":"","jetpack_publicize_feature_enabled":true,"jetpack_social_post_already_shared":false,"jetpack_social_options":{"image_generator_settings":{"template":"highway","default_image_id":0,"font":"","enabled":false},"version":2}},"categories":[20],"tags":[],"class_list":["post-1660","post","type-post","status-publish","format-standard","hentry","category-c1-popular"],"jetpack_publicize_connections":[],"jetpack_featured_media_url":"","jetpack_shortlink":"https:\/\/wp.me\/p659gw-qM","jetpack-related-posts":[],"jetpack_likes_enabled":true,"jetpack_sharing_enabled":true,"_links":{"self":[{"href":"https:\/\/pcb.org.br\/portal2\/wp-json\/wp\/v2\/posts\/1660","targetHints":{"allow":["GET"]}}],"collection":[{"href":"https:\/\/pcb.org.br\/portal2\/wp-json\/wp\/v2\/posts"}],"about":[{"href":"https:\/\/pcb.org.br\/portal2\/wp-json\/wp\/v2\/types\/post"}],"author":[{"embeddable":true,"href":"https:\/\/pcb.org.br\/portal2\/wp-json\/wp\/v2\/users\/1"}],"replies":[{"embeddable":true,"href":"https:\/\/pcb.org.br\/portal2\/wp-json\/wp\/v2\/comments?post=1660"}],"version-history":[{"count":0,"href":"https:\/\/pcb.org.br\/portal2\/wp-json\/wp\/v2\/posts\/1660\/revisions"}],"wp:attachment":[{"href":"https:\/\/pcb.org.br\/portal2\/wp-json\/wp\/v2\/media?parent=1660"}],"wp:term":[{"taxonomy":"category","embeddable":true,"href":"https:\/\/pcb.org.br\/portal2\/wp-json\/wp\/v2\/categories?post=1660"},{"taxonomy":"post_tag","embeddable":true,"href":"https:\/\/pcb.org.br\/portal2\/wp-json\/wp\/v2\/tags?post=1660"}],"curies":[{"name":"wp","href":"https:\/\/api.w.org\/{rel}","templated":true}]}}