{"id":16643,"date":"2017-10-17T15:21:48","date_gmt":"2017-10-17T18:21:48","guid":{"rendered":"https:\/\/pcb.org.br\/portal2\/?p=16643"},"modified":"2017-10-18T12:20:43","modified_gmt":"2017-10-18T15:20:43","slug":"nota-de-repudio-contra-os-golpes-da-bancada-ruralista","status":"publish","type":"post","link":"https:\/\/pcb.org.br\/portal2\/16643","title":{"rendered":"Nota de rep\u00fadio contra os golpes da bancada ruralista"},"content":{"rendered":"<p><img decoding=\"async\" class=\"imagem\" title=\"imagem\" src=\"https:\/\/i0.wp.com\/apib.info\/files\/2017\/01\/191_1080x810_773900888_900x675-900x675.jpg\" alt=\"imagem\" \/><!--more--><\/p>\n<p>\u201cN\u00e3o legitimamos mais nenhuma uma ofensiva contra os direitos ind\u00edgenas\u201d<\/p>\n<p>O INSTITUTO RAONI, entidade representativa de 3.100 ind\u00edgenas, das etnias Mebengokr\u00ea, Tapayuna, Truma\u00ed, Panar\u00e1 e Juruna, residentes nas Terras Ind\u00edgenas Kapot\/Jarin\u00e3, Menkragnoti, Panar\u00e1 e Terra de Ocupa\u00e7\u00e3o Tradicional Kapotnhinore, localizados no norte do Estado de Mato Grosso e sul do Par\u00e1, nesse ato representados por diversas lideran\u00e7as ind\u00edgenas, tendo \u00e0 frente o CACIQUE RAONI, vem a p\u00fablico manifestar seu rep\u00fadio a proposta de deputados federais da bancada ruralista de realizar o \u201cEncontro nacional da agricultura ind\u00edgena\u201d, no \u00e2mbito da Comiss\u00e3o de Agricultura, Abastecimento e Pecu\u00e1ria da C\u00e2mara dos Deputados e de uma audi\u00eancia p\u00fablica para supostamente \u201cdebater a produ\u00e7\u00e3o agr\u00edcola ind\u00edgena\u201d.<\/p>\n<p>Sabemos os reais objetivos da audi\u00eancia e as inten\u00e7\u00f5es dos deputados Valdir Colatto, Alceu Moreira, Tereza Cristina e do l\u00edder dessa proposta, o deputado federal Nilson Leit\u00e3o (PSDB\/MT), que \u00e9 o Presidente da Frente Parlamentar da Agropecu\u00e1ria e com uma longa ficha de propostas que atentam contra os direitos ind\u00edgenas. Como muito bem citado na CARTA DE REP\u00daDIO feita pela ATIX, o\u00a0 deputado presidiu a comiss\u00e3o especial da PEC 215, que prop\u00f5e passar para o legislativo o poder de decidir sobre as demarca\u00e7\u00f5es de terras ind\u00edgenas com a clara finalidade de frear o reconhecimento dos territ\u00f3rios tradicionais dos povos ind\u00edgenas; foi relator da CPI da FUNAI-INCRA, que prop\u00f5e a criminaliza\u00e7\u00e3o de antrop\u00f3logos, indigenistas e organiza\u00e7\u00f5es parceiras dos ind\u00edgenas e de ind\u00edgenas, chegando a propor a extin\u00e7\u00e3o da FUNAI;\u00a0 vice-presidente da comiss\u00e3o especial que analisa o PL 1610\/96 que pretende liberar as terras ind\u00edgenas para a explora\u00e7\u00e3o mineral; por fim, Nilson Leit\u00e3o est\u00e1 sendo investigado pelo Minist\u00e9rio P\u00fablico Federal por suspeita de incentivar fazendeiros a invadirem a TI Mar\u00e3iwats\u00e9d\u00e9 do povo Xavante no Mato Grosso.<\/p>\n<p>As atitudes do deputado federal Nilson Leit\u00e3o provam que o mesmo n\u00e3o est\u00e1 disposto a dialogar e a respeitar a voz e o direito dos povos ind\u00edgenas. Sua inten\u00e7\u00e3o \u00e9 validar as propostas do agroneg\u00f3cio e do setor miner\u00e1rio para a explora\u00e7\u00e3o econ\u00f4mica em terras ind\u00edgenas. Se o \u2018poder legislativo est\u00e1 realmente preocupado com a situa\u00e7\u00e3o ind\u00edgena no Brasil, que ent\u00e3o respeite e cumpra os direitos ind\u00edgenas assegurados na Constitui\u00e7\u00e3o Federal de 1988.<\/p>\n<p>Aproveitamos a oportunidade para informar a todos que SIM, n\u00f3s produzimos em nossas terras, produzimos nossos alimentos atrav\u00e9s de nossas ro\u00e7as tradicionais, utilizamos nossos rios para nos deslocar dentro dos nossos territ\u00f3rios e das nossas florestas para obter nossas ca\u00e7as\/alimentos, al\u00e9m de realizar coleta de produtos da biodiversidade, como sementes de cumaru, pequi, \u00f3leo de copa\u00edba, coleta de rem\u00e9dios tradicionais e de mataria prima para produ\u00e7\u00e3o de nossos artesanatos tradicionais. E que para isso, n\u00e3o necessitamos destruir nossas riquezas naturais.<\/p>\n<p>Como dito, em depoimento, Nilson Leit\u00e3o revela: \u201cN\u00f3s aprovamos na Comiss\u00e3o de Agricultura um requerimento de Audi\u00eancia P\u00fablica, foi por unanimidade, para fazermos o 1\u00ba Encontro nacional da agricultura ind\u00edgena. N\u00f3s vamos debater, vamos trazer as lideran\u00e7as ind\u00edgenas a Bras\u00edlia, para debater a produ\u00e7\u00e3o nas \u00e1reas ind\u00edgenas pelos \u00edndios, o direito deles de explorarem as suas terras, mas tamb\u00e9m muitas aldeias ind\u00edgenas est\u00e3o em cima de jazidas de min\u00e9rio, da esmeralda, do ouro e da prata. Muita gente enriquecendo com isso, menos o \u00edndio. Ent\u00e3o, esse encontro nacional da agricultura ind\u00edgena que ocorrer\u00e1 no m\u00eas de outubro, pela Comiss\u00e3o de Agricultura desta Casa, pela Frente Parlamentar Agropecu\u00e1ria, debatendo com todas as lideran\u00e7as ind\u00edgenas do Brasil, com as Universidades, com a Embrapa, com as organiza\u00e7\u00f5es sociais e com os deputados de todos os partidos\u2026\u201d. Deixamos bem claro que em nossas terras n\u00e3o exploramos e n\u00e3o permitiremos a explora\u00e7\u00e3o de nenhum recurso natural, que n\u00e3o seja de forma sustent\u00e1vel. Queremos manter nossos territ\u00f3rios para manter nossa cultura e nosso modo de vida. Nosso futuro depende do nosso territ\u00f3rio, livre de invasores e de parlamentares com opini\u00f5es e atitudes contr\u00e1rias e que infere aos direitos ind\u00edgenas.<\/p>\n<p>Colider-MT, 11 de outubro de 2017.<br \/>\nInstituto Raoni \u2013 IR<\/p>\n<p>http:\/\/apib.info\/2017\/09\/28\/nota-de-repudio-contra-os-golpes-da-bancada-ruralista-nao-ao-suposto-encontro-nacional-da-agricultura-indigena\/<\/p>\n","protected":false},"excerpt":{"rendered":"<a class=\"moretag\" href=\"https:\/\/pcb.org.br\/portal2\/16643\"> <\/a>","protected":false},"author":1,"featured_media":0,"comment_status":"closed","ping_status":"closed","sticky":false,"template":"","format":"standard","meta":{"jetpack_post_was_ever_published":false,"_jetpack_newsletter_access":"","_jetpack_dont_email_post_to_subs":false,"_jetpack_newsletter_tier_id":0,"_jetpack_memberships_contains_paywalled_content":false,"_jetpack_memberships_contains_paid_content":false,"footnotes":"","jetpack_publicize_message":"","jetpack_publicize_feature_enabled":true,"jetpack_social_post_already_shared":true,"jetpack_social_options":{"image_generator_settings":{"template":"highway","default_image_id":0,"font":"","enabled":false},"version":2}},"categories":[190,163,81],"tags":[233],"class_list":["post-16643","post","type-post","status-publish","format-standard","hentry","category-fora-temer","category-movimento-indigena","category-c94-ruralistas","tag-6a"],"jetpack_publicize_connections":[],"jetpack_featured_media_url":"","jetpack_shortlink":"https:\/\/wp.me\/p659gw-4kr","jetpack-related-posts":[],"jetpack_likes_enabled":true,"jetpack_sharing_enabled":true,"_links":{"self":[{"href":"https:\/\/pcb.org.br\/portal2\/wp-json\/wp\/v2\/posts\/16643","targetHints":{"allow":["GET"]}}],"collection":[{"href":"https:\/\/pcb.org.br\/portal2\/wp-json\/wp\/v2\/posts"}],"about":[{"href":"https:\/\/pcb.org.br\/portal2\/wp-json\/wp\/v2\/types\/post"}],"author":[{"embeddable":true,"href":"https:\/\/pcb.org.br\/portal2\/wp-json\/wp\/v2\/users\/1"}],"replies":[{"embeddable":true,"href":"https:\/\/pcb.org.br\/portal2\/wp-json\/wp\/v2\/comments?post=16643"}],"version-history":[{"count":0,"href":"https:\/\/pcb.org.br\/portal2\/wp-json\/wp\/v2\/posts\/16643\/revisions"}],"wp:attachment":[{"href":"https:\/\/pcb.org.br\/portal2\/wp-json\/wp\/v2\/media?parent=16643"}],"wp:term":[{"taxonomy":"category","embeddable":true,"href":"https:\/\/pcb.org.br\/portal2\/wp-json\/wp\/v2\/categories?post=16643"},{"taxonomy":"post_tag","embeddable":true,"href":"https:\/\/pcb.org.br\/portal2\/wp-json\/wp\/v2\/tags?post=16643"}],"curies":[{"name":"wp","href":"https:\/\/api.w.org\/{rel}","templated":true}]}}