{"id":16740,"date":"2017-10-24T12:44:53","date_gmt":"2017-10-24T15:44:53","guid":{"rendered":"https:\/\/pcb.org.br\/portal2\/?p=16740"},"modified":"2017-10-24T12:44:53","modified_gmt":"2017-10-24T15:44:53","slug":"maioria-do-povo-venezuelano-aprova-modelo-socialista","status":"publish","type":"post","link":"https:\/\/pcb.org.br\/portal2\/16740","title":{"rendered":"Maioria do povo venezuelano aprova modelo socialista"},"content":{"rendered":"<p><img data-recalc-dims=\"1\" decoding=\"async\" class=\"imagem\" title=\"imagem\" src=\"https:\/\/i0.wp.com\/gz.diarioliberdade.org\/media\/k2\/items\/cache\/8ab88eacb095e3d0ddcd5104027db5bc_L.jpg?w=747&#038;ssl=1\" alt=\"imagem\" \/><!--more-->A maioria dos venezuelanos apoia o desenvolvimento de um modelo econ\u00f4mico produtivo socialista que englobe empresas do Estado, privadas e de propriedade social, revela a mais recente pesquisa Monitor Pa\u00eds, realizada pelo Instituto Hinterlaces.<\/p>\n<p>A informa\u00e7\u00e3o \u00e9 do jornalista Jos\u00e9 Vicente Rangel, durante seu programa Jos\u00e9 Vicente Hoy, que transmite Televen aos domingos.<\/p>\n<p>A pesquisa, realizada entre os dias 15 de setembro e 3 de outubro em todo o pa\u00eds, perguntou a popula\u00e7\u00e3o se o governo nacional deveria mudar o modelo econ\u00f4mico socialista por um capitalista. Para 75% dos venezuelanos o modelo socialista deveria ser mais produtivo e eficiente, enquanto 31% opinaram que deveria haver uma mudan\u00e7a.<\/p>\n<p>Para 87% dos entrevistados, o melhor para a Venezuela \u00e9 um modelo econ\u00f4mico produtivo socialista onde coexistam diversas formas de propriedades, enquanto 15% n\u00e3o concorda.<\/p>\n<p>Os dados mostram ainda que 60% da popula\u00e7\u00e3o concorda que a economia de um pa\u00eds deve ser conduzida pelo Estado e n\u00e3o pelo setor privado, enquanto 36% n\u00e3o concorda.<\/p>\n<p>Para 81% dos venezuelanos, o Estado deve estabelecer as regras econ\u00f4micas claras pelas quais as empresas privadas devem se guiar, enquanto 18% n\u00e3o concorda.<\/p>\n<p>Em rela\u00e7\u00e3o \u00e0 pergunta se concorda ou n\u00e3o que o governo promova o investimento privado nacional e internacional, 88% responderam que concordam e 11% n\u00e3o concorda.<\/p>\n<p>Foto: AVN<\/p>\n<p>https:\/\/gz.diarioliberdade.org\/artigos-em-destaque\/item\/196735-maioria-do-povo-venezuelano-aprova-modelo-economico-socialista-diz-pesquisa.html<\/p>\n","protected":false},"excerpt":{"rendered":"<a class=\"moretag\" href=\"https:\/\/pcb.org.br\/portal2\/16740\"> <\/a>","protected":false},"author":1,"featured_media":0,"comment_status":"closed","ping_status":"closed","sticky":false,"template":"","format":"standard","meta":{"jetpack_post_was_ever_published":false,"_jetpack_newsletter_access":"","_jetpack_dont_email_post_to_subs":false,"_jetpack_newsletter_tier_id":0,"_jetpack_memberships_contains_paywalled_content":false,"_jetpack_memberships_contains_paid_content":false,"footnotes":"","jetpack_publicize_message":"","jetpack_publicize_feature_enabled":true,"jetpack_social_post_already_shared":true,"jetpack_social_options":{"image_generator_settings":{"template":"highway","default_image_id":0,"font":"","enabled":false},"version":2}},"categories":[45],"tags":[227],"class_list":["post-16740","post","type-post","status-publish","format-standard","hentry","category-c54-venezuela","tag-5a"],"jetpack_publicize_connections":[],"jetpack_featured_media_url":"","jetpack_shortlink":"https:\/\/wp.me\/p659gw-4m0","jetpack-related-posts":[],"jetpack_likes_enabled":true,"jetpack_sharing_enabled":true,"_links":{"self":[{"href":"https:\/\/pcb.org.br\/portal2\/wp-json\/wp\/v2\/posts\/16740","targetHints":{"allow":["GET"]}}],"collection":[{"href":"https:\/\/pcb.org.br\/portal2\/wp-json\/wp\/v2\/posts"}],"about":[{"href":"https:\/\/pcb.org.br\/portal2\/wp-json\/wp\/v2\/types\/post"}],"author":[{"embeddable":true,"href":"https:\/\/pcb.org.br\/portal2\/wp-json\/wp\/v2\/users\/1"}],"replies":[{"embeddable":true,"href":"https:\/\/pcb.org.br\/portal2\/wp-json\/wp\/v2\/comments?post=16740"}],"version-history":[{"count":0,"href":"https:\/\/pcb.org.br\/portal2\/wp-json\/wp\/v2\/posts\/16740\/revisions"}],"wp:attachment":[{"href":"https:\/\/pcb.org.br\/portal2\/wp-json\/wp\/v2\/media?parent=16740"}],"wp:term":[{"taxonomy":"category","embeddable":true,"href":"https:\/\/pcb.org.br\/portal2\/wp-json\/wp\/v2\/categories?post=16740"},{"taxonomy":"post_tag","embeddable":true,"href":"https:\/\/pcb.org.br\/portal2\/wp-json\/wp\/v2\/tags?post=16740"}],"curies":[{"name":"wp","href":"https:\/\/api.w.org\/{rel}","templated":true}]}}