{"id":16844,"date":"2017-11-01T14:12:38","date_gmt":"2017-11-01T17:12:38","guid":{"rendered":"https:\/\/pcb.org.br\/portal2\/?p=16844"},"modified":"2018-03-06T17:21:23","modified_gmt":"2018-03-06T20:21:23","slug":"sobre-a-crise-institucional-na-ufsc","status":"publish","type":"post","link":"https:\/\/pcb.org.br\/portal2\/16844","title":{"rendered":"Sobre a crise institucional na UFSC"},"content":{"rendered":"<p><img decoding=\"async\" class=\"imagem\" title=\"imagem\" src=\"https:\/\/graph.facebook.com\/1817992388492325\/picture\" alt=\"imagem\" \/><!--more-->Nota Pol\u00edtica do Partido Comunista Brasileiro &#8211; PCB Florian\u00f3polis<\/p>\n<p>Na manh\u00e3 de 14 de setembro de 2017 era deflagrada pela Pol\u00edcia Federal a Opera\u00e7\u00e3o Ouvidos Moucos, que prendeu o ent\u00e3o reitor e mais 6 pessoas vinculadas \u00e0 UFSC, realizou cinco condu\u00e7\u00f5es coercitivas e apreendeu documentos e equipamentos em tr\u00eas funda\u00e7\u00f5es vinculadas \u00e0 universidade: FAPEU, FEPESE e FUNJAB. Desta data para c\u00e1, uma sucess\u00e3o de eventos tem precipitado a comunidade acad\u00eamica numa sombria e longa noite, em que os ratos sa\u00edram para fazer o banquete.<\/p>\n<p>Em virtude dessa opera\u00e7\u00e3o, houve o afastamento do reitor Luis Carlos Cancellier Olivo, que veio fatidicamente a cometer suic\u00eddio em 02 de outubro de 2017. A partir de ent\u00e3o, a UFSC est\u00e1 em franca disputa pelas mais diversas for\u00e7as pol\u00edticas que compunham a gest\u00e3o, em que a \u00fanica coisa que move a a\u00e7\u00e3o de alguns s\u00e3o os cargos, o poder e o dom\u00ednio sobre os recursos p\u00fablicos, sem estarem realmente preocupados com a autonomia universit\u00e1ria e a defesa da universidade p\u00fablica.<\/p>\n<p>Para uma compreens\u00e3o mais profunda desse processo, temos de remontar \u00e0 forma como as estruturas de gest\u00e3o da UFSC foram constru\u00eddas. A UFSC surgiu em 1960, e alguns anos mais tarde (1969), foi fruto da experi\u00eancia dos militares como novo modelo para ser implantado no Brasil. Situa\u00e7\u00e3o aprovada pelo MEC e USAID, \u00f3rg\u00e3o americano que financiou a reforma universit\u00e1ria naquele momento. Resta-nos uma universidade que tem o seu estatuto ainda constitu\u00eddo nos anos da ditadura, em 1983, e que n\u00e3o acompanha as reais necessidades de democratiza\u00e7\u00e3o da gest\u00e3o universit\u00e1ria, tampouco o respeito \u00e0s demandas dos estudantes e t\u00e9cnicos-administrativos em educa\u00e7\u00e3o.<\/p>\n<p>Vivemos em uma estrutura que inibe e impede a devida participa\u00e7\u00e3o da comunidade nas decis\u00f5es, que tem uma gigantesca estrutura burocr\u00e1tica, que subaproveita todo o potencial dos estudantes, professores e t\u00e9cnicos-administrativos em educa\u00e7\u00e3o, que favorece a pol\u00edtica de ass\u00e9dio moral sobre os estudantes e t\u00e9cnicos-administrativos em educa\u00e7\u00e3o, que n\u00e3o permite a transpar\u00eancia nas rela\u00e7\u00f5es com as funda\u00e7\u00f5es privadas que administram recursos p\u00fablicos.<\/p>\n<p>Cabe-nos lembrar que o momento que atravessamos no Brasil \u00e9 de destrui\u00e7\u00e3o do patrim\u00f4nio e dos servi\u00e7os p\u00fablicos, com violentos ataques \u00e0s universidades. Em meio a isso, a UFSC n\u00e3o sabe se a atual reitora conseguir\u00e1 de fato se estabilizar no poder, haja vista as recentes sa\u00eddas do chefe de gabinete, Aureo Moraes, e do pr\u00f3-reitor de extens\u00e3o, Rog\u00e9rio Cid Bastos, e as sucessivas reuni\u00f5es do conselho universit\u00e1rio para tratar da situa\u00e7\u00e3o.<\/p>\n<p>Diante de tal situa\u00e7\u00e3o, defenderemos de forma irrestrita a autonomia universit\u00e1ria e a universidade p\u00fablica, contra qualquer tentativa de interven\u00e7\u00e3o externa. Somente a pr\u00f3pria comunidade pode dar os rumos para essa grande universidade.<\/p>\n<p>Defendemos que ocorra uma Assembleia Geral da UFSC, em que se fa\u00e7am presentes todas as categorias vinculadas \u00e0 universidade: estudantes, professores e t\u00e9cnicos-administrativos em educa\u00e7\u00e3o, para debater e construir alternativas \u00e0 crise que a institui\u00e7\u00e3o atravessa. Devemos lutar pela democratiza\u00e7\u00e3o de todos os \u00f3rg\u00e3os deliberativos da universidade, pela institui\u00e7\u00e3o da paridade entre as tr\u00eas categorias e o voto universal para a elei\u00e7\u00e3o dos cargos de gest\u00e3o da UFSC.<\/p>\n<p><strong>Em Defesa da Autonomia Universit\u00e1ria!<\/strong><\/p>\n<p>Em Defesa da Universidade P\u00fablica! Contra qualquer forma interven\u00e7\u00e3o na autonomia da universidade!<\/p>\n<p>Por uma Assembleia Geral da UFSC!<\/p>\n<p>https:\/\/www.facebook.com\/PCB.Floripa\/<wbr \/>posts\/1817992388492325<\/p>\n","protected":false},"excerpt":{"rendered":"<a class=\"moretag\" href=\"https:\/\/pcb.org.br\/portal2\/16844\"> <\/a>","protected":false},"author":1,"featured_media":0,"comment_status":"closed","ping_status":"closed","sticky":false,"template":"","format":"standard","meta":{"jetpack_post_was_ever_published":false,"_jetpack_newsletter_access":"","_jetpack_dont_email_post_to_subs":false,"_jetpack_newsletter_tier_id":0,"_jetpack_memberships_contains_paywalled_content":false,"_jetpack_memberships_contains_paid_content":false,"footnotes":"","jetpack_publicize_message":"","jetpack_publicize_feature_enabled":true,"jetpack_social_post_already_shared":true,"jetpack_social_options":{"image_generator_settings":{"template":"highway","default_image_id":0,"font":"","enabled":false},"version":2}},"categories":[60,26],"tags":[],"class_list":["post-16844","post","type-post","status-publish","format-standard","hentry","category-c71-educacao","category-c25-notas-politicas-do-pcb"],"jetpack_publicize_connections":[],"jetpack_featured_media_url":"","jetpack_shortlink":"https:\/\/wp.me\/p659gw-4nG","jetpack-related-posts":[],"jetpack_likes_enabled":true,"jetpack_sharing_enabled":true,"_links":{"self":[{"href":"https:\/\/pcb.org.br\/portal2\/wp-json\/wp\/v2\/posts\/16844","targetHints":{"allow":["GET"]}}],"collection":[{"href":"https:\/\/pcb.org.br\/portal2\/wp-json\/wp\/v2\/posts"}],"about":[{"href":"https:\/\/pcb.org.br\/portal2\/wp-json\/wp\/v2\/types\/post"}],"author":[{"embeddable":true,"href":"https:\/\/pcb.org.br\/portal2\/wp-json\/wp\/v2\/users\/1"}],"replies":[{"embeddable":true,"href":"https:\/\/pcb.org.br\/portal2\/wp-json\/wp\/v2\/comments?post=16844"}],"version-history":[{"count":0,"href":"https:\/\/pcb.org.br\/portal2\/wp-json\/wp\/v2\/posts\/16844\/revisions"}],"wp:attachment":[{"href":"https:\/\/pcb.org.br\/portal2\/wp-json\/wp\/v2\/media?parent=16844"}],"wp:term":[{"taxonomy":"category","embeddable":true,"href":"https:\/\/pcb.org.br\/portal2\/wp-json\/wp\/v2\/categories?post=16844"},{"taxonomy":"post_tag","embeddable":true,"href":"https:\/\/pcb.org.br\/portal2\/wp-json\/wp\/v2\/tags?post=16844"}],"curies":[{"name":"wp","href":"https:\/\/api.w.org\/{rel}","templated":true}]}}