{"id":1692,"date":"2011-07-25T15:11:34","date_gmt":"2011-07-25T15:11:34","guid":{"rendered":"http:\/\/pcb.org.br\/portal2\/?p=1692"},"modified":"2011-07-25T15:11:34","modified_gmt":"2011-07-25T15:11:34","slug":"viva-o-26-de-julho","status":"publish","type":"post","link":"https:\/\/pcb.org.br\/portal2\/1692","title":{"rendered":"Viva o 26 de julho"},"content":{"rendered":"\n<p>Vamos comemor\u00e1-lo em grande estilo, contando com a <strong>participa\u00e7\u00e3o de Calica Ferrer<\/strong>.<\/p>\n<p>Teremos a tradicional panfletagem na Pra\u00e7a Ramos a partir das 14 horas e uma atividade politico-cultural que ter\u00e1 in\u00edcio \u00e0s 19 horas no Sindicato dos Jornalistas (R. Rego Freitas, 530, sobreloja, Vila Buarque).<\/p>\n<p><strong>RESERVE SUA AGENDA!<\/strong><\/p>\n<p><strong>Quem \u00e9 Calica Ferrer:<\/strong> Carlos &#8220;Calica&#8221; Ferrer nasceu em Alta Gracia, C\u00f3rdoba, em 1929. Aos quatro anos conheceu Ernesto Guevara de la Serna, um menino asm\u00e1tico que se instalou com a sua fam\u00edlia em Alta Gracia para procurar um al\u00edvio para o seu mal. Ernesto e Calica mantiveram uma \u00edntima amizade durante a inf\u00e2ncia e adolesc\u00eancia. Em 1953 empreenderam juntos uma viagem aventureira por Am\u00e9rica Latina, no final da qual, Guevara terminaria convertido no Comandante Ernesto Che Guevara.<\/p>\n<p>Atualmente Calica Ferrer vive em Buenos Aires e se dedica a estudar e difundir a figura do seu amigo Ernesto Guevara.<\/p>\n<p><strong>Movimento Paulista de Solidariedade a Cuba <a href=\"http:\/\/www.solidariedadeacuba.org.br\/\" target=\"_blank\">www.solidariedadeacuba.org.br<\/a><\/strong><\/p>\n","protected":false},"excerpt":{"rendered":"\n\n\nCr\u00e9dito: 1.bp.blogspot\n\n\n\n\n\n\n\n\nCompanheira\/os, aproxima-se o 26 de julho, importante data no hist\u00f3rico calend\u00e1rio de lutas cubano.\n<a class=\"moretag\" href=\"https:\/\/pcb.org.br\/portal2\/1692\"> <\/a>","protected":false},"author":1,"featured_media":0,"comment_status":"open","ping_status":"open","sticky":false,"template":"","format":"standard","meta":{"jetpack_post_was_ever_published":false,"_jetpack_newsletter_access":"","_jetpack_dont_email_post_to_subs":false,"_jetpack_newsletter_tier_id":0,"_jetpack_memberships_contains_paywalled_content":false,"_jetpack_memberships_contains_paid_content":false,"footnotes":"","jetpack_publicize_message":"","jetpack_publicize_feature_enabled":true,"jetpack_social_post_already_shared":false,"jetpack_social_options":{"image_generator_settings":{"template":"highway","default_image_id":0,"font":"","enabled":false},"version":2}},"categories":[77],"tags":[],"class_list":["post-1692","post","type-post","status-publish","format-standard","hentry","category-c90-solidariedade-a-cuba"],"jetpack_publicize_connections":[],"jetpack_featured_media_url":"","jetpack_shortlink":"https:\/\/wp.me\/p659gw-ri","jetpack-related-posts":[],"jetpack_likes_enabled":true,"jetpack_sharing_enabled":true,"_links":{"self":[{"href":"https:\/\/pcb.org.br\/portal2\/wp-json\/wp\/v2\/posts\/1692","targetHints":{"allow":["GET"]}}],"collection":[{"href":"https:\/\/pcb.org.br\/portal2\/wp-json\/wp\/v2\/posts"}],"about":[{"href":"https:\/\/pcb.org.br\/portal2\/wp-json\/wp\/v2\/types\/post"}],"author":[{"embeddable":true,"href":"https:\/\/pcb.org.br\/portal2\/wp-json\/wp\/v2\/users\/1"}],"replies":[{"embeddable":true,"href":"https:\/\/pcb.org.br\/portal2\/wp-json\/wp\/v2\/comments?post=1692"}],"version-history":[{"count":0,"href":"https:\/\/pcb.org.br\/portal2\/wp-json\/wp\/v2\/posts\/1692\/revisions"}],"wp:attachment":[{"href":"https:\/\/pcb.org.br\/portal2\/wp-json\/wp\/v2\/media?parent=1692"}],"wp:term":[{"taxonomy":"category","embeddable":true,"href":"https:\/\/pcb.org.br\/portal2\/wp-json\/wp\/v2\/categories?post=1692"},{"taxonomy":"post_tag","embeddable":true,"href":"https:\/\/pcb.org.br\/portal2\/wp-json\/wp\/v2\/tags?post=1692"}],"curies":[{"name":"wp","href":"https:\/\/api.w.org\/{rel}","templated":true}]}}