{"id":1693,"date":"2011-07-25T15:25:14","date_gmt":"2011-07-25T15:25:14","guid":{"rendered":"http:\/\/pcb.org.br\/portal2\/?p=1693"},"modified":"2011-07-25T15:25:14","modified_gmt":"2011-07-25T15:25:14","slug":"vozes-abertas-da-america-latina","status":"publish","type":"post","link":"https:\/\/pcb.org.br\/portal2\/1693","title":{"rendered":"Vozes abertas da Am\u00e9rica Latina"},"content":{"rendered":"\n<p>D\u00eanis de Moraes<\/p>\n<p>(<a href=\"https:\/\/docs.google.com\/viewer?a=v&amp;pid=explorer&amp;chrome=true&amp;srcid=0B8_gvWjrwU3ZMjJjNTFjZjgtYjA4Yi00MmJkLTg5YjktZDc1ZGU5MzBiZGIw&amp;hl=pt_BR\" target=\"_blank\">Arquivo em &#8220;pdf&#8221;<\/a>)<\/p>\n<p>Aqui, o texto de apresenta\u00e7\u00e3o do livro<\/p>\n<p>Sum\u00e1rio<\/p>\n<p>Pref\u00e1cio\/Mart\u00edn Becerra<\/p>\n<p>Apresenta\u00e7\u00e3o<\/p>\n<p>1. A busca de alternativas inclusivas<\/p>\n<p>2. Concentra\u00e7\u00e3o monop\u00f3lica da m\u00eddia e suas implica\u00e7\u00f5es<\/p>\n<p>3. O valor estrat\u00e9gico das pol\u00edticas p\u00fablicas de comunica\u00e7\u00e3o<\/p>\n<p>4. Governos progressistas e transforma\u00e7\u00f5es comunicacionais<\/p>\n<p>5. A batalha pela liberdade de express\u00e3o: avan\u00e7os e resist\u00eancias<\/p>\n<p>6. Desafios para outra comunica\u00e7\u00e3o poss\u00edvel<\/p>\n<p>Algumas palavras:<\/p>\n<p>* Maur\u00edcio Dias, Carta Capital, 8\/11\/2011:<\/p>\n<p>&#8220;Est\u00e1 nas livrarias um dos mais consistentes ataques ao monop\u00f3lio da informa\u00e7\u00e3o. O livro Vozes Abertas da Am\u00e9rica Latina: Estado, pol\u00edticas p\u00fablicas e democratiza\u00e7\u00e3o da comunica\u00e7\u00e3o (Mauad Editora\/Faperj), de D\u00eanis de Moraes, da Universidade Federal Fluminense, analisa as a\u00e7\u00f5es governamentais em v\u00e1rios pa\u00edses latino-americanos para tentar reverter a concentra\u00e7\u00e3o monopolista da m\u00eddia. D\u00eanis \u00e9 um jornalista de indiscut\u00edvel compet\u00eancia profissional, que abandonou o jornalismo para dissecar as mazelas dos jornais. Ou seja, da imprensa em geral. O livro, de t\u00edtulo inspirado no cl\u00e1ssico As Veias Abertas da Am\u00e9rica Latina, do uruguaio Eduardo Galeano, mostra mudan\u00e7as em legisla\u00e7\u00f5es e marcos regulat\u00f3rios que, durante d\u00e9cadas, favoreceram as dinastias familiares que controlam os meios de comunica\u00e7\u00e3o em grande parte do continente. O autor destaca a nova Lei de Servi\u00e7os de Comunica\u00e7\u00e3o Audiovisual da Argentina \u2013 que impede a acumula\u00e7\u00e3o de r\u00e1dio, televis\u00e3o e internet nas m\u00e3os de um mesmo grupo \u2013 como significativa provid\u00eancia pela diversidade informativa e cultural. Um bom exemplo para o Brasil.&#8221;<\/p>\n<p><strong>* Atilio Boron:<\/strong><\/p>\n<p>&#8220;O que D\u00eanis de Moraes j\u00e1 escreveu sobre este tema \u00e9 de grande import\u00e2ncia na batalha midi\u00e1tica em que estamos imersos. Estou seguro de que seu novo livro nos proporcionar\u00e1 mais muni\u00e7\u00f5es.\u201d<\/p>\n<p><strong>* Mart\u00edn Becerra (no pref\u00e1cio):<\/strong><\/p>\n<p>\u201cSe hoje, em boa parte da Am\u00e9rica Latina, a influ\u00eancia da m\u00eddia e a hist\u00f3ria da rela\u00e7\u00e3o \u00edntima que a uniu, durante d\u00e9cadas, aos governantes est\u00e3o sendo questionadas, ao mesmo tempo que meios de comunica\u00e7\u00e3o governamentais emergem como concorrentes dos grandes grupos privados na disputa pela hegemonia, isso se deve a uma multiplicidade de causas que D\u00eanis de Moraes, numa exposi\u00e7\u00e3o amena e paciente, analisa neste livro com destreza conceitual e not\u00e1vel dom\u00ednio multidisciplinar.\u201d<\/p>\n<p><strong>* Milton Temer:<\/strong><\/p>\n<p>&#8220;D\u00eanis de Moraes \u00e9 um dos mais importantes te\u00f3ricos de Comunica\u00e7\u00e3o em nossa Academia. Tenho certeza de que o livro ser\u00e1 instrumento importante de trabalho, na luta pela democratiza\u00e7\u00e3o de todas as m\u00eddias.&#8221;<\/p>\n<p><strong>* Vito Giannotti (na primeira orelha):<\/strong><\/p>\n<p>&#8220;Em cada linha do livro h\u00e1 uma n\u00edtida vis\u00e3o antineoliberal e a reafirma\u00e7\u00e3o de que a consolida\u00e7\u00e3o de outra comunica\u00e7\u00e3o poss\u00edvel na Am\u00e9rica Latina depende da reconstru\u00e7\u00e3o do espa\u00e7o p\u00fablico, depois de anos de esvaziamento dos poderes do Estado, privatiza\u00e7\u00f5es desenfreadas e concentra\u00e7\u00e3o midi\u00e1tica. D\u00eanis retoma o conceito de hegemonia de Gramsci e, para isso, enfatiza a necessidade de criar consensos em torno de um novo projeto pol\u00edtico para esses pa\u00edses. Numa vis\u00e3o otimista da hist\u00f3ria da regi\u00e3o, encerra com a convic\u00e7\u00e3o de que &#8216;as mobiliza\u00e7\u00f5es populares e a ascens\u00e3o de governos progressistas real\u00e7am a oportunidade de uma Am\u00e9rica Latina p\u00f3s-neoliberal&#8217;. O livro \u00e9 um hino \u00e0 esperan\u00e7a.\u201d<\/p>\n","protected":false},"excerpt":{"rendered":"\n\n\nCr\u00e9dito: D\u00eanis de Moraes\n\n\n\n\n\n\n\n\nEstado, pol\u00edticas p\u00fablicas e democratiza\u00e7\u00e3o da comunica\u00e7\u00e3o\n<a class=\"moretag\" href=\"https:\/\/pcb.org.br\/portal2\/1693\"> <\/a>","protected":false},"author":1,"featured_media":0,"comment_status":"open","ping_status":"open","sticky":false,"template":"","format":"standard","meta":{"jetpack_post_was_ever_published":false,"_jetpack_newsletter_access":"","_jetpack_dont_email_post_to_subs":false,"_jetpack_newsletter_tier_id":0,"_jetpack_memberships_contains_paywalled_content":false,"_jetpack_memberships_contains_paid_content":false,"footnotes":"","jetpack_publicize_message":"","jetpack_publicize_feature_enabled":true,"jetpack_social_post_already_shared":false,"jetpack_social_options":{"image_generator_settings":{"template":"highway","default_image_id":0,"font":"","enabled":false},"version":2}},"categories":[50],"tags":[],"class_list":["post-1693","post","type-post","status-publish","format-standard","hentry","category-c61-cultura-revolucionaria"],"jetpack_publicize_connections":[],"jetpack_featured_media_url":"","jetpack_shortlink":"https:\/\/wp.me\/p659gw-rj","jetpack-related-posts":[],"jetpack_likes_enabled":true,"jetpack_sharing_enabled":true,"_links":{"self":[{"href":"https:\/\/pcb.org.br\/portal2\/wp-json\/wp\/v2\/posts\/1693","targetHints":{"allow":["GET"]}}],"collection":[{"href":"https:\/\/pcb.org.br\/portal2\/wp-json\/wp\/v2\/posts"}],"about":[{"href":"https:\/\/pcb.org.br\/portal2\/wp-json\/wp\/v2\/types\/post"}],"author":[{"embeddable":true,"href":"https:\/\/pcb.org.br\/portal2\/wp-json\/wp\/v2\/users\/1"}],"replies":[{"embeddable":true,"href":"https:\/\/pcb.org.br\/portal2\/wp-json\/wp\/v2\/comments?post=1693"}],"version-history":[{"count":0,"href":"https:\/\/pcb.org.br\/portal2\/wp-json\/wp\/v2\/posts\/1693\/revisions"}],"wp:attachment":[{"href":"https:\/\/pcb.org.br\/portal2\/wp-json\/wp\/v2\/media?parent=1693"}],"wp:term":[{"taxonomy":"category","embeddable":true,"href":"https:\/\/pcb.org.br\/portal2\/wp-json\/wp\/v2\/categories?post=1693"},{"taxonomy":"post_tag","embeddable":true,"href":"https:\/\/pcb.org.br\/portal2\/wp-json\/wp\/v2\/tags?post=1693"}],"curies":[{"name":"wp","href":"https:\/\/api.w.org\/{rel}","templated":true}]}}