{"id":1704,"date":"2011-07-27T04:07:15","date_gmt":"2011-07-27T04:07:15","guid":{"rendered":"http:\/\/pcb.org.br\/portal2\/?p=1704"},"modified":"2011-07-27T04:07:15","modified_gmt":"2011-07-27T04:07:15","slug":"a-semana-no-olhar-comunista-0004","status":"publish","type":"post","link":"https:\/\/pcb.org.br\/portal2\/1704","title":{"rendered":"A Semana no Olhar Comunista &#8211; 0004"},"content":{"rendered":"\n<p>Destaque ainda para a alta dos juros, que posicionam o Brasil como o campe\u00e3o mundial para a a\u00e7\u00e3o de especuladores, financistas e banqueiros, e a doa\u00e7\u00e3o (R$ 30 milh\u00f5es) que as Organiza\u00e7\u00f5es Globo est\u00e3o recebendo para organizar festa da Fifa no Rio de Janeiro. Leia essas e outras not\u00edcias na se\u00e7\u00e3o, que pode ser acessada aqui (<a href=\"index.php?option=com_content&#038;view=category&#038;id=113:notas-politicas-do-pcb&#038;layout=blog\" target=\"_blank\">&#8220;A Semana no Olhar Comunista&#8221;<\/a>) ou abaixo da vers\u00e3o online do jornal Imprensa Popular.<\/p>\n<p>\u00a0<\/p>\n<hr \/>\n<p>NA P\u00c1GINA DO \u201cOLHAR\u201d<\/p>\n<p><strong>Comida estragada em hospitais&#8230; Particulares!<\/strong><\/p>\n<p>A Pol\u00edcia Civil do rio de Janeiro encontrou irregularidades em cinco hospitais \u201calvos\u201d da opera\u00e7\u00e3o UTI 2: Riomar (Barra), Quinta D\u00b4Or (S\u00e3o Crist\u00f3v\u00e3o), Cl\u00ednica da Primeira Idade (Barra), Hospital das Cl\u00ednicas de Niter\u00f3i e S\u00e3o Lucas (Copacabana).<\/p>\n<p>\u201cA opera\u00e7\u00e3o foi exitosa e mostrou que os hospitais particulares n\u00e3o primam pelo asseio e cuidado com o que fornecem aos pacientes e consumidores, que pagam planos em valor elevado e mereciam no m\u00ednimo um tratamento melhor\u201d, afirmou a Pol\u00edcia civil.<\/p>\n<p>A Vigil\u00e2ncia Sanit\u00e1ria far\u00e1 uma fiscaliza\u00e7\u00e3o em todas as unidades, mas j\u00e1 houve flagrante do crime contra a rela\u00e7\u00e3o de consumo \u2013 pois os doentes ficaram expostos a mercadorias impr\u00f3prias e medicamentos inadequado.<\/p>\n<p>A Pol\u00edcia Civil interditou parte da cozinha do Riomar, onde foram encontrados 150 Kg de alimentos sem especifica\u00e7\u00e3o, al\u00e9m de frango, carne, queijo, poupa de sucos e ab\u00f3bora estragados. J\u00e1 no Quinta D\u00b4Or, havia cerca de 30 Kg de alimentos vencidos. Na Cl\u00ednica da Primeira Idade, tamb\u00e9m havia comida fora da validade. No S\u00e3o Lucas, duas pe\u00e7as de carne e de queijo estavam sem especifica\u00e7\u00e3o de origem.<\/p>\n<p>No dia 8 de julho, policiais da Decon encontraram alimentos, rem\u00e9dios e utens\u00edlios m\u00e9dicos com data de validade vencida no Hospital Pronto Baby, na Tijuca, Zona Norte do Rio. A vistoria foi realizada ap\u00f3s a den\u00fancia do pai de um paciente internado na unidade de sa\u00fade, que relatou a tentativa de enfermeiros darem um medicamento vencido a seu filho. Segundo a assessoria da Pol\u00edcia Civil, na \u00e9poca, os agentes chegaram a encontrar p\u00e3es e frangos estragados no hospital.<\/p>\n<p>\u00a0<\/p>\n<p><strong>J\u00e1 em S\u00e3o Paulo&#8230;<\/strong><\/p>\n<p>\u00a0<\/p>\n<p>Uma auditoria do Tribunal de Contas do Munic\u00edpio (TCM) de S\u00e3o Paulo indica que h\u00e1 pacientes que esperaram at\u00e9 dois anos para conseguir marcar exames como ultrassonografias, mamografias ou resson\u00e2ncias magn\u00e9ticas na rede municipal de S\u00e3o Paulo. A informa\u00e7\u00e3o \u00e9 de reportagem da Folha de S. Paulo.<\/p>\n<p>O sistema que organiza consultas e exames, que permite, por exemplo, que um mesmo paciente tenha seu agendamento realizado duas vezes. Outro problema foi a falta de m\u00e9dicos especialistas &#8211;de 35 unidades de sa\u00fade visitadas, 39% tinham escalas m\u00e9dicas incompletas.<\/p>\n<p>\u00a0<\/p>\n<hr \/>\n<p><strong>Brasil, campe\u00e3o mundial dos juros!<\/strong><\/p>\n<p>O Banco Central elevou a taxa b\u00e1sica de juros (Selic) para 12,50% ao ano, a quinta alta seguida na taxa de juros. O impacto para o bolso da popula\u00e7\u00e3o, segundo c\u00e1lculos da Associa\u00e7\u00e3o Nacional de Executivos de Finan\u00e7as (Anefac), ser\u00e1 o seguinte: os juros no com\u00e9rcio subir\u00e3o para 5,68% ao m\u00eas (94,05% anuais), no cart\u00e3o de cr\u00e9dito para 10,71% mensais (239,03% ao ano), no cheque especial para 8,12% mensais (ou 155,20% anuais). Enfim, a taxa m\u00e9dia do cr\u00e9dito para pessoa f\u00edsica subir\u00e1 para 6,82% mensais (ou 120,71% ao ano).<\/p>\n<p>Com a alta da Selic, o pa\u00eds ainda consolida sua \u201clideran\u00e7a\u201d como o pa\u00eds com os juros reais mais altos do mundo. De acordo com <em>O Globo<\/em>, a taxa de juro real projetada para os pr\u00f3ximos 12 meses chegar\u00e1 a 6,8% ao ano. Em segundo lugar no ranking dos juros reais, bem distante, est\u00e1 a Hungria, com 2,4% ao ano, seguida de Chile (1,8%) e Austr\u00e1lia (1,4%). Em quinto, encontra-se o M\u00e9xico, com 1,2%. Nos EUA, que est\u00e3o na 36\u00aa posi\u00e7\u00e3o, a taxa \u00e9 negativa (-3,2%).<\/p>\n<p>Os banqueiros, financistas, especuladores e sanguessugas agradecem.<\/p>\n<p>\u00a0<\/p>\n<hr \/>\n<p><strong>Minist\u00e9rio do Turismo \u201cdoa\u201d R$ 52 milh\u00f5es a ONG dirigida por suspeito<\/strong><\/p>\n<p>Reportagem da Folha de S. Paulo descobriu tr\u00eas conv\u00eanios \u201cproblem\u00e1ticos\u201d no Minist\u00e9rio do Turismo, fruto de repasse de R$ 52 milh\u00f5es a uma ONG chamada IBH (Instituto Brasileiro de Hospedagem). Dinheiro que seria destinado ao financiamento de cursos \u00e0 dist\u00e2ncia para preparar m\u00e3o de obra para a Copa de 2014 \u2013 mensageiros, recepcionistas e gerentes de hotel.<\/p>\n<p>Preside o IBH C\u00e9sar Gon\u00e7alves, um empres\u00e1rio que responde a duas a\u00e7\u00f5es do Minist\u00e9rio P\u00fablico por suposta improbidade administrativa. Gon\u00e7alves dirigiu a estatal de turismo do governo do DF, a Bras\u00edliatur. Deixou o posto, h\u00e1 tr\u00eas anos, sob den\u00fancias de desvios.<\/p>\n<p>Nessa \u00e9poca, governava o DF Jos\u00e9 Roberto Arruda. Dos tr\u00eas conv\u00eanios que abriram o caixa do Turismo \u00e0 ONG, dois foram firmados sob Lula (R$ 9,9 milh\u00f5es e R$ 16,8 milh\u00f5es). O outro, sob Dilma (R$ 25,5 milh\u00f5es).<\/p>\n<p>O plano de trabalho do IBH chegou ao Minist\u00e9rio \u00e0s 16h14. \u00c0s 16h19, a proposta foi para an\u00e1lise. \u00c0s 16h34, j\u00e1 estava aprovada. Celeridade t\u00edpica do Estado Brasileiro, n\u00e3o?!?!<\/p>\n<p>A ONG funciona num pequeno escrit\u00f3rio do Setor Banc\u00e1rio Norte de Bras\u00edlia e tem apenas quatro funcion\u00e1rios.<\/p>\n<p>\u00a0<\/p>\n<hr \/>\n<p><strong>A cara de pau de Paulo Bernardo<\/strong><\/p>\n<p>O ministro das Comunica\u00e7\u00f5es, Paulo Bernardo, afirmou que \u00e9 quase imposs\u00edvel n\u00e3o haver irregularidades no Departamento Nacional de Infraestrutura de Transportes (Dnit). Estaria ele jogando a toalha no combate \u00e0 corrup\u00e7\u00e3o ou n\u00e3o querendo perder sua comiss\u00e3o em alguma jogada? O fato \u00e9 que, nos dois casos, fica comprovada sua in\u00e9pcia para as fun\u00e7\u00f5es p\u00fablicas e a cara de pau a que chegaram alguns personagens da \u201cpol\u00edtica\u201d tradicional: \u00e9 como se Bernardo dissesse: \u201cRouba-se mesmo, e vai continuar assim. E da\u00ed?\u201d<\/p>\n<p>\u00a0<\/p>\n<hr \/>\n<p><strong>A explora\u00e7\u00e3o de min\u00e9rios e o futuro do Brasil <\/strong><\/p>\n<p>O investimento &#8211; de empresas nacionais e estrangeiras &#8211; vem crescendo intensamente no setor de minera\u00e7\u00e3o, motivados pela grande alta dos pre\u00e7os observada no mercado internacional. Os n\u00fameros da entrada de capital externo chegam a 7,3 bilh\u00f5es de d\u00f3lares, conforme noticiado no O Globo de 24 de julho \u00faltimo. Min\u00e9rio de ferro, ouro, cobre, pot\u00e1ssio e ur\u00e2nio est\u00e3o entre os principais alvos dos investidores, que incluem a multinacional de matriz brasileira Vale do Rio Doce.<\/p>\n<p>Al\u00e9m dos danos ambientais &#8211; bastante prov\u00e1veis que a atividade em si traz, h\u00e1 duas quest\u00f5es essenciais a considerar, se levarmos em conta as necessidades do pa\u00eds e o tipo de desenvolvimento que queremos: a minera\u00e7\u00e3o explora recursos n\u00e3o renov\u00e1veis, e a presen\u00e7a de capital estrangeiro ditada pelas oportunidades de mercado deixam as prioridades internas em segundo plano.<\/p>\n<p>A facilita\u00e7\u00e3o extremada para os investimentos dos grandes grupos mineradosres \u00e9 parte da estrat\u00e9gia do capitalismo brasileiro, operada pelos governos Collor, FHC, Lula e, agora, Dilma, de crescer a qualquer custo, nos \u00edndices como o PIB, sem que este crescimento represente, de fato, mudan\u00e7as de fundo nas condi\u00e7\u00f5es de vida da maioria. Colocar explora\u00e7\u00e3o de recursos naturais n\u00e3o renov\u00e1veis ao sabor dos ventos do mercado \u00e9 admitir a possibilidade de sua explora\u00e7\u00e3o a elevadas taxas, no curto prazo, o que poder\u00e1 levar \u00e0 sua exaust\u00e3o precoce. \u00c9 necess\u00e1rio uma mudan\u00e7a radical da pol\u00edtica para essa \u00e1rea, que leve em conta um ritmo de explora\u00e7\u00e3o que permita a preserva\u00e7\u00e3o dos recursos longo prazo e a reaplica\u00e7\u00e3o de suas receitas na constru\u00e7\u00e3o de alternativas para a produ\u00e7\u00e3o e de melhores condi\u00e7\u00f5es de vida para a grande maioria dos brasileiros.<\/p>\n<p>\u00a0<\/p>\n<hr \/>\n<p><strong>&#8220;Um Corpo est\u00e1vel de servidores p\u00fablicos \u00e9 melhor para a efici\u00eancia do Estado&#8221; <\/strong><\/p>\n<p>Esta foi a declara\u00e7\u00e3o do ministro C\u00e9sar Peluso, em entrevista a O Globo, em 24 de julho \u00faltimo, sobre a crise do Dnit, referente aos esc\u00e2ndalos de corrup\u00e7\u00e3o descobertasnaquele \u00f3rg\u00e3o. A declara\u00e7\u00e3o vem confirmar o que j\u00e1 h\u00e1 muito vem se observando em rela\u00e7\u00e3o \u00e0 terceiriza\u00e7\u00e3o de fun\u00e7\u00f5es de Estado e \u00e0 privatiza\u00e7\u00e3o de empresas p\u00fablicas operadas nas duas \u00faltimas d\u00e9cadas. Citando a Fran\u00e7a, onde boa parte dos funcion\u00e1rios p\u00fablicos cursa a Escola Nacional de Administra\u00e7\u00e3o (p\u00fablica) e h\u00e1 estabilidade para os servidores, o ministro resgata a origem da estabilidade, que \u00e9 a defesa do Estado, e acrescenta a melhor prepara\u00e7\u00e3o e o maior compromisso desses servidores com a coisa p\u00fablica.<\/p>\n<p>A privatiza\u00e7\u00e3o foi alardeada desde os anos 80 como uma medida necess\u00e1ria para a &#8220;efici\u00eancia&#8221; maior do servi\u00e7o p\u00fablico. Na realidade, o que se passou foi uma transfer\u00eancia de patrim\u00f4nio p\u00fablico para empres\u00e1rios privados, abrindo assim o caminho, tamb\u00e9m, para o &#8220;aparelhamento&#8221; do Estado para a satisfa\u00e7\u00e3o dos interesses mais diretos (e mais mesquinhos) do capital.<\/p>\n<p>\u00a0<\/p>\n<hr \/>\n<p><strong>Cresce percentual de cheques devolvidos<\/strong><\/p>\n<p>O aumento do endividamento dos consumidores brasileiros contribuiu para que o n\u00famero de cheques devolvidos no primeiro semestre atingisse o maior percentual em dois anos, segundo levantamento do Serasa: foram devolvidos, por falta de fundos, 1,93% de cheques entre janeiro e junho (9,84 milh\u00f5es de cheques).<\/p>\n<p>A informa\u00e7\u00e3o espelha os mesmos problemas encontrados em outras formas de pagamento e financiamento: expans\u00e3o do endividamento do consumidor, infla\u00e7\u00e3o, altas taxas de juros, aumento do Imposto sobre Opera\u00e7\u00f5es Financerias (IOF) e as restri\u00e7\u00f5es ao cr\u00e9dito.<\/p>\n<p>\u00a0<\/p>\n<hr \/>\n<p><strong>Corpo de secret\u00e1rio de Hitler \u00e9 cremado para evitar peregrina\u00e7\u00e3o de neonazistas<\/strong><\/p>\n<p>Os restos mortais do secret\u00e1rio particular de Hitler, Rudolf Hess, foram exumados depois que seu t\u00famulo se tornou um local de peregrina\u00e7\u00e3o para neonazistas. De acordo com o administrador do cemit\u00e9rio, Andreas Fabel, o corpo foi cremado e as cinzas foram depositadas em um lago, cuja localiza\u00e7\u00e3o n\u00e3o foi revelada por autoridades.<\/p>\n<p>Um jornal local explicou que a igreja local decidiu n\u00e3o renovar a concess\u00e3o familiar de onde estava enterrado Hess para evitar que neonazistas fizessem do t\u00famulo um ponto de encontro durante o anivers\u00e1rio da morte do l\u00edder nazista, que se matou no dia 17 de agosto de 1987. Considerado um m\u00e1rtir por jovens de extrema-direita, a data da morte de Hess se tornou um dia comemorativo para neonazistas. Em 2004, por exemplo, 5 mil pessoas se reuniram no cemit\u00e9rio, provocando mal estar entre os moradores de Wunsiedel.<\/p>\n<p>\u00a0<\/p>\n<hr \/>\n<p><strong>O que eles pensam e defendem?<\/strong><\/p>\n<p>Levantamento da imprensa mostra que 30 parlamentares da C\u00e2mara dos Deputados n\u00e3o fizeram um \u00fanico discurso do plen\u00e1rio da casa no primeiro semestre. Isso mesmo: nenhum pronunciamento, ou mesmo uma pequena interven\u00e7\u00e3o. Mais parlamentares dessa legislatura poderiam seguir seus papos e permanecerem calados. Se \u00e9 para falar asneiras, melhor que n\u00e3o e pronunciassem&#8230;<\/p>\n<p>Humor \u00e0 parte, \u00e9 sintom\u00e1tico da \u201cqualidade\u201d \u2013 a falta de, para sermos sinceros \u2013 de nossos parlamentares que isso ocorra. N\u00e3o \u00e0 toa, figuram personagens caricatos, campe\u00f5es de votos, mas sem qualquer hist\u00f3rico ou compromisso com a pol\u00edtica como ela deveria ser \u2013 e n\u00e3o o jogo de interesses e benesses que vemos no capitalismo.<\/p>\n<p>Entre eles, est\u00e1 Tiririca (PR-SP), o presidente tucano S\u00e9rgio Guerra (PSDB-PE) e o \u201cverde\u201d Jos\u00e9 Luiz Penna (PV-SP). Outro que se mant\u00e9m longe dos microfones da C\u00e2mara \u00e9 Valdemar Costa Neto (PR-SP), que poderia falar um pouquinho sobre o que ocorre no Minist\u00e9rio dos Transportes&#8230;<\/p>\n<p>Veja abaixo que \u201co gato comeu a l\u00edngua\u201d de:<\/p>\n<p>Alexandre Rosso (PSB-RS) &#8211; Foi sorteado, mas n\u00e3o se pronunciou<\/p>\n<p>Andr\u00e9 Dias (PSDB-PA) &#8211; Sorteado para falar em agosto<\/p>\n<p>Anibal Gomes (PMDB-CE) &#8211; Foi sorteado, mas n\u00e3o se pronunciou<\/p>\n<p>Aracely de Paula (PR-MG) &#8211; Ainda n\u00e3o foi sorteado para discursar<\/p>\n<p>Beto Mansur (PP-SP) &#8211; Ainda n\u00e3o foi sorteado para discursar<\/p>\n<p>Carlos Eduardo Cadoca (PSC-PE) &#8211; Cedeu a vaga para Edmar Arruda<\/p>\n<p>Davi Alcolumbre (DEM-AP) &#8211; Ainda n\u00e3o foi sorteado para discursar<\/p>\n<p>Davi Alves Silva Jr. (PR-MA) &#8211; Foi sorteado, mas n\u00e3o se pronunciou<\/p>\n<p>Eli Correa Filho (DEM-SP) &#8211; Ainda n\u00e3o foi sorteado para discursar<\/p>\n<p>Evandro Milhomen (PCdoB-AP) &#8211; Ainda n\u00e3o foi sorteado para discursar<\/p>\n<p>Hermes Parcienello (PMDB-PR) &#8211; Sorteado para falar em agosto<\/p>\n<p>Jo\u00e3o Magalh\u00e3es (PMDB-MG) &#8211; Ainda n\u00e3o foi sorteado para discursar<\/p>\n<p>Jos\u00e9 Priante (PMDB-PA) &#8211; Ainda n\u00e3o foi sorteado para discursar<\/p>\n<p>Joseph Bandeira (PT-BA) &#8211; Ainda n\u00e3o foi sorteado para discursar<\/p>\n<p>Luiz Fernando Faria (PP-MG) &#8211; Ainda n\u00e3o foi sorteado para discursar<\/p>\n<p>Marcos Medrado (PDT-BA) &#8211; Foi sorteado, mas n\u00e3o se pronunciou<\/p>\n<p>Natan Donadon (PMDB-RO) &#8211; Foi sorteado, mas n\u00e3o se pronunciou<\/p>\n<p>Neiltom Mulim (PR-RJ) &#8211; Foi sorteado, mas n\u00e3o se pronunciou<\/p>\n<p>Nelson Meurer (PP-PR) &#8211; Foi sorteado, mas n\u00e3o se pronunciou<\/p>\n<p>Nice Lob\u00e3o (DEM-MA) &#8211; Sorteado para falar em agosto<\/p>\n<p>Penna (PV-SP) &#8211; Sorteado para falar em agosto<\/p>\n<p>Rubens Otoni (PT-GO) &#8211; Ainda n\u00e3o foi sorteado para discursar<\/p>\n<p>S\u00e9rgio Guerra (PSDB-PE) &#8211; Ainda n\u00e3o foi sorteado para discursar<\/p>\n<p>Solange Almeida (PMDB-RJ) &#8211; Foi sorteada, mas n\u00e3o se pronunciou<\/p>\n<p>Tiririca (PR-SP) &#8211; Cedeu vaga para Ronaldo Fonseca<\/p>\n<p>Valdemar Costa Neto (PR-SP) &#8211; Cedeu vaga para Domingos Dutra<\/p>\n<p>Vinicius Gurgel (PRTB-AP) &#8211; Foi sorteado, mas n\u00e3o se pronunciou<\/p>\n<p>Walter Tosta (PMN-MG) &#8211; Foi sorteado, mas n\u00e3o se pronunciou<\/p>\n<p>Wellington Roberto (PR-PB) &#8211; Foi sorteado, mas n\u00e3o se pronunciou<\/p>\n<p>Z\u00e9 Vieira (PR-MA ) &#8211; Foi sorteado, mas n\u00e3o se pronunciou<\/p>\n<p>\u00a0<\/p>\n<hr \/>\n<p><strong>Globo recebe R$ 30 milh\u00f5es para organizar \u201cfesta\u201d<\/strong><\/p>\n<p>A empresa de eventos das Organiza\u00e7\u00f5es Globo &#8211; Geo Eventos &#8211; receber\u00e1 R$ 30 milh\u00f5es dos governos do Estado e da Prefeitura do Rio de Janeiro para organizar a \u201cfesta\u201d do sorteio preliminar das eliminat\u00f3rias da Copa do Mundo de 2014.<\/p>\n<p>Ocorre que a subsidi\u00e1ria da fam\u00edlia Marinho foi contratada em regime de exclusividade \u2013 sem licita\u00e7\u00e3o! &#8211; pelo Comit\u00ea Organizador Local (COL) da Copa do Mundo de 2014. O sorteio acontecer\u00e1 nesse s\u00e1bado (30), na zona Sul do Rio, e ser\u00e1 transmitido ao vivo para cerca de 200 pa\u00edses.<\/p>\n<p>Ao procurar patrocinadores para a festa, a Geo Eventos encontrou apenas dois: a Prefeitura do Rio e o Governo do Estado, que assinaram contratos de patroc\u00ednio no valor de R$ 15 milh\u00f5es cada. A Fifa, que \u00e9 a \u201cdona\u201d da festa, n\u00e3o gastar\u00e1 um \u00fanico centavo no evento, que ser\u00e1 feito pela Globo \u2013 sem licita\u00e7\u00e3o, cabe lembrar \u2013 e pago pelos cofres p\u00fablicos.<\/p>\n<p>\u00a0<\/p>\n<hr \/>\n<p><strong>Uma m\u00e3o lava a outra?<\/strong><\/p>\n<p>O empres\u00e1rio Eike Batista e Sergio Cabral \u201cestenderam\u201d a parceria aos esportes. Depois de se tornar p\u00fablico que o governador do Rio de Janeiro usa o jatinho particular do bilion\u00e1rio para fazer turismo, foi anunciado que o RJX, time de v\u00f4lei rec\u00e9m-criado e que ter\u00e1 investimento de R$ 13 milh\u00f5es de Eike, usar\u00e1 as instala\u00e7\u00f5es do Maracan\u00e3zinho para treinos e jogos \u2013 gratuitamente!<\/p>\n<p>Eike foi o principal patrocinador da candidatura do Rio para a Olimp\u00edada-16. O empres\u00e1rio doou R$ 10 milh\u00f5es para o projeto, que foi escolhido pelo COI (Comit\u00ea Ol\u00edmpico Internacional). Eike tamb\u00e9m patrocina os projetos das UPPs (Unidades de Pol\u00edcia Pacificadoras), principal vitrine do governo Cabral.<\/p>\n<p>Ao todo, Eike doou R$ 139 milh\u00f5es para projetos do governo estadual nos \u00faltimos tr\u00eas anos, conforme a Folha de S. Paulo publicou em junho. Desde 2007, o empres\u00e1rio recebeu isen\u00e7\u00f5es fiscais de R$ 75 milh\u00f5es.<\/p>\n","protected":false},"excerpt":{"rendered":"\n\n\n\n\n\n\n\n\n\n\n\nO Olhar Comunista desta semana destaca irregularidades encontradas nos hospitais p\u00fablicos. De acordo com mat\u00e9rias divulgadas pela imprensa na \u00faltima semana, foi encontrado alimento estragado em hospitais provados no Rio de Janeiro, e a fila para atendimento na rede p\u00fablica de S\u00e3o Paulo pode chegar a dois anos.\n<a class=\"moretag\" href=\"https:\/\/pcb.org.br\/portal2\/1704\"> <\/a>","protected":false},"author":1,"featured_media":0,"comment_status":"open","ping_status":"open","sticky":false,"template":"","format":"standard","meta":{"jetpack_post_was_ever_published":false,"_jetpack_newsletter_access":"","_jetpack_dont_email_post_to_subs":false,"_jetpack_newsletter_tier_id":0,"_jetpack_memberships_contains_paywalled_content":false,"_jetpack_memberships_contains_paid_content":false,"footnotes":"","jetpack_publicize_message":"","jetpack_publicize_feature_enabled":true,"jetpack_social_post_already_shared":false,"jetpack_social_options":{"image_generator_settings":{"template":"highway","default_image_id":0,"font":"","enabled":false},"version":2}},"categories":[100],"tags":[],"class_list":["post-1704","post","type-post","status-publish","format-standard","hentry","category-c113-a-semana-no-olhar-comunista"],"jetpack_publicize_connections":[],"jetpack_featured_media_url":"","jetpack_shortlink":"https:\/\/wp.me\/p659gw-ru","jetpack-related-posts":[],"jetpack_likes_enabled":true,"jetpack_sharing_enabled":true,"_links":{"self":[{"href":"https:\/\/pcb.org.br\/portal2\/wp-json\/wp\/v2\/posts\/1704","targetHints":{"allow":["GET"]}}],"collection":[{"href":"https:\/\/pcb.org.br\/portal2\/wp-json\/wp\/v2\/posts"}],"about":[{"href":"https:\/\/pcb.org.br\/portal2\/wp-json\/wp\/v2\/types\/post"}],"author":[{"embeddable":true,"href":"https:\/\/pcb.org.br\/portal2\/wp-json\/wp\/v2\/users\/1"}],"replies":[{"embeddable":true,"href":"https:\/\/pcb.org.br\/portal2\/wp-json\/wp\/v2\/comments?post=1704"}],"version-history":[{"count":0,"href":"https:\/\/pcb.org.br\/portal2\/wp-json\/wp\/v2\/posts\/1704\/revisions"}],"wp:attachment":[{"href":"https:\/\/pcb.org.br\/portal2\/wp-json\/wp\/v2\/media?parent=1704"}],"wp:term":[{"taxonomy":"category","embeddable":true,"href":"https:\/\/pcb.org.br\/portal2\/wp-json\/wp\/v2\/categories?post=1704"},{"taxonomy":"post_tag","embeddable":true,"href":"https:\/\/pcb.org.br\/portal2\/wp-json\/wp\/v2\/tags?post=1704"}],"curies":[{"name":"wp","href":"https:\/\/api.w.org\/{rel}","templated":true}]}}