{"id":1718,"date":"2011-08-02T22:38:34","date_gmt":"2011-08-02T22:38:34","guid":{"rendered":"http:\/\/pcb.org.br\/portal2\/?p=1718"},"modified":"2011-08-02T22:38:34","modified_gmt":"2011-08-02T22:38:34","slug":"terrorismo-politico-organizado-o-massacre-noruegues-o-estado-a-midia-e-israel","status":"publish","type":"post","link":"https:\/\/pcb.org.br\/portal2\/1718","title":{"rendered":"Terrorismo pol\u00edtico organizado: O massacre noruegu\u00eas, o Estado, a m\u00eddia e Israel"},"content":{"rendered":"\n<p>&#8220;Deixem-nos ent\u00e3o combater em conjunto com Israel, com nossos irm\u00e3os sionistas contra todos os anti-sionistas, contra todos os marxistas culturais\/multicutralistas&#8221;.<\/p>\n<p>Manifesto de Anders Behring Breivik<\/p>\n<p>&#8220;&#8230; existem mais duas c\u00e9lulas na minha organiza\u00e7\u00e3o&#8221;&#8230;<\/p>\n<p>Ander Behring Breivik sob cust\u00f3dia policial (Reuters 7\/25\/11)<\/p>\n<p>O atentado \u00e0 bomba do gabinete do primeiro-ministro noruegu\u00eas em 22\/Julho\/2011, Jen Stoltenberg, do Partido Trabalhista, o qual matou oito civis, e o subsequente assassinato pol\u00edtico de 68 activistas desarmados da Juventude do Partido Trabalhista na Ilha Utoeya, a apenas 20 minutos de Oslo, pelo militante neo-fascista crist\u00e3o-sionista, levanta quest\u00f5es fundamentais acerca do crescimento das liga\u00e7\u00f5es entre a extrema direita legal, a m\u00eddia &#8220;de refer\u00eancia&#8221;, a pol\u00edtica norueguesa, Israel e o terrorismo de extrema direita.<\/p>\n<p><strong>A m\u00eddia e a ascens\u00e3o do terrorismo de direita: <\/strong><\/p>\n<p>Os principais jornais de l\u00edngua inglesa, <em> The New York Times (NYT), <\/em> o <em> Washington Post (WP), <\/em> o <em> Wall Street Journal <\/em> e o <em> Financial Times (FT), <\/em> bem como o presidente Obama, culparam &#8220;extremistas isl\u00e2micos&#8221;, desde os primeiros relat\u00f3rios policiais dos assassinatos, publicando um s\u00e9rie de manchetes incendi\u00e1rias (e falsas) e reportagens, etiquetando o evento como o &#8220;11\/Set da Noruega&#8221;, o qual refletia a motiva\u00e7\u00e3o ideol\u00f3gica e justifica\u00e7\u00e3o mencionada pelo pr\u00f3prio assassino pol\u00edtico crist\u00e3o-sionista, Anders Behring Breivik. Na primeira p\u00e1gina do Financial Times (de Londres) de 23-24\/Julho, lia-se &#8220;Temores do extremismo isl\u00e2mico: O pior ataque na Europa desde 2005&#8221;. Obama imediatamente citou o ataque terrorista na Noruega para mais uma vez justificar suas guerras al\u00e9m-mar contra pa\u00edses mu\u00e7ulmanos. O FF, NYT, WP e WSJ ativaram seus auto-intitulados &#8220;peritos&#8221;, os quais debateram acerca de quais l\u00edderes ou movimentos \u00e1rabes\/isl\u00e2micos foram respons\u00e1veis \u2013 apesar de informa\u00e7\u00f5es da imprensa norueguesa da &#8220;pris\u00e3o de um homem n\u00f3rdico em uniforme de pol\u00edcia&#8221;.<\/p>\n<p>Evidentemente, a m\u00eddia e a elite pol\u00edtica dos EUA estavam ansiosos por utilizar o atentado bombista e os assassinatos para justificar guerras imperiais em curso al\u00e9m-mar, ignorando o florescimento de organiza\u00e7\u00f5es internas de extrema direita e indiv\u00edduos violentos que s\u00e3o a consequ\u00eancia da propaganda de \u00f3dio oficial islamof\u00f3bica.<\/p>\n<p>Quando Anders Breivik, um conhecido extremista neo-fascista, entregou suas armas \u00e0 pol\u00edcia norueguesa, sem resist\u00eancia, e reivindicou o cr\u00e9dito pelo atentado \u00e0 bomba e o massacre, teve in\u00edcio a segunda fase do encobrimento oficial. De imediato, ele foi descrito como &#8220;um solit\u00e1rio lobo assassino&#8221;, o qual &#8220;atuou sozinho&#8221; (BBC, 24\/Julho\/2011) ou como mentalmente demente, minimizando suas redes pol\u00edticas, seus mentores ideol\u00f3gicos e compromissos com americanos, europeus e israelenses, que o levaram aos seus atos de terrorismo. Ainda mais ultrajante, a m\u00eddia e dirigentes ignoraram o fato de que este ataque terrorista complexo e com m\u00faltiplas fases estava al\u00e9m da capacidade de uma pessoa &#8220;demente&#8221;.<\/p>\n<p>Anders Behring Breivik foi membro de um partido pol\u00edtico de extrema-direita, o Partido do Progresso, e colaborador e contribuidor de um s\u00edtio web abertamente neo-nazi. Ele frequentemente centrava seu \u00f3dio sobre o Partido Trabalhista governante pela sua relativa toler\u00e2ncia de imigrantes. Despreza imigrantes, especialmente mu\u00e7ulmanos, e era um ardente apoiante crist\u00e3o-sionista da repress\u00e3o e terror israelense contra o povo palestino. Sua a\u00e7\u00e3o criminosa foi essencialmente pol\u00edtica e integrada numa rede pol\u00edtica muito mais vasta.<\/p>\n<p>A elite pol\u00edtica e os meios de comunica\u00e7\u00e3o fizeram todo o poss\u00edvel para negar o entrecruzamento de liga\u00e7\u00f5es entre islam\u00f3fobos ideol\u00f3gicos &#8220;legais&#8221;, como os sionistas americanos Daniel Pipes, David Horowitz, Robert Spencer e Pamela Geller, o Partido da Liberdade da extrema-direita holandesa, dirigido pelo entriguista Geert Wilders e seus hom\u00f3logos no Partido do Progresso noruegu\u00eas que se mobiliza contra a &#8220;amea\u00e7a mu\u00e7ulmana&#8221;. Os terroristas da &#8220;a\u00e7\u00e3o directa&#8221; tomam inspira\u00e7\u00e3o em partidos eleitorais, como o Partido do Progresso, o qual recruta e doutrina ativistas, como Behring Breivik, os quais deixam ent\u00e3o a &#8220;estrada eleitoral&#8221; para executarem suas carnificinas sangrentas, permitindo aos promotores do \u00f3dio &#8220;respeit\u00e1veis&#8221; conden\u00e1-lo hipocritamente&#8230; ap\u00f3s a afronta.<\/p>\n<p><strong> O assassino fascista: Um super-homem solit\u00e1rio viaja mais r\u00e1pido do que uma bala contra a pol\u00edcia que se move mais devagar do que uma tartaruga reum\u00e1tica: <\/strong><\/p>\n<p>O caso do &#8220;terrorista lobo solit\u00e1rio&#8221; desafia a credibilidade. \u00c9 um tecido de mentiras utilizadas para encobrir cumplicidade do estado, m\u00e1 conduta da intelig\u00eancia e a aguda viragem \u00e0 direita tanto na pol\u00edtica interna como externa de pa\u00edses da OTAN.<\/p>\n<p>N\u00e3o h\u00e1 qualquer base para aceitar a afirma\u00e7\u00e3o inicial de Breivik de que atuou s\u00f3 devido a v\u00e1rias raz\u00f5es relevantes: Primeiro, o carro bomba, que devastou o centro de Oslo, era uma arma altamente complexa que exige per\u00edcia e coordena\u00e7\u00e3o \u2013 da esp\u00e9cie dispon\u00edvel para estados ou servi\u00e7os de intelig\u00eancia, como o Mossad, o qual se especializa em carros bombas devastadores. Amadores, como Breivik, sem treino em explosivos, habitualmente explodem-se a si pr\u00f3prios ou falta-lhes a qualifica\u00e7\u00e3o necess\u00e1ria para conectar os dispositivos eletr\u00f4nicos de temporiza\u00e7\u00e3o ou detonadores remotos (como provaram fracassados &#8220;sapatos&#8221; e &#8220;cuecas&#8221; dos bombistas da Times Square).<\/p>\n<p>Em segundo lugar, os pormenores de (a) movimentar a bomba, (b) obter (roubando) um ve\u00edculo, (c) colocar o engenho no local estrat\u00e9gico, (d) detonar com \u00eaxito e (e) ent\u00e3o vestir um elaborado uniforme da pol\u00edcia especial com um arsenal de centenas de muni\u00e7\u00f5es e conduzir em outro ve\u00edculo para a ilha de Utoeya, (f) esperar pacientemente enquanto armado at\u00e9 os dentes por um ferry boat, (g) cruzar-se com outros passageiros no seu uniforme de pol\u00edcia, (h) acercar-se dos ativistas da Juventude Trabalhista e come\u00e7ar o massacre de grande n\u00famero de jovens desarmados e finalmente (i) liquidar os feridos e ca\u00e7ar aqueles que tentavam esconder-se ou nadar para longe \u2013 n\u00e3o \u00e9 atividade de um fan\u00e1tico solit\u00e1rio. Mesmo a combina\u00e7\u00e3o de um Super-homem, Einstein e um atirados de classe mundial n\u00e3o podiam executar tais tarefas.<\/p>\n<p>A m\u00eddia e os l\u00edderes da OTAN devem encarar o p\u00fablico como passivos est\u00fapidos ao esperar que acreditem que Anders Behring Breivik &#8220;atuou s\u00f3&#8221;. Ele est\u00e1 disposto a aguentar uma senten\u00e7a de 20 anos de pris\u00e3o, pois sustenta que a sua a\u00e7\u00e3o coletiva \u00e9 a fagulha que incendiar\u00e1 seus camaradas e promover\u00e1 a agenda dos partidos violentos e legais de extrema-direita. Frente a um juiz noruegu\u00eas, em 25 de Julho, ele declarou publicamente a exist\u00eancia de &#8220;mais duas c\u00e9lulas na minha organiza\u00e7\u00e3o&#8221;. De acordo com testemunhas na Ilha Utoeya, foram ouvidos tiros de duas armas distintas vindos de diferentes dire\u00e7\u00f5es durante o massacre. A pol\u00edcia, dizem eles, est\u00e1 a &#8230; &#8220;investigar&#8221;. N\u00e3o \u00e9 preciso dizer que a pol\u00edcia nada encontrou; ao inv\u00e9s disso, simularam um &#8220;show&#8221; para encobrir a sua ina\u00e7\u00e3o com a invas\u00e3o de duas casas longe do massacre e rapidamente libertaram os suspeitos.<\/p>\n<p>Contudo, a mais grave implica\u00e7\u00e3o pol\u00edtica da a\u00e7\u00e3o terrorista \u00e9 a ostensiva cumplicidade de altos respons\u00e1veis da pol\u00edcia. A pol\u00edcia levou 90 minutos para chegar a Ilha Utoeya, localizada a menos de 20 milhas [32 km] de Oslo, 12 minutos de helic\u00f3ptero e 25 a 30 minutos de carro e barco. A demora permitiu aos assassinos da extrema-direita utilizaram toda a muni\u00e7\u00e3o, maximizando a mortes de jovens, ativistas anti-fascistas, e devastando o movimento trabalhista juvenil. O chefe de pol\u00edcia, Sveinung Sponheim, deu a mais fraca das desculpas, afirmando &#8220;problemas com transporte&#8221;. Sponheim argumentou que n\u00e3o estava pronto um helic\u00f3ptero e que &#8220;n\u00e3o podiam encontrar um barco&#8221; (Associated Press, 24\/Julho\/2011).<\/p>\n<p>Mas havia um helic\u00f3ptero dispon\u00edvel. Ele conseguiu voar a Utoeya e filmar a carnificina em curso, e mais da metade dos noruegueses, um povo mar\u00edtimo h\u00e1 mil\u00e9nios, possui ou tem acesso a um barco. Uma for\u00e7a policial, confrontada com o que o primeiro-ministro chama a &#8220;pior atrocidade desde a ocupa\u00e7\u00e3o nazi&#8221;, a mover-se ao ritmo de uma tartaruga reum\u00e1tica para resgatar jovens ativistas, levanta a suspeita de algum n\u00edvel de cumplicidade. A quest\u00e3o \u00f3bvia que se levanta \u00e9 o grau em que a ideologia do extremismo de direita \u2013 neo-fascismo \u2013 penetrou a pol\u00edcia e as for\u00e7as de seguran\u00e7a, especialmente os escal\u00f5es superiores. Este n\u00edvel de &#8220;inatividade&#8221; levanta mais quest\u00f5es do que respostas. O que sugere que os sociais-democratas s\u00f3 controlam parte do governo \u2013 o legislativo, ao passo que os neo-fascistas influenciam o aparelho de estado.<\/p>\n<p>O fato claro \u00e9 que a pol\u00edcia n\u00e3o salvou uma \u00fanica vida. Quando finalmente chegou, Anders Behring Breivik havia esgotado a sua muni\u00e7\u00e3o e rendeu-se \u00e0 pol\u00edcia. A pol\u00edcia literalmente n\u00e3o disparou um \u00fanico tiro; ela nem mesmo teve de ca\u00e7ar ou capturar o assassino. Um cen\u00e1rio quase coreografado: centenas de feridos, 68 desarmados ativistas pac\u00edficos mortos e o movimento da juventude trabalhista dizimado.<\/p>\n<p>A pol\u00edcia pode afirmar &#8220;crime resolvido&#8221; enquanto a m\u00eddia tagarela acerca de um &#8220;assassino solit\u00e1rio&#8221;. A extrema-direita tem um &#8220;m\u00e1rtir&#8221; para mascarar um novo avan\u00e7o na sua cruzada anti-mu\u00e7ulmana e pr\u00f3 Israel. (Recorda o celebrado fascista israelense-americano, assassino em massa, Dr. Baruch Goldstein, que massacrou d\u00fazias de palestinos desarmados, homens e rapazes e um pregador, em 1994).<\/p>\n<p>Apenas dois dias antes dos assass\u00ednios pol\u00edticos, o respons\u00e1vel do Movimento da Juventude do Partido Trabalhista, Eskil Pederson, deu uma entrevista ao <em> Dagbladet, <\/em> o segundo maior tabl\u00f3ide da Noruega, na qual anunciava um &#8220;embargo econ\u00f4mico unilateral a Israel por parte da Noruega&#8221; (Gilad Atzmon, 24\/Julho\/2011).<\/p>\n<p>O fato que importa \u00e9 que os militares noruegueses n\u00e3o t\u00eam problemas em despachar rapidamente 500 tropas para o Afeganist\u00e3o, a milhares de quil\u00f3metros e proporcionar seis jatos e pilotos da For\u00e7a A\u00e9rea Norueguesa para bombardear e aterrorizar a L\u00edbia. E ainda assim eles n\u00e3o podem encontrar um helic\u00f3ptero ou um simples barco para transportar a sua pol\u00edcia algumas centenas de metros para impedir um ato terrorista interno da direita \u2013 cujo comportamento assassino estava a ser descrito segundo a segundo pelas jovens v\u00edtimas aterrorizadas nos seus telem\u00f3veis aos seus pais desesperados.<\/p>\n<p><strong> As ra\u00edzes imperiais do fascismo interno: Conclus\u00e3o <\/strong><\/p>\n<p>Claramente, as decis\u00f5es da Noruega e outros pa\u00edses escandinavos de participar nas cruzadas imperiais dos EUA contra mu\u00e7ulmanos e especialmente \u00e1rabes no M\u00e9dio Oriente excitaram e revigoraram a direita neo-fascista. Eles agora querem &#8220;trazer a guerra para casa&#8221;: querem que a Noruega v\u00e1 mais al\u00e9m, &#8220;expurgar a na\u00e7\u00e3o, pela expuls\u00e3o de mu\u00e7ulmanos. Eles querem &#8220;enviar uma mensagem&#8221; ao Partido Trabalhista: Ou aceita uma plena agenda neo-fascista a favor de Israel ou aguarda mais massacres, mais seguidores de Anders Behring Breivik.<\/p>\n<p>O &#8220;Partido do Progresso&#8221; \u00e9 agora o segundo maior partido pol\u00edtico na Noruega. Se uma coliga\u00e7\u00e3o &#8220;conservadora&#8221; derrotar os trabalhistas, neo-fascistas provavelmente ter\u00e3o assento no governo. Quem sabe, ap\u00f3s uns poucos anos de bom comportamento, eles possam encontrar uma desculpa para comutar a senten\u00e7a do seu ex-camarada &#8230; ou proclam\u00e1-lo mentalmente reabilitado e livre.<\/p>\n<p>O que \u00e9 claramente necess\u00e1rio \u00e9 a retirada imediata de todas as tropas de guerras imperiais e um combate sistem\u00e1tico, coerente e organizado contra terroristas internos e seus padrinhos intelectuais na Am\u00e9rica, Israel e Europa. A Juventude Trabalhista deve ir em frente com o seu pedido de que o governo trabalhista, sob o primeiro-ministro Jen Stoltenberg, reconhe\u00e7a a na\u00e7\u00e3o da Palestina e implemente um boicote total a bens e servi\u00e7os de Israel. Uma campanha de educa\u00e7\u00e3o pol\u00edtica nacional e internacional deve se organizar para revelar as liga\u00e7\u00f5es entre fascistas eleitorais respeit\u00e1veis e terroristas violentos. Os m\u00e1rtires da Juventude Trabalhista da Ilha de Utoeya deveriam ser guardados no cora\u00e7\u00e3o e os seus ideais ensinados em todas as escolas. Seus inimigos e apoiantes de extrema-direita, abertos, encobertos ou diretamente c\u00famplices, deveriam ser revelados e condenados. A melhor arma contra o renovado ataque neo-fascista \u00e9 uma ofensiva pol\u00edtica e educacional, assumindo as tradi\u00e7\u00f5es de combate anti-fascista e anti-Quisling (o not\u00f3rio colaborador nazi da Noruega) dos seus av\u00f3s. N\u00e3o \u00e9 demasiado tarde \u2013 se o Partido Trabalhista, os sindicatos noruegueses e a juventude anti-fascista atuarem agora antes do dil\u00favio do fascismo ressurgente.<\/p>\n<p>31\/Julho\/2011 The CRG grants permission to cross-post original Global Research articles on community internet sites as long as the text &amp; title are not modified. The source and the author&#8217;s copyright must be displayed. For publication of Global Research articles in print or other forms including commercial internet sites, contact: <a href=\"mailto:publications@globalresearch.ca\" target=\"_blank\">publications@globalresearch.ca<\/a><\/p>\n<p><strong> O original encontra-se em <a href=\"http:\/\/www.globalresearch.ca\/index.php?context=va&amp;aid=25839\" target=\"_blank\"> http:\/\/www.globalresearch.ca\/index.php?context=va&amp;aid=25839<\/a> <\/strong><\/p>\n<p><strong> Este artigo encontra-se em <\/strong><a href=\"http:\/\/resistir.info\/petras\/petras_31jul11.html\" target=\"_blank\">http:\/\/resistir.info\/petras\/petras_31jul11.html<\/a><\/p>\n<p align=\"justify\">\n","protected":false},"excerpt":{"rendered":"\n\n\nCr\u00e9dito: images.mirror.co.uk\n\n\n\n\n\n\n\n\npor James Petras*\n<a class=\"moretag\" href=\"https:\/\/pcb.org.br\/portal2\/1718\"> <\/a>","protected":false},"author":1,"featured_media":0,"comment_status":"open","ping_status":"open","sticky":false,"template":"","format":"standard","meta":{"jetpack_post_was_ever_published":false,"_jetpack_newsletter_access":"","_jetpack_dont_email_post_to_subs":false,"_jetpack_newsletter_tier_id":0,"_jetpack_memberships_contains_paywalled_content":false,"_jetpack_memberships_contains_paid_content":false,"footnotes":"","jetpack_publicize_message":"","jetpack_publicize_feature_enabled":true,"jetpack_social_post_already_shared":false,"jetpack_social_options":{"image_generator_settings":{"template":"highway","default_image_id":0,"font":"","enabled":false},"version":2}},"categories":[38],"tags":[],"class_list":["post-1718","post","type-post","status-publish","format-standard","hentry","category-c43-imperialismo"],"jetpack_publicize_connections":[],"jetpack_featured_media_url":"","jetpack_shortlink":"https:\/\/wp.me\/p659gw-rI","jetpack-related-posts":[],"jetpack_likes_enabled":true,"jetpack_sharing_enabled":true,"_links":{"self":[{"href":"https:\/\/pcb.org.br\/portal2\/wp-json\/wp\/v2\/posts\/1718","targetHints":{"allow":["GET"]}}],"collection":[{"href":"https:\/\/pcb.org.br\/portal2\/wp-json\/wp\/v2\/posts"}],"about":[{"href":"https:\/\/pcb.org.br\/portal2\/wp-json\/wp\/v2\/types\/post"}],"author":[{"embeddable":true,"href":"https:\/\/pcb.org.br\/portal2\/wp-json\/wp\/v2\/users\/1"}],"replies":[{"embeddable":true,"href":"https:\/\/pcb.org.br\/portal2\/wp-json\/wp\/v2\/comments?post=1718"}],"version-history":[{"count":0,"href":"https:\/\/pcb.org.br\/portal2\/wp-json\/wp\/v2\/posts\/1718\/revisions"}],"wp:attachment":[{"href":"https:\/\/pcb.org.br\/portal2\/wp-json\/wp\/v2\/media?parent=1718"}],"wp:term":[{"taxonomy":"category","embeddable":true,"href":"https:\/\/pcb.org.br\/portal2\/wp-json\/wp\/v2\/categories?post=1718"},{"taxonomy":"post_tag","embeddable":true,"href":"https:\/\/pcb.org.br\/portal2\/wp-json\/wp\/v2\/tags?post=1718"}],"curies":[{"name":"wp","href":"https:\/\/api.w.org\/{rel}","templated":true}]}}