{"id":1721,"date":"2011-08-03T22:59:02","date_gmt":"2011-08-03T22:59:02","guid":{"rendered":"http:\/\/pcb.org.br\/portal2\/?p=1721"},"modified":"2011-08-03T22:59:02","modified_gmt":"2011-08-03T22:59:02","slug":"congresso-da-une-da-lama-ao-caos","status":"publish","type":"post","link":"https:\/\/pcb.org.br\/portal2\/1721","title":{"rendered":"Congresso da UNE \u2013 Da lama ao caos"},"content":{"rendered":"\n<p style=\"text-align: right;\">\u201c<em>Hoje o samba saiu procurando voce,<\/em><\/p>\n<p style=\"text-align: right;\"><em>Quem te viu, quem te v\u00ea&#8230;\u201d<\/em><\/p>\n<p style=\"text-align: right;\"><em>Chico Buarque<\/em><\/p>\n<p align=\"JUSTIFY\">Mais um Congresso da UNE &#8211; Uni\u00e3o Nacional dos Estudantes em Goi\u00e2nia e pouco p\u00f4de ser aproveitado pelos estudantes das atividades na programa\u00e7\u00e3o. Funcionando como moeda de troca na rela\u00e7\u00e3o do PC do B com o governo federal, a dire\u00e7\u00e3o da entidade fez de tudo para prestigiar o ex-presidente Lula, ministros de governo e funcion\u00e1rios de todos os escal\u00f5es, afirmando-se como correia de transmiss\u00e3o das pol\u00edticas governamentais junto aos estudantes.<\/p>\n<p align=\"JUSTIFY\">O congresso bancado com muito dinheiro do governo do PT e tamb\u00e9m do Governo goiano do PSDB &#8211; que ali\u00e1s ilustrava um boletim interno do congresso com seus \u201cfeitos\u201d pela educa\u00e7\u00e3o em Goi\u00e1s &#8211; afirmou a UNE como entidade que se presta a jogar uma nuvem de fuma\u00e7a acerca dos reais problemas enfrentados pelos estudantes brasileiros. N\u00e3o se mencionou nas resolu\u00e7\u00f5es congressuais a pen\u00faria que vivem as Universidade Estaduais pelo Brasil, na abertura da atividade nada de falar da greve dos servidores t\u00e9cnicos administrativos das Universidades Federais por todo pa\u00eds e fez-se quest\u00e3o de esvaziar o debate sobre o C\u00f3digo Florestal dos latifundi\u00e1rios e desmatadores, recentemente aprovado na c\u00e2mara, de relatoria do deputado Aldo Rebelo do PC do B.<\/p>\n<p align=\"JUSTIFY\">De onde poderia se esperar algo, da oposi\u00e7\u00e3o de esquerda, infelizmente o que se viu (com raras exce\u00e7\u00f5es) foi um jogo de vale-tudo para garantir uma fun\u00e7\u00e3o na diretoria executiva da entidade. Depois de eleitos os diretores e suas respectivas correntes mal se comunicam at\u00e9 o pr\u00f3ximo congresso. Amarradas \u00e0 l\u00f3gica institucional que rege a entidade, v\u00e1rias correntes da oposi\u00e7\u00e3o de esquerda pautavam sua unidade quase que exclusivamente pela contabilidade de delegados que os levaria a ocupar mais espa\u00e7o, deixando em segundo plano a discuss\u00e3o program\u00e1tica desse campo. Nas bancadas da oposi\u00e7\u00e3o de esquerda repetia-se a pr\u00e1tica de \u201cgincana\u201d onde cada um grita pra si mesmo, despolitizando o debate, valorizando os gritos de guerra, inviabilizando os pain\u00e9is e no final se desconsidera o que est\u00e1 sendo lido ou defendido no plen\u00e1rio, pr\u00e1tica da situa\u00e7\u00e3o governista ( PT,PC do B, PDT, PMDB, PTB, PSD, PPL e PSB) que \u00e9 repetida e triste de se ver no campo dos lutadores.<\/p>\n<p align=\"JUSTIFY\">Al\u00e9m do fato do Congresso, e suas resolu\u00e7\u00f5es, n\u00e3o problematizar a falta de recursos para a pesquisa , a aus\u00eancia de assist\u00eancia estudantil para quem sai de sua cidade para estudar e a falta de qualidade das faculdades particulares que se multiplicam por todo pa\u00eds, tivemos um triste exemplo de elei\u00e7\u00e3o de delegados fantasmas na UFG-Universidade Federal de Goi\u00e1s . Justamente de onde se espera que venham lideran\u00e7as juvenis que d\u00eaem um alento para o mar de injusti\u00e7as que assolam o pa\u00eds, se v\u00ea exemplos de corrup\u00e7\u00e3o. A Juventude do PC do B: UJS -Uni\u00e3o da Juventude Socialista- e a juventude da corrente Articula\u00e7\u00e3o de Esquerda do PT- Partido dos Trabalhadores, fizeram um acordo de bastidores e retiraram crach\u00e1s de delegados ao Congresso da UNE mesmo sem terem sido eleitos, demonstrando o car\u00e1ter burocratizado e fraudulento desse congresso e de tais organiza\u00e7\u00f5es. N\u00e3o \u00e9 a toa que essas correntes foram eleitas para diretoria da UNE na mesma chapa ao final do Congresso.<\/p>\n<p align=\"JUSTIFY\">Fica a li\u00e7\u00e3o de que o movimento estudantil deve priorizar cada vez mais o movimento pela base e que de nada adianta a disputa por uma entidade nacional se n\u00e3o tivermos em mente em primeiro lugar qual o projeto de Universidade e Educa\u00e7\u00e3o n\u00f3s queremos. Destacaram-se neste Congresso da UNE os debates paralelos e mobiliza\u00e7\u00f5es organizados pela UJC- Uni\u00e3o da Juventude Comunista , JCA-Juventude Comunsita Avan\u00e7ando e Juventude Libre para o Semin\u00e1rio Nacional de Universidade Popular que colocaram em quest\u00e3o um ponto central: Se as bandeiras do movimento estudantil n\u00e3o estiverem ligadas a um projeto estrat\u00e9gico de sociedade, para al\u00e9m do capitalismo, ficaremos disputando a qualquer custo estruturas estudantis burocratizadas que defendem vagamente uma \u201c universidade p\u00fablica, gratuita e de qualidade\u201d mesmo que esta sirva \u00e0 manuten\u00e7\u00e3o das desigualdades sociais reinantes.<\/p>\n<p align=\"JUSTIFY\">Mais que a li\u00e7\u00e3o dos erros fica a motiva\u00e7\u00e3o pelo acerto, a coragem para lutar por uma Universidade que atenda \u00e0s necessidades da maioria trabalhadora da popula\u00e7\u00e3o, tal qual fez a UNE em outros tempos. Uma universidade preocupada com os problemas de transporte, que denuncie a especula\u00e7\u00e3o imobili\u00e1ria e a devasta\u00e7\u00e3o do Cerrado pelo agroneg\u00f3cio. Tal qual os estudantes do Chile que neste momento v\u00e3o \u00e1s ruas para defender verba p\u00fablica s\u00f3 para educa\u00e7\u00e3o p\u00fablica \u2013 bem diferente do que a UNE defende-, o movimento estudantil se faz vivo no Brasil, na luta pelo Passe Livre, pela Universidade Popular e por mudan\u00e7as estruturais.<\/p>\n<p><strong>*Paulo Win\u00edcius \u201cMaskote\u201d<\/strong><\/p>\n<p><strong>Membro da Coordena\u00e7\u00e3o Nacional da UJC- Uni\u00e3o da Juventude Comunista<\/strong><\/p>\n<p><strong>Membro da Dire\u00e7\u00e3o Estadual do PCB em Goi\u00e1s<\/strong><\/p>\n<p>Fonte: <a href=\"http:\/\/ujc.org.br\/\" target=\"_blank\">UJC<\/a><\/p>\n","protected":false},"excerpt":{"rendered":"\n\n\nCr\u00e9dito: UJC\n\n\n\n\n\n\n\n\nPaulo Win\u00edcius*\n<a class=\"moretag\" href=\"https:\/\/pcb.org.br\/portal2\/1721\"> <\/a>","protected":false},"author":1,"featured_media":0,"comment_status":"open","ping_status":"open","sticky":false,"template":"","format":"standard","meta":{"jetpack_post_was_ever_published":false,"_jetpack_newsletter_access":"","_jetpack_dont_email_post_to_subs":false,"_jetpack_newsletter_tier_id":0,"_jetpack_memberships_contains_paywalled_content":false,"_jetpack_memberships_contains_paid_content":false,"footnotes":"","jetpack_publicize_message":"","jetpack_publicize_feature_enabled":true,"jetpack_social_post_already_shared":false,"jetpack_social_options":{"image_generator_settings":{"template":"highway","default_image_id":0,"font":"","enabled":false},"version":2}},"categories":[27],"tags":[],"class_list":["post-1721","post","type-post","status-publish","format-standard","hentry","category-c27-ujc"],"jetpack_publicize_connections":[],"jetpack_featured_media_url":"","jetpack_shortlink":"https:\/\/wp.me\/p659gw-rL","jetpack-related-posts":[],"jetpack_likes_enabled":true,"jetpack_sharing_enabled":true,"_links":{"self":[{"href":"https:\/\/pcb.org.br\/portal2\/wp-json\/wp\/v2\/posts\/1721","targetHints":{"allow":["GET"]}}],"collection":[{"href":"https:\/\/pcb.org.br\/portal2\/wp-json\/wp\/v2\/posts"}],"about":[{"href":"https:\/\/pcb.org.br\/portal2\/wp-json\/wp\/v2\/types\/post"}],"author":[{"embeddable":true,"href":"https:\/\/pcb.org.br\/portal2\/wp-json\/wp\/v2\/users\/1"}],"replies":[{"embeddable":true,"href":"https:\/\/pcb.org.br\/portal2\/wp-json\/wp\/v2\/comments?post=1721"}],"version-history":[{"count":0,"href":"https:\/\/pcb.org.br\/portal2\/wp-json\/wp\/v2\/posts\/1721\/revisions"}],"wp:attachment":[{"href":"https:\/\/pcb.org.br\/portal2\/wp-json\/wp\/v2\/media?parent=1721"}],"wp:term":[{"taxonomy":"category","embeddable":true,"href":"https:\/\/pcb.org.br\/portal2\/wp-json\/wp\/v2\/categories?post=1721"},{"taxonomy":"post_tag","embeddable":true,"href":"https:\/\/pcb.org.br\/portal2\/wp-json\/wp\/v2\/tags?post=1721"}],"curies":[{"name":"wp","href":"https:\/\/api.w.org\/{rel}","templated":true}]}}