{"id":17212,"date":"2017-11-16T14:05:38","date_gmt":"2017-11-16T17:05:38","guid":{"rendered":"https:\/\/pcb.org.br\/portal2\/?p=17212"},"modified":"2018-03-06T17:19:32","modified_gmt":"2018-03-06T20:19:32","slug":"trump-desgastado-atrapalha-ate-o-capital","status":"publish","type":"post","link":"https:\/\/pcb.org.br\/portal2\/17212","title":{"rendered":"Trump, desgastado, atrapalha at\u00e9 o capital"},"content":{"rendered":"<p><img data-recalc-dims=\"1\" height=\"420\" width=\"747\" decoding=\"async\" class=\"imagem\" title=\"imagem\" src=\"https:\/\/i0.wp.com\/cdn-istoedinheiro-ssl.akamaized.net\/wp-content\/uploads\/sites\/17\/2016\/11\/1470427741167-768x432.jpg?resize=747%2C420&#038;ssl=1\" alt=\"imagem\" \/><!--more-->OLHAR COMUNISTA \u2013 16\/11\/2017<\/p>\n<p>Cresce, nos Estados Unidos, a insatisfa\u00e7\u00e3o com a atua\u00e7\u00e3o do presidente Donald Trump. As consequ\u00eancias s\u00e3o m\u00faltiplas: nas elei\u00e7\u00f5es regionais realizadas recentemente, houve vit\u00f3rias expressivas dos Democratas; nas redes de TV, Trump \u00e9 denunciado por obstruir a Justi\u00e7a e descrito como mentalmente inst\u00e1vel, n\u00e3o confi\u00e1vel para comandar o pa\u00eds e ter, nas m\u00e3os, os c\u00f3digos para o disparo de armas nucleares. Fala-se, abertamente, na possibilidade de impeachment.<\/p>\n<p><img decoding=\"async\" class=\"imagemp\" title=\"imagem\" src=\"https:\/\/lh3.googleusercontent.com\/UDapwx9_8nyHnr7DzjcpbI0u8n1xd-1PqGIpwRFKFK-VaFYn98k1YNg_5WlP_LzNZfaMe45USwdIfdafq3m2QQpIRcYX5a1xIxGucT6e5RIm2OJil3iMIghVVlkIPLl3Ev979hihDCZJiL2T7XXhQ04HJ4ieqICOm8mD7aCnvOfrBi-mrJD4W2DVHbF6r4_NDT_QaKprmq9YphQb9wz1qq8qPQFtJPu2T1jrbiYeH4-nEca51e3VSUE6o3DJTPWQb7uKuq7Caq8JXdr0QbqxcMrEn_5o7aAwiyuu7qaf1kiyXFAOfY4h0LJDLxRgVLQ8s_6CoWKDuWVT_MzlNX10Qn8uLKIqO2xdKrVNUsRzgYcf170S3GMRpBWfRzqYKCcijrvt44F8jA_nNdQ_GbxcKnymOlGHa1Sp-yD3WZ4bcJFTG4zUKzjZxtfSboooCuhCC66S1p7HeEV4Amoz9HZitXtrMcu-YwoKi4gUmqqePbpeC_x80c8gC_wltzln6bC8Izw7bpEz42sicEBF1uSxt9d6TXtZthaKTDb0xC2mfJS-5GTpLJcR1DEILe2DdeNgLXxWvoiiRbFmnNN9-g8bPQHy-Ax0lDwZYv-A7l0SXOM=w600-h453-no\" alt=\"imagem\" \/>O desgaste do presidente norte-americano se d\u00e1 em todas as esferas. Na \u00e1rea ambiental, os EUA passaram a assumir uma postura mais agressiva contra todas as iniciativas internacionais em busca de um acordo definitivo sobre as emiss\u00f5es de CO2 e outros elementos &#8211; chave para o enfrentamento da crise; as posturas belicistas em rela\u00e7\u00e3o \u00e0 Coreia do Norte geram um clima de tens\u00e3o crescente e temor quanto \u00e0 deflagra\u00e7\u00e3o de um conflito nuclear na regi\u00e3o, de consequ\u00eancias imprevis\u00edveis. Declara\u00e7\u00f5es de guerra comercial em rela\u00e7\u00e3o \u00e0 China e \u00e0 Europa, a\u00e7\u00f5es para retirar direitos de imigrantes e est\u00edmulo ao \u00f3dio racial, para desmontar o seguro-sa\u00fade criado por Obama &#8211; o Obamacare &#8211; e para retomar integralmente o bloqueio a Cuba s\u00e3o apenas alguns dos elementos que refor\u00e7am, mais e mais, a rejei\u00e7\u00e3o popular ao presidente.<\/p>\n<p>Como pano de fundo, h\u00e1 o isolamento pol\u00edtico dos EUA, resultante das a\u00e7\u00f5es de Trump, que dificultam bastante os neg\u00f3cios das empresas americanas e acabam por favorecer indiretamente empresas de outros pa\u00edses na concorr\u00eancia internacional.<\/p>\n","protected":false},"excerpt":{"rendered":"<a class=\"moretag\" href=\"https:\/\/pcb.org.br\/portal2\/17212\"> <\/a>","protected":false},"author":1,"featured_media":0,"comment_status":"closed","ping_status":"closed","sticky":false,"template":"","format":"standard","meta":{"jetpack_post_was_ever_published":false,"_jetpack_newsletter_access":"","_jetpack_dont_email_post_to_subs":false,"_jetpack_newsletter_tier_id":0,"_jetpack_memberships_contains_paywalled_content":false,"_jetpack_memberships_contains_paid_content":false,"footnotes":"","jetpack_publicize_message":"","jetpack_publicize_feature_enabled":true,"jetpack_social_post_already_shared":true,"jetpack_social_options":{"image_generator_settings":{"template":"highway","default_image_id":0,"font":"","enabled":false},"version":2}},"categories":[100],"tags":[],"class_list":["post-17212","post","type-post","status-publish","format-standard","hentry","category-c113-a-semana-no-olhar-comunista"],"jetpack_publicize_connections":[],"jetpack_featured_media_url":"","jetpack_shortlink":"https:\/\/wp.me\/p659gw-4tC","jetpack-related-posts":[],"jetpack_likes_enabled":true,"jetpack_sharing_enabled":true,"_links":{"self":[{"href":"https:\/\/pcb.org.br\/portal2\/wp-json\/wp\/v2\/posts\/17212","targetHints":{"allow":["GET"]}}],"collection":[{"href":"https:\/\/pcb.org.br\/portal2\/wp-json\/wp\/v2\/posts"}],"about":[{"href":"https:\/\/pcb.org.br\/portal2\/wp-json\/wp\/v2\/types\/post"}],"author":[{"embeddable":true,"href":"https:\/\/pcb.org.br\/portal2\/wp-json\/wp\/v2\/users\/1"}],"replies":[{"embeddable":true,"href":"https:\/\/pcb.org.br\/portal2\/wp-json\/wp\/v2\/comments?post=17212"}],"version-history":[{"count":0,"href":"https:\/\/pcb.org.br\/portal2\/wp-json\/wp\/v2\/posts\/17212\/revisions"}],"wp:attachment":[{"href":"https:\/\/pcb.org.br\/portal2\/wp-json\/wp\/v2\/media?parent=17212"}],"wp:term":[{"taxonomy":"category","embeddable":true,"href":"https:\/\/pcb.org.br\/portal2\/wp-json\/wp\/v2\/categories?post=17212"},{"taxonomy":"post_tag","embeddable":true,"href":"https:\/\/pcb.org.br\/portal2\/wp-json\/wp\/v2\/tags?post=17212"}],"curies":[{"name":"wp","href":"https:\/\/api.w.org\/{rel}","templated":true}]}}