{"id":17214,"date":"2017-11-18T14:09:04","date_gmt":"2017-11-18T17:09:04","guid":{"rendered":"https:\/\/pcb.org.br\/portal2\/?p=17214"},"modified":"2018-03-06T17:18:40","modified_gmt":"2018-03-06T20:18:40","slug":"brasil-destaque-mundial-em-ataques-ao-meio-ambiente","status":"publish","type":"post","link":"https:\/\/pcb.org.br\/portal2\/17214","title":{"rendered":"Brasil: destaque mundial em ataques ao meio ambiente"},"content":{"rendered":"<p><img decoding=\"async\" class=\"imagem\" title=\"imagem\" src=\"https:\/\/i0.wp.com\/amazonia.org.br\/wp-content\/uploads\/2017\/05\/Greenpeace-Assinatura.png\" alt=\"imagem\" \/><!--more-->OLHAR COMUNISTA \u2013 18\/11\/2017<\/p>\n<p>Ao contr\u00e1rio dos elogios pela matriz energ\u00e9tica limpa e \u00e0 habilidade de conduzir negocia\u00e7\u00f5es entre pa\u00edses ricos e em desenvolvimento, frequentes em confer\u00eancias clim\u00e1ticas anteriores, o Brasil apresenta, neste ano, um quadro de mais emiss\u00f5es de CO2 e mais desmatamento. O pa\u00eds teve sua imagem prejudicada pelo an\u00fancio da inten\u00e7\u00e3o de permitir a venda de \u00e1reas de prote\u00e7\u00e3o na Amaz\u00f4nia para empresas mineradoras e tem obtido reveses na capta\u00e7\u00e3o de recursos para o financiamento \u00e0 preserva\u00e7\u00e3o das matas. Outra fonte de desgaste \u00e9 o fato de que o governo vem anunciando medidas de incentivo ao uso de combust\u00edveis f\u00f3sseis, na contram\u00e3o da concep\u00e7\u00e3o de sustentabilidade. As leis ambientais brasileiras s\u00e3o controversas e defasadas, em geral, dos padr\u00f5es de refer\u00eancia mundiais.<\/p>\n<p><img decoding=\"async\" class=\"imagemp\" title=\"imagem\" src=\"https:\/\/lh3.googleusercontent.com\/zLAfX58otYBeN7hvcoFJJhS_bQ8lNotPN9kZ9Cj3sB3riPU5AiBnHsG73J8XfstESdAABiGV3-YhbXREbqU8FXdUpTzubF82iixEXFsjKx0JAYOJyVA_JkQb5IqOpzPoQAQPXyIZu-jQ9zAA709RVVIG1vSHiha1tAjKKhbpYPzNELbu_xWao6sLmwsJfsK6gzwcF7J7IUOEQM73K8IRQ5LRDxF-hw5n9qSoPFwLS7RhxwJY7rRqhNt1pqbBtfBEgGfsHAdJgDNSAQOZTAL_mK2-PYt4LS2M0M07yl0UB1mLsnGwJuFcFCsAeE-fSI_M5-Tpzwiz1LMBHwIBOPdzJOAe9-vcJMa19bn_2nSEw9ynAN4EfugdNBzIZl9jlMvWt5FltY0FwQ_MMvcB5tGV_R6AjdWvNNobzdZs69ijWocrPyobVZfGOBAeB4ZrC1hRHvlsfqO5GqMUUqow9JU6iFOq2eLL9ClQm7Y7GxZKqKRF-pAvTn_rcMu1zlm2amWMdc62LpaeU26wuDUFHnpSXMSgV0JXytdGGL0YwHfPdVhQeCSjlx_ZSsT4z6nZ_WE-cfHigwabOXbT9OuzX_F_qOCxEUUA85NPztGJEQUvbpE=w600-h453-no\" alt=\"imagem\" \/>Nada disso acontece por acaso. A cria\u00e7\u00e3o de gado na regi\u00e3o amaz\u00f4nica \u00e9 a maior causa do desmatamento na regi\u00e3o, seguida pela explora\u00e7\u00e3o da madeira. O agroneg\u00f3cio avan\u00e7a sobre \u00e1reas de preserva\u00e7\u00e3o e exerceu forte influ\u00eancia na defini\u00e7\u00e3o do novo C\u00f3digo Florestal, que definiu a extens\u00e3o de matas ciliares (ao longo dos rios e lagos, para a sua preserva\u00e7\u00e3o) e outras medidas em claro favorecimento aos seus interesses. As leis que regulam as emiss\u00f5es e o destarte de rejeitos, entre outras, demoram muito tempo para serem elaboradas e promulgadas e t\u00eam seus efeitos rebaixados por a\u00e7\u00f5es na justi\u00e7a para o n\u00e3o pagamento das multas.<\/p>\n<p>O grande capital \u00e9 advers\u00e1rio direto do meio ambiente. Mas, a exemplo do que vem ocorrendo em diversas cidades da regi\u00e3o sul, nas quais a popula\u00e7\u00e3o se mobiliza para impedir a explora\u00e7\u00e3o do g\u00e1s de xisto &#8211; reservas de g\u00e1s localizadas abaixo dos len\u00e7\u00f3is e reservas d&#8217;\u00e1gua, como ao Aqu\u00edfero Guarani, \u00e9 hora de mobilizar a todos para que a quest\u00e3o ambiental seja enfrentada e seu principal inimigo &#8211; o capital &#8211; seja claramente identificado e combatido.<\/p>\n","protected":false},"excerpt":{"rendered":"<a class=\"moretag\" href=\"https:\/\/pcb.org.br\/portal2\/17214\"> <\/a>","protected":false},"author":1,"featured_media":0,"comment_status":"closed","ping_status":"closed","sticky":false,"template":"","format":"standard","meta":{"jetpack_post_was_ever_published":false,"_jetpack_newsletter_access":"","_jetpack_dont_email_post_to_subs":false,"_jetpack_newsletter_tier_id":0,"_jetpack_memberships_contains_paywalled_content":false,"_jetpack_memberships_contains_paid_content":false,"footnotes":"","jetpack_publicize_message":"","jetpack_publicize_feature_enabled":true,"jetpack_social_post_already_shared":true,"jetpack_social_options":{"image_generator_settings":{"template":"highway","default_image_id":0,"font":"","enabled":false},"version":2}},"categories":[100],"tags":[],"class_list":["post-17214","post","type-post","status-publish","format-standard","hentry","category-c113-a-semana-no-olhar-comunista"],"jetpack_publicize_connections":[],"jetpack_featured_media_url":"","jetpack_shortlink":"https:\/\/wp.me\/p659gw-4tE","jetpack-related-posts":[],"jetpack_likes_enabled":true,"jetpack_sharing_enabled":true,"_links":{"self":[{"href":"https:\/\/pcb.org.br\/portal2\/wp-json\/wp\/v2\/posts\/17214","targetHints":{"allow":["GET"]}}],"collection":[{"href":"https:\/\/pcb.org.br\/portal2\/wp-json\/wp\/v2\/posts"}],"about":[{"href":"https:\/\/pcb.org.br\/portal2\/wp-json\/wp\/v2\/types\/post"}],"author":[{"embeddable":true,"href":"https:\/\/pcb.org.br\/portal2\/wp-json\/wp\/v2\/users\/1"}],"replies":[{"embeddable":true,"href":"https:\/\/pcb.org.br\/portal2\/wp-json\/wp\/v2\/comments?post=17214"}],"version-history":[{"count":0,"href":"https:\/\/pcb.org.br\/portal2\/wp-json\/wp\/v2\/posts\/17214\/revisions"}],"wp:attachment":[{"href":"https:\/\/pcb.org.br\/portal2\/wp-json\/wp\/v2\/media?parent=17214"}],"wp:term":[{"taxonomy":"category","embeddable":true,"href":"https:\/\/pcb.org.br\/portal2\/wp-json\/wp\/v2\/categories?post=17214"},{"taxonomy":"post_tag","embeddable":true,"href":"https:\/\/pcb.org.br\/portal2\/wp-json\/wp\/v2\/tags?post=17214"}],"curies":[{"name":"wp","href":"https:\/\/api.w.org\/{rel}","templated":true}]}}