{"id":1725,"date":"2011-08-05T18:05:38","date_gmt":"2011-08-05T18:05:38","guid":{"rendered":"http:\/\/pcb.org.br\/portal2\/?p=1725"},"modified":"2011-08-05T18:05:38","modified_gmt":"2011-08-05T18:05:38","slug":"bolivia-aprova-lei-de-telecomunicacoes","status":"publish","type":"post","link":"https:\/\/pcb.org.br\/portal2\/1725","title":{"rendered":"Bol\u00edvia aprova lei de telecomunica\u00e7\u00f5es"},"content":{"rendered":"\n<p>A nova lei reserva 33% das frequ\u00eancias para o Estado, 33% para o setor privado, 17% para o setor comunit\u00e1rio e 17% para os povos origin\u00e1rios e afrobolivianos*<\/p>\n<p>Foi aprovada ontem (29) pelo Senado boliviano, e dever\u00e1 ser sancionada em breve pelo Presidente Evo Morales, uma audaciosa lei de telecomunica\u00e7\u00f5es que estabelece um marco regulat\u00f3rio para a propriedade privada de r\u00e1dio e televis\u00e3o no pa\u00eds e garante v\u00e1rios direitos aos povos origin\u00e1rios. A lei tamb\u00e9m cria um processo de licita\u00e7\u00e3o p\u00fablica para todas as concess\u00f5es de redes comerciais e estabelece requisitos que dever\u00e3o ser cumpridos pelas concession\u00e1rias privadas. O artigo 1\u00ba define o objeto da nova lei como \u201cestabelecer o regime geral de telecomunica\u00e7\u00f5es e tecnologias da informa\u00e7\u00e3o, do servi\u00e7o postal e o sistema de regula\u00e7\u00e3o, na busca do bem viver, garantindo o direito humano individual e coletivo \u00e0 comunica\u00e7\u00e3o, com respeito \u00e0 pluralidade econ\u00f4mica, social, jur\u00eddica, pol\u00edtica e cultural da totalidade das bolivianas e dos bolivianos, as na\u00e7\u00f5es e povos ind\u00edgenas origin\u00e1rios e camponeses, as comunidades interculturais e afrobolivianas do Estado Plurinacional da Bol\u00edvia\u201d.<\/p>\n<p>Segundo a nova lei, a distribui\u00e7\u00e3o dos canais de r\u00e1dio e televis\u00e3o anal\u00f3gica em n\u00edvel nacional dever\u00e1 obedecer o seguinte princ\u00edpio: ao Estado, caber\u00e1 at\u00e9 33% do total de canais; ao setor comercial privado, caber\u00e1 at\u00e9 33%; ao setor social comunit\u00e1rio, at\u00e9 17%; aos povos ind\u00edgenas origin\u00e1rios, camponeses e comunidades afrobolivianas, caber\u00e1 at\u00e9 17%. A concess\u00e3o das frequ\u00eancias se dar\u00e1 mediante decis\u00e3o do Executivo, no caso das frequ\u00eancias do Estado, e por licita\u00e7\u00e3o p\u00fablica, no caso das frequ\u00eancias destinadas ao setor comercial. No caso do setor social comunit\u00e1rio e dos povos origin\u00e1rios, camponeses e afrobolivianos, as concess\u00f5es ser\u00e3o feitas mediante concurso de projetos.<\/p>\n<p>Acionistas, s\u00f3cios e pessoas que tenham rela\u00e7\u00e3o de consanguinidade de at\u00e9 segundo grau com o Ministro da \u00e1rea e com o diretor executivo da ag\u00eancia reguladora, a APTEL, est\u00e3o legalmente impedidos de serem concession\u00e1rios. Tamb\u00e9m n\u00e3o poder\u00e3o obter licen\u00e7as todos aqueles que tenham tido declarada a caducidade de seus contratos de habilita\u00e7\u00e3o para fornecer servi\u00e7os de telecomunica\u00e7\u00f5es ou aqueles que n\u00e3o estejam em dia com suas obriga\u00e7\u00f5es com a APTEL.<\/p>\n<p>O artigo 56 da nova lei garante a inviolabilidade e o segredo das comunica\u00e7\u00f5es, dando a elas prote\u00e7\u00e3o id\u00eantica \u00e0quela de que desfrutam as informa\u00e7\u00f5es pessoais do cidad\u00e3o. O artigo 65 cria o Programa Nacional de Telecomunica\u00e7\u00f5es de Inclus\u00e3o Social, destinado ao financiamento de programas e projetos de telecomunica\u00e7\u00f5es que permitam a expans\u00e3o da informa\u00e7\u00e3o com interesse social.<\/p>\n<p>Nos meios empresariais, a resposta foi a conhecida reclama\u00e7\u00e3o de que a \u201cliberdade de imprensa\u201d estava sendo limitada. Os jornais e canais de TV alinhados com a direita boliviana deliberadamente misturaram os 33% concedidos ao Estado com os 34% reservados para o setor comunit\u00e1rio e os povos origin\u00e1rios, apresentando a nova lei como se ela determinasse que 67% das concess\u00f5es estivessem reservadas para os que est\u00e3o \u201calinhados com o governo\u201d. A transi\u00e7\u00e3o para o novo sistema ser\u00e1 gradual, feita na medida em que ven\u00e7am as licen\u00e7as de funcionamento das atuais r\u00e1dios e Tvs.<\/p>\n<p>*na Revista F\u00f3rum <a href=\"http:\/\/www.revistaforum.com.br\/\" target=\"_blank\">http:\/\/www.revistaforum.com.br<\/a><\/p>\n","protected":false},"excerpt":{"rendered":"\n\n\nCr\u00e9dito: Revista F\u00f3rum\n\n\n\n\n\n\n\n\nIdelber Avelar*\n<a class=\"moretag\" href=\"https:\/\/pcb.org.br\/portal2\/1725\"> <\/a>","protected":false},"author":1,"featured_media":0,"comment_status":"open","ping_status":"open","sticky":false,"template":"","format":"standard","meta":{"jetpack_post_was_ever_published":false,"_jetpack_newsletter_access":"","_jetpack_dont_email_post_to_subs":false,"_jetpack_newsletter_tier_id":0,"_jetpack_memberships_contains_paywalled_content":false,"_jetpack_memberships_contains_paid_content":false,"footnotes":"","jetpack_publicize_message":"","jetpack_publicize_feature_enabled":true,"jetpack_social_post_already_shared":false,"jetpack_social_options":{"image_generator_settings":{"template":"highway","default_image_id":0,"font":"","enabled":false},"version":2}},"categories":[44],"tags":[],"class_list":["post-1725","post","type-post","status-publish","format-standard","hentry","category-c55-bolivia"],"jetpack_publicize_connections":[],"jetpack_featured_media_url":"","jetpack_shortlink":"https:\/\/wp.me\/p659gw-rP","jetpack-related-posts":[],"jetpack_likes_enabled":true,"jetpack_sharing_enabled":true,"_links":{"self":[{"href":"https:\/\/pcb.org.br\/portal2\/wp-json\/wp\/v2\/posts\/1725","targetHints":{"allow":["GET"]}}],"collection":[{"href":"https:\/\/pcb.org.br\/portal2\/wp-json\/wp\/v2\/posts"}],"about":[{"href":"https:\/\/pcb.org.br\/portal2\/wp-json\/wp\/v2\/types\/post"}],"author":[{"embeddable":true,"href":"https:\/\/pcb.org.br\/portal2\/wp-json\/wp\/v2\/users\/1"}],"replies":[{"embeddable":true,"href":"https:\/\/pcb.org.br\/portal2\/wp-json\/wp\/v2\/comments?post=1725"}],"version-history":[{"count":0,"href":"https:\/\/pcb.org.br\/portal2\/wp-json\/wp\/v2\/posts\/1725\/revisions"}],"wp:attachment":[{"href":"https:\/\/pcb.org.br\/portal2\/wp-json\/wp\/v2\/media?parent=1725"}],"wp:term":[{"taxonomy":"category","embeddable":true,"href":"https:\/\/pcb.org.br\/portal2\/wp-json\/wp\/v2\/categories?post=1725"},{"taxonomy":"post_tag","embeddable":true,"href":"https:\/\/pcb.org.br\/portal2\/wp-json\/wp\/v2\/tags?post=1725"}],"curies":[{"name":"wp","href":"https:\/\/api.w.org\/{rel}","templated":true}]}}