{"id":17267,"date":"2017-11-19T09:06:42","date_gmt":"2017-11-19T12:06:42","guid":{"rendered":"https:\/\/pcb.org.br\/portal2\/?p=17267"},"modified":"2017-11-19T09:16:54","modified_gmt":"2017-11-19T12:16:54","slug":"estao-destruindo-nossos-direitos","status":"publish","type":"post","link":"https:\/\/pcb.org.br\/portal2\/17267","title":{"rendered":"Est\u00e3o destruindo nossos direitos"},"content":{"rendered":"<p><img decoding=\"async\" class=\"imagem\" title=\"imagem\" src=\"https:\/\/lh3.googleusercontent.com\/gVlXwEWACx10thPhcqEHdIekguANHU_qFhYCOeaIBsoQbnfWhrFf5QcCz13bleLD5kE-KSOVM5iTQlJpkYxfo1BLMiZVEkaUur79iK8xzXv2ZBSfqIC-ZNEO_sbuliH5xg9VSf4QESNjAvDLrQSmKLLsuTZLO3lk5S0L2H4H6z062DwPDmA33ddcdivMWbMOLUoh6dfndp1UbvAug8U-uiZm1MblEt16GvzTYrGyrSkySblfZY2V79UoWv50mz_IwfkLvcemx8BeHkc4Eib9co0g6BJfpCkl8xn4ptGfQ10gPqcGiFSNQa4ZNfrLkhM0QDyOHnfZ3MNO1jELuL-s35Vix69WEhAwj6m0ldidke5DyPqCUUOlj_sKI6D7z_iHDoZdnxnqcIkhuAtEt5rJyTxOuAT5QgOuPm3_nMmEH__rRRAnDgkrSWZESMx3-JvGw3FXKW4ZtnsnMn672nCtBK1_4eKkaPL5jZRZc0kZLzfaQOnboPmAdkuMa5m-Y68Hd8ApbXgnkdTV8meDwtcflJngPVjJZx8chOgrOVEdQ55jej9hJyZtm7DNfkZdnU8tJcmaUCrpy6VnTp9XGug1KyRPmc1jYaQGY3icE9I9QvAw-MWhppnwAo-HmirIHicUeZIWRC1Q6NNkK7iV9VHVZpzPBt1zgesPoTRX=w1519-h1346-no\" alt=\"imagem\" \/><!--more-->Com raz\u00e3o, muitos observam indignados as medidas tomadas pelo governo Temer. Entretanto, \u00e9 preciso refletir: a quem serve as reformas? Para quem governa o criminoso Michel Temer? Como explica muito bem Mauro Iasi, n\u00e3o se tratam de simplesmente maldades. Temer \u00e9 um agente do capital internacional, assim como o Estado e suas institui\u00e7\u00f5es, como Congresso, Senado e Executivo, t\u00eam lado e atuam cotidianamente para preservar os interesses do grande empresariado nacional e internacional.<\/p>\n<p>Para assistir a palestra na \u00edntegra, clique no link abaixo:<\/p>\n<p><span class=\"embed-youtube\" style=\"text-align:center; display: block;\"><iframe loading=\"lazy\" class=\"youtube-player\" width=\"747\" height=\"421\" src=\"https:\/\/www.youtube.com\/embed\/gIIJhUd6KbY?version=3&#038;rel=1&#038;showsearch=0&#038;showinfo=1&#038;iv_load_policy=1&#038;fs=1&#038;hl=pt-BR&#038;autohide=2&#038;wmode=transparent\" allowfullscreen=\"true\" style=\"border:0;\" sandbox=\"allow-scripts allow-same-origin allow-popups allow-presentation allow-popups-to-escape-sandbox\"><\/iframe><\/span><\/p>\n<p>Atividade de forma\u00e7\u00e3o pol\u00edtica promovida pela Frente Sindical Classista da Baixada Santista com a participa\u00e7\u00e3o de Mauro Iasi, professor da Universidade Federal do Rio de Janeiro. A atividade ocorreu em Santos, no dia 16 de novembro de 2017, na sede do Sindipetro-LP.<\/p>\n<p>Dispon\u00edvel na p\u00e1gina <a href=\"https:\/\/www.facebook.com\/frenteclassista\/\" target=\"_blank\" rel=\"noopener\">https:\/\/www.facebook.com\/frenteclassista\/<\/a><\/p>\n<blockquote class=\"wp-embedded-content\" data-secret=\"rAaEvVMXfp\"><p><a href=\"http:\/\/unidadeclassista.org.br\/uc1\/3140\">Est\u00e3o destruindo nossos direitos &#8211; com Mauro Iasi<\/a><\/p><\/blockquote>\n<p><iframe loading=\"lazy\" class=\"wp-embedded-content\" sandbox=\"allow-scripts\" security=\"restricted\" style=\"position: absolute; clip: rect(1px, 1px, 1px, 1px);\" src=\"http:\/\/unidadeclassista.org.br\/uc1\/3140\/embed#?secret=rAaEvVMXfp\" data-secret=\"rAaEvVMXfp\" width=\"600\" height=\"338\" title=\"&#8220;Est\u00e3o destruindo nossos direitos &#8211; com Mauro Iasi&#8221; &#8212; Unidade Classista\" frameborder=\"0\" marginwidth=\"0\" marginheight=\"0\" scrolling=\"no\"><\/iframe><\/p>\n","protected":false},"excerpt":{"rendered":"<a class=\"moretag\" href=\"https:\/\/pcb.org.br\/portal2\/17267\"> <\/a>","protected":false},"author":1,"featured_media":0,"comment_status":"closed","ping_status":"closed","sticky":false,"template":"","format":"standard","meta":{"jetpack_post_was_ever_published":false,"_jetpack_newsletter_access":"","_jetpack_dont_email_post_to_subs":false,"_jetpack_newsletter_tier_id":0,"_jetpack_memberships_contains_paywalled_content":false,"_jetpack_memberships_contains_paid_content":false,"footnotes":"","jetpack_publicize_message":"","jetpack_publicize_feature_enabled":true,"jetpack_social_post_already_shared":true,"jetpack_social_options":{"image_generator_settings":{"template":"highway","default_image_id":0,"font":"","enabled":false},"version":2}},"categories":[190,15],"tags":[219],"class_list":["post-17267","post","type-post","status-publish","format-standard","hentry","category-fora-temer","category-s18-sindical","tag-manchete"],"jetpack_publicize_connections":[],"jetpack_featured_media_url":"","jetpack_shortlink":"https:\/\/wp.me\/p659gw-4uv","jetpack-related-posts":[],"jetpack_likes_enabled":true,"jetpack_sharing_enabled":true,"_links":{"self":[{"href":"https:\/\/pcb.org.br\/portal2\/wp-json\/wp\/v2\/posts\/17267","targetHints":{"allow":["GET"]}}],"collection":[{"href":"https:\/\/pcb.org.br\/portal2\/wp-json\/wp\/v2\/posts"}],"about":[{"href":"https:\/\/pcb.org.br\/portal2\/wp-json\/wp\/v2\/types\/post"}],"author":[{"embeddable":true,"href":"https:\/\/pcb.org.br\/portal2\/wp-json\/wp\/v2\/users\/1"}],"replies":[{"embeddable":true,"href":"https:\/\/pcb.org.br\/portal2\/wp-json\/wp\/v2\/comments?post=17267"}],"version-history":[{"count":0,"href":"https:\/\/pcb.org.br\/portal2\/wp-json\/wp\/v2\/posts\/17267\/revisions"}],"wp:attachment":[{"href":"https:\/\/pcb.org.br\/portal2\/wp-json\/wp\/v2\/media?parent=17267"}],"wp:term":[{"taxonomy":"category","embeddable":true,"href":"https:\/\/pcb.org.br\/portal2\/wp-json\/wp\/v2\/categories?post=17267"},{"taxonomy":"post_tag","embeddable":true,"href":"https:\/\/pcb.org.br\/portal2\/wp-json\/wp\/v2\/tags?post=17267"}],"curies":[{"name":"wp","href":"https:\/\/api.w.org\/{rel}","templated":true}]}}