{"id":17335,"date":"2017-11-20T15:09:45","date_gmt":"2017-11-20T18:09:45","guid":{"rendered":"https:\/\/pcb.org.br\/portal2\/?p=17335"},"modified":"2017-11-21T12:16:24","modified_gmt":"2017-11-21T15:16:24","slug":"solidariedade-aos-camaradas-da-terra-indigena-morro-dos-cavalos","status":"publish","type":"post","link":"https:\/\/pcb.org.br\/portal2\/17335","title":{"rendered":"Solidariedade aos camaradas da Terra Ind\u00edgena Morro dos Cavalos"},"content":{"rendered":"<p><img data-recalc-dims=\"1\" decoding=\"async\" class=\"imagem\" title=\"imagem\" src=\"https:\/\/pcbsc.files.wordpress.com\/2017\/11\/nota-morro.png?w=747\" alt=\"imagem\" \/><!--more-->Historicamente no estado de Santa Catarina o ataque contra os povos origin\u00e1rios \u00e9 abordado de forma a tratar assassinos como her\u00f3is, tratar massacres como atos de civiliza\u00e7\u00e3o. Na era do capital, a especula\u00e7\u00e3o imobili\u00e1ria, os grandes grileiros de terras e o agroneg\u00f3cio atuam como financiadores do massacre moderno, em conluio com uma classe pol\u00edtica voltada a manuten\u00e7\u00e3o dos seus privil\u00e9gios e que servem de bugreiros e capit\u00e3es do mato na atualidade. O uso da viol\u00eancia, marca registrada das m\u00e1fias que transformam institui\u00e7\u00f5es do estado em espa\u00e7os para negociatas e conchavos, \u00e9 escamoteada por uma m\u00eddia burguesa que n\u00e3o nega seu car\u00e1ter de aliena\u00e7\u00e3o e manipula\u00e7\u00e3o ao assistir tantos massacres sem nenhum constrangimento.<\/p>\n<p>Em contrapartida, as pol\u00edticas implantadas pelo estado burgu\u00eas em sua limitada FUNAI, n\u00e3o tem sido solu\u00e7\u00e3o para prover os povos ind\u00edgenas de seus verdadeiros direitos \u00e0 vida e a terra. Somando-se a isso, um poder judici\u00e1rio leniente com a causa dos povos origin\u00e1rios ao, simult\u00e2neamente, construir empecilhos aos processos de demarca\u00e7\u00e3o e homologa\u00e7\u00e3o e negar todas as exig\u00eancias das lideran\u00e7as, sendo surda \u00e0s suas demandas e causando, inclusive, a precariza\u00e7\u00e3o da vida nos territ\u00f3rios.<\/p>\n<p>Desde o in\u00edcio de novembro, os guarani-mbya do morro dos cavalos tem sido alvo desta m\u00e1quina de exterm\u00ednio. Sofreram um brutal ataque a um dos membros da aldeia por meio de uma tentativa de homic\u00eddio, com o uso de torturas que chegaram \u00e0 crueldade da amputa\u00e7\u00e3o de membros, agress\u00f5es sistem\u00e1ticas e tentativas de cegar a v\u00edtima.. Durante o resto do m\u00eas, ataques com o uso de armas de fogo em todo o territ\u00f3rio foram registrados. No \u00faltimo dia 18, diversos disparos foram dados em toda a \u00e1rea em uma tentativa de intimidar a comunidade. Grupos armados, a mando de canalhas da pol\u00edtica local e seus bajuladores, t\u00eam sido utilizados para frear as hist\u00f3ricas vit\u00f3rias das lutas do povo da Terra Ind\u00edgena Morro dos Cavalos.<\/p>\n<p>Mesmo assim, a for\u00e7a dos mbya n\u00e3o esmorece, mas sim se fortalece a cada dia pela legitimidade de sua luta e pela certeza de seu direito ao territ\u00f3rio. Mesmo com o cansa\u00e7o de dias e dias de vig\u00edlia, mant\u00e9m-se o \u00e2nimo com a fogueira, o mate, o cachimbo. Contrariando as expectativas de seus agressores, mant\u00e9m-se firmes na luta com seus xondaros a frente. Contrariando as expectativas da especula\u00e7\u00e3o imobili\u00e1ria de Santa Catarina, os guarani-mbya seguem a luta pela conquista de sua terra.<\/p>\n<p>O Partido Comunista Brasileiro tem somado-se a esta luta, em um apoio direto no intuito de ajudar a sanar todas as necessidades b\u00e1sicas de vida e na solu\u00e7\u00e3o de seguran\u00e7a aplicada pelos xondaros, usando sua milit\u00e2ncia na defesa do territ\u00f3rio, pois acredita que tal luta deve ser travada por toda a classe trabalhadora, tanto na defesa dos povos origin\u00e1rios em toda a Santa Catarina, como tamb\u00e9m, no ataque aos curraleiros eleitorais da grande Florian\u00f3polis e toda a m\u00e1fia da especula\u00e7\u00e3o imobili\u00e1ria que atua no estado.<\/p>\n<p>Convocamos a todos os militantes sociais, das diversas organiza\u00e7\u00f5es de luta, dos sindicatos combativos deste estado, movimentos populares, independentes e todo aquele que acredita na transforma\u00e7\u00e3o social e emancipa\u00e7\u00e3o humana, de juntarem-se a luta dos GUARANI-MBYA DO MORRO DOS CAVALOS apoiando atrav\u00e9s de doa\u00e7\u00f5es alimentos, roupas e material de higiene nos postos de coleta e participando da vig\u00edlia e ronda na \u00e1rea do morro dos cavalos.<\/p>\n<p>A luta camaradas!<\/p>\n<p><a href=\"https:\/\/pcbsc.wordpress.com\/2017\/11\/20\/nota-de-solidariedade-do-pcb-santa-catarina-aos-camaradas-da-terra-indigena-morro-dos-cavalos\/\">Nota de solidariedade do PCB Santa Catarina aos camaradas da Terra Ind\u00edgena Morro dos&nbsp;Cavalos<\/a><\/p>\n","protected":false},"excerpt":{"rendered":"<a class=\"moretag\" href=\"https:\/\/pcb.org.br\/portal2\/17335\"> <\/a>","protected":false},"author":1,"featured_media":0,"comment_status":"closed","ping_status":"closed","sticky":false,"template":"","format":"standard","meta":{"jetpack_post_was_ever_published":false,"_jetpack_newsletter_access":"","_jetpack_dont_email_post_to_subs":false,"_jetpack_newsletter_tier_id":0,"_jetpack_memberships_contains_paywalled_content":false,"_jetpack_memberships_contains_paid_content":false,"footnotes":"","jetpack_publicize_message":"","jetpack_publicize_feature_enabled":true,"jetpack_social_post_already_shared":true,"jetpack_social_options":{"image_generator_settings":{"template":"highway","default_image_id":0,"font":"","enabled":false},"version":2}},"categories":[243,163,26],"tags":[222],"class_list":["post-17335","post","type-post","status-publish","format-standard","hentry","category-fracao-indigena-do-pcb","category-movimento-indigena","category-c25-notas-politicas-do-pcb","tag-2b"],"jetpack_publicize_connections":[],"jetpack_featured_media_url":"","jetpack_shortlink":"https:\/\/wp.me\/p659gw-4vB","jetpack-related-posts":[],"jetpack_likes_enabled":true,"jetpack_sharing_enabled":true,"_links":{"self":[{"href":"https:\/\/pcb.org.br\/portal2\/wp-json\/wp\/v2\/posts\/17335","targetHints":{"allow":["GET"]}}],"collection":[{"href":"https:\/\/pcb.org.br\/portal2\/wp-json\/wp\/v2\/posts"}],"about":[{"href":"https:\/\/pcb.org.br\/portal2\/wp-json\/wp\/v2\/types\/post"}],"author":[{"embeddable":true,"href":"https:\/\/pcb.org.br\/portal2\/wp-json\/wp\/v2\/users\/1"}],"replies":[{"embeddable":true,"href":"https:\/\/pcb.org.br\/portal2\/wp-json\/wp\/v2\/comments?post=17335"}],"version-history":[{"count":0,"href":"https:\/\/pcb.org.br\/portal2\/wp-json\/wp\/v2\/posts\/17335\/revisions"}],"wp:attachment":[{"href":"https:\/\/pcb.org.br\/portal2\/wp-json\/wp\/v2\/media?parent=17335"}],"wp:term":[{"taxonomy":"category","embeddable":true,"href":"https:\/\/pcb.org.br\/portal2\/wp-json\/wp\/v2\/categories?post=17335"},{"taxonomy":"post_tag","embeddable":true,"href":"https:\/\/pcb.org.br\/portal2\/wp-json\/wp\/v2\/tags?post=17335"}],"curies":[{"name":"wp","href":"https:\/\/api.w.org\/{rel}","templated":true}]}}