{"id":17339,"date":"2017-11-21T11:55:52","date_gmt":"2017-11-21T14:55:52","guid":{"rendered":"https:\/\/pcb.org.br\/portal2\/?p=17339"},"modified":"2017-11-21T11:55:52","modified_gmt":"2017-11-21T14:55:52","slug":"colombia-o-acordo-esta-num-limbo-de-insegurancas","status":"publish","type":"post","link":"https:\/\/pcb.org.br\/portal2\/17339","title":{"rendered":"Col\u00f4mbia: \u201co Acordo est\u00e1 num limbo de inseguran\u00e7as\u201d"},"content":{"rendered":"<p><img decoding=\"async\" class=\"imagem\" title=\"imagem\" src=\"https:\/\/i0.wp.com\/www.resumenlatinoamericano.org\/wp-content\/uploads\/2017\/11\/acuerdos-de-paz-e1506448818344-770x400-620x400.jpeg\" alt=\"imagem\" \/><!--more-->Ap\u00f3s as decis\u00f5es que vem tomando o Congresso da Rep\u00fablica e a Corte Constitucional com rela\u00e7\u00e3o ao tr\u00e2mite para a implementa\u00e7\u00e3o do Acordo de Paz e a Jurisdi\u00e7\u00e3o Especial de Paz, o partido pol\u00edtico FARC indicou que o que se aprovou n\u00e3o \u00e9 \u201cnem a sombra\u201d do acordado em Havana. Agora, a JEP passa \u00e0s m\u00e3os dos representantes da C\u00e2mara, onde seu presidente, Rodrigo Lara, disse que votar\u00e3o artigo por artigo.<\/p>\n<p>De acordo com Jes\u00fas Santrich, integrante do partido pol\u00edtico FARC, \u201co acordo de Havana est\u00e1 em uma esp\u00e9cie de limbo de inseguran\u00e7as, que v\u00e3o desde o jur\u00eddico at\u00e9 o pessoal\u201d. Por isto, assinalou que a dire\u00e7\u00e3o que est\u00e1 sendo tomada no pa\u00eds n\u00e3o \u00e9 a adequada e solicitou ao Governo Nacional que \u201cfa\u00e7a um retorno no tim\u00e3o e ponha o processo de implementa\u00e7\u00e3o conforme o pactuado em Havana\u201d.<\/p>\n<p>Santrich manifestou tamb\u00e9m que o presidente da Rep\u00fablica devia ter assumido as r\u00e9deas desde o princ\u00edpio, \u201csem dividir tanto a possibilidade de decis\u00f5es no conjunto da constitucional\u201d. Recordou que o Governo Nacional negociou em Havana em nome do Estado e, portanto, o chefe de Estado \u00e9 quem deve gerar as condi\u00e7\u00f5es para que se cumpra o que foi pactuado.<\/p>\n<p><strong>O QUE OCORREU COM A CORTE E NO CONGRESSO \u201cDA VERGONHA\u201d<\/strong><\/p>\n<p>Em reiteradas ocasi\u00f5es, os membros desse partido argumentaram que existe uma atitude de chantagem nestas institui\u00e7\u00f5es \u201cpara tirar vantagens particulares\u201d. Al\u00e9m disso, frente \u00e0 decis\u00e3o da Corte Constitucional, que introduziu mudan\u00e7as para a aprova\u00e7\u00e3o da lei estatut\u00e1ria, Santrich indicou que vai contra suas pr\u00e9vias decis\u00f5es porque \u201cn\u00e3o respeita\u201d o esp\u00edrito dos acordos sobre o qual j\u00e1 havia falhado.<\/p>\n<p>Agora, com rela\u00e7\u00e3o \u00e0s garantias de reincorpora\u00e7\u00e3o dos integrantes da desarmada guerrilha das FARC, afirmou que se encontra inserida na crise que est\u00e1 atravessando a implementa\u00e7\u00e3o dos acordos. Disse que a reincorpora\u00e7\u00e3o \u201cfoi sabotada e ainda restam mais de mil presos pol\u00edticos nos c\u00e1rceres da Col\u00f4mbia\u201d.<\/p>\n<p><strong>TR\u00c2MITE NA C\u00c2MARA DE REPRESENTANTES PODER\u00c1 TOMAR MAIS TEMPO QUE TOMOU NO SENADO<\/strong><\/p>\n<p>Agora que o Senado aprovou a lei estatut\u00e1ria da JEP, \u00e9 o momento para a C\u00e2mara de Representantes fazer o mesmo. No entanto, j\u00e1 havia declara\u00e7\u00f5es do presidente da mesma, Rodrigo Lara, que advertiu que ali debater\u00e3o artigo por artigo, o que demorar\u00e1 ainda mais o tr\u00e2mite e o tempo do Fast Track est\u00e1 por acabar.<\/p>\n<p>Segundo o representante de Bogot\u00e1, Alirio Uribe, \u201co tr\u00e2mite na C\u00e2mara pode ser mais lento do que foi no Senado. Se n\u00e3o o debate n\u00e3o for ordenado, podemos terminar como com a reforma pol\u00edtica, que demoramos mais de um m\u00eas quando tinha apenas 21 artigos e a JEP tem 163\u201d.<\/p>\n<p>Ante este panorama, o que sugeriu o representante \u00e9 que \u201cse aplique uma metodologia que permita tomar decis\u00f5es mais r\u00e1pido, por\u00e9m isso vai depender do volume de proposi\u00e7\u00f5es que tenhamos\u201d. Al\u00e9m disso, afirmou que tamb\u00e9m criar\u00e3o proposi\u00e7\u00f5es para fazer frente \u00e0s modifica\u00e7\u00f5es que foram feitas no Senado como, por exemplo, as inabilidades dos magistrados da JEP.<\/p>\n<p>Finalmente, Uribe indicou que a comunica\u00e7\u00e3o ser\u00e1 feita na segunda-feira e se anunciar\u00e3o os debates para ter\u00e7a-feira. Disse que neste momento deve haver vontade pol\u00edtica dos representantes da C\u00e2mara em respeitar os tempos e, assim, poder verificar todos os projetos e concilia\u00e7\u00f5es que ainda estejam pendentes no legislativo e que est\u00e3o relacionados com a implementa\u00e7\u00e3o dos Acordos de Paz.<\/p>\n<p>Fonte: <a href=\"http:\/\/www.resumenlatinoamericano.org\/2017\/11\/17\/colombia-jesus-santrich-dirigente-de-la-farc-el-acuerdo-esta-en-un-limbo-de-inseguridades\/\" target=\"_blank\" rel=\"noopener\">http:\/\/www.<wbr \/>resumenlatinoamericano.org\/<wbr \/>2017\/11\/17\/colombia-jesus-<wbr \/>santrich-dirigente-de-la-farc-<wbr \/>el-acuerdo-esta-en-un-limbo-<wbr \/>de-inseguridades\/<\/a><\/p>\n<p>Tradu\u00e7\u00e3o: Partido Comunista Brasileiro (PCB)<\/p>\n","protected":false},"excerpt":{"rendered":"<a class=\"moretag\" href=\"https:\/\/pcb.org.br\/portal2\/17339\"> <\/a>","protected":false},"author":1,"featured_media":0,"comment_status":"closed","ping_status":"closed","sticky":false,"template":"","format":"standard","meta":{"jetpack_post_was_ever_published":false,"_jetpack_newsletter_access":"","_jetpack_dont_email_post_to_subs":false,"_jetpack_newsletter_tier_id":0,"_jetpack_memberships_contains_paywalled_content":false,"_jetpack_memberships_contains_paid_content":false,"footnotes":"","jetpack_publicize_message":"","jetpack_publicize_feature_enabled":true,"jetpack_social_post_already_shared":true,"jetpack_social_options":{"image_generator_settings":{"template":"highway","default_image_id":0,"font":"","enabled":false},"version":2}},"categories":[34],"tags":[226],"class_list":["post-17339","post","type-post","status-publish","format-standard","hentry","category-c39-colombia","tag-4b"],"jetpack_publicize_connections":[],"jetpack_featured_media_url":"","jetpack_shortlink":"https:\/\/wp.me\/p659gw-4vF","jetpack-related-posts":[],"jetpack_likes_enabled":true,"jetpack_sharing_enabled":true,"_links":{"self":[{"href":"https:\/\/pcb.org.br\/portal2\/wp-json\/wp\/v2\/posts\/17339","targetHints":{"allow":["GET"]}}],"collection":[{"href":"https:\/\/pcb.org.br\/portal2\/wp-json\/wp\/v2\/posts"}],"about":[{"href":"https:\/\/pcb.org.br\/portal2\/wp-json\/wp\/v2\/types\/post"}],"author":[{"embeddable":true,"href":"https:\/\/pcb.org.br\/portal2\/wp-json\/wp\/v2\/users\/1"}],"replies":[{"embeddable":true,"href":"https:\/\/pcb.org.br\/portal2\/wp-json\/wp\/v2\/comments?post=17339"}],"version-history":[{"count":0,"href":"https:\/\/pcb.org.br\/portal2\/wp-json\/wp\/v2\/posts\/17339\/revisions"}],"wp:attachment":[{"href":"https:\/\/pcb.org.br\/portal2\/wp-json\/wp\/v2\/media?parent=17339"}],"wp:term":[{"taxonomy":"category","embeddable":true,"href":"https:\/\/pcb.org.br\/portal2\/wp-json\/wp\/v2\/categories?post=17339"},{"taxonomy":"post_tag","embeddable":true,"href":"https:\/\/pcb.org.br\/portal2\/wp-json\/wp\/v2\/tags?post=17339"}],"curies":[{"name":"wp","href":"https:\/\/api.w.org\/{rel}","templated":true}]}}