{"id":17347,"date":"2017-11-21T12:22:35","date_gmt":"2017-11-21T15:22:35","guid":{"rendered":"https:\/\/pcb.org.br\/portal2\/?p=17347"},"modified":"2018-03-06T17:18:36","modified_gmt":"2018-03-06T20:18:36","slug":"direitos-das-mulheres-seriamente-ameacados","status":"publish","type":"post","link":"https:\/\/pcb.org.br\/portal2\/17347","title":{"rendered":"Direitos das mulheres seriamente amea\u00e7ados!"},"content":{"rendered":"<p><img decoding=\"async\" class=\"imagem\" title=\"imagem\" src=\"https:\/\/graph.facebook.com\/251967558664755\/picture\" alt=\"imagem\" \/><!--more-->OLHAR COMUNISTA \u2013 21\/11\/2017<\/p>\n<p>Foi aprovada, na Comiss\u00e3o Especial montada para agilizar a tramita\u00e7\u00e3o da Proposta de Emenda Constitucional 181, que aumenta a dura\u00e7\u00e3o da licen\u00e7a maternidade de 120 para 240 dias, em caso de parto prematuro, uma modifica\u00e7\u00e3o que estende a proibi\u00e7\u00e3o da realiza\u00e7\u00e3o de abortos, no Brasil, a todos os casos. A proibi\u00e7\u00e3o est\u00e1 inserida no t\u00edtulo \u201cInviolabilidade do direito \u00e0 vida\u201d e considera que a vida existe desde o momento da concep\u00e7\u00e3o. Atualmente, \u00e9 permitido fazer aborto no pa\u00eds nos casos de anencefalia, viol\u00eancia sexual e risco de morte da gestante.<\/p>\n<p><img decoding=\"async\" class=\"imagemp\" title=\"imagem\" src=\"https:\/\/lh3.googleusercontent.com\/CMR2RvZT1rc_PrJGm0uBIMRnM1fCy5mxeimE6aKuC4b3AGihWhOV8ViqiwLaOqF9P-tXxhpIf7wzg6G2hO-EkgmPYBZrd1GNeSOho6-T_3s9ddKU6XkIkcZRf5kYWkNyRwxpe-tmR8tx9CE5Q9QQ4hD6KNoB_FdRU6LYOIajqdOG4PTC-_z5OecNCew-y6mi5jL2NY7FKPpVFAgT5Xz_k3xqY1Xspgp3iPEsz75GpGLmlC_w8_rwNd_uRX-rOeZGx5k6EXiDobsbJKxjRcQqNMnlOXJvn8d1gIblKBa-ZqDIPwZah8IL0GjWiigHALC-Q-0a0qnbWDnrKOW5hoPnGE_swzdVCZ_-qzmfkGU-S8YS4dIbEA-qZgXRM9_Cm4gFo6pzn_VWFdNmMCPdbRfeevfeNchjTcKQEM-RbhPBAR_4vxOL0fkgpHFflI_IdlsiolUt94pv29HoF91uJ4mGlG90vmF2u2YB4UR4OekYc_O78-mvKg0juelnBVm8B0tTPloBhyadTnb3XaXF2z_LwygzvjmfvzBey9GFc4f_puOBfc-qa7ZOum23ur_N8wUcDEaKu44im4WdqPF0pHHy12po-RLR7ABGlZeTwxh4WB8=w600-h453-no\" alt=\"imagem\" \/><!--more-->A medida, por ter sido inserida na discuss\u00e3o de outra proposta, est\u00e1 sendo chamada por entidades feministas de \u201cCavalo de Tr\u00f3ia\u201d. A oposi\u00e7\u00e3o considerou a manobra, apoiada pela bancada evang\u00e9lica, uma fraude, e o presidente da C\u00e2mara, deputado Rodrigo Maia, declarou que n\u00e3o colocar\u00e1 o tema nem a proposta em vota\u00e7\u00e3o se esta contiver o fim da permiss\u00e3o para realiza\u00e7\u00e3o de aborto em caso de estupro.<\/p>\n<p>Trata-se de mais uma a\u00e7\u00e3o de car\u00e1ter conservador e obscurantista, que desrespeita o direito das mulheres de decidir quanto a seu corpo. \u00c9 tamb\u00e9m uma afronta \u00e0 Ci\u00eancia, que apresenta diferentes entendimentos quanto ao momento que define o in\u00edcio da vida. A proibi\u00e7\u00e3o absoluta do aborto ser\u00e1 um retrocesso, pois, independentemente das vis\u00f5es \u00e9tico-morais sobre o tema, o aborto \u00e9 uma quest\u00e3o de sa\u00fade p\u00fablica, e sua restri\u00e7\u00e3o far\u00e1 com que mais e mais mulheres, principalmente as jovens trabalhadoras e pobres, morram pela falta de atendimento adequado na rede p\u00fablica para o procedimento. Igualmente muitas crian\u00e7as morrer\u00e3o pela falta de condi\u00e7\u00f5es b\u00e1sicas para viver.<\/p>\n<p>N\u00e3o se trata de incentivar a pr\u00e1tica do aborto como m\u00e9todo contraceptivo. Mas n\u00e3o podemos aceitar esse retrocesso nos direitos sociais, que far\u00e1 com que apenas as mulheres de alta renda possam realizar abortos pelo recurso de viajar para pa\u00edses onde essa pr\u00e1tica \u00e9 permitida.<\/p>\n","protected":false},"excerpt":{"rendered":"<a class=\"moretag\" href=\"https:\/\/pcb.org.br\/portal2\/17347\"> <\/a>","protected":false},"author":1,"featured_media":0,"comment_status":"closed","ping_status":"closed","sticky":false,"template":"","format":"standard","meta":{"jetpack_post_was_ever_published":false,"_jetpack_newsletter_access":"","_jetpack_dont_email_post_to_subs":false,"_jetpack_newsletter_tier_id":0,"_jetpack_memberships_contains_paywalled_content":false,"_jetpack_memberships_contains_paid_content":false,"footnotes":"","jetpack_publicize_message":"","jetpack_publicize_feature_enabled":true,"jetpack_social_post_already_shared":true,"jetpack_social_options":{"image_generator_settings":{"template":"highway","default_image_id":0,"font":"","enabled":false},"version":2}},"categories":[100],"tags":[],"class_list":["post-17347","post","type-post","status-publish","format-standard","hentry","category-c113-a-semana-no-olhar-comunista"],"jetpack_publicize_connections":[],"jetpack_featured_media_url":"","jetpack_shortlink":"https:\/\/wp.me\/p659gw-4vN","jetpack-related-posts":[],"jetpack_likes_enabled":true,"jetpack_sharing_enabled":true,"_links":{"self":[{"href":"https:\/\/pcb.org.br\/portal2\/wp-json\/wp\/v2\/posts\/17347","targetHints":{"allow":["GET"]}}],"collection":[{"href":"https:\/\/pcb.org.br\/portal2\/wp-json\/wp\/v2\/posts"}],"about":[{"href":"https:\/\/pcb.org.br\/portal2\/wp-json\/wp\/v2\/types\/post"}],"author":[{"embeddable":true,"href":"https:\/\/pcb.org.br\/portal2\/wp-json\/wp\/v2\/users\/1"}],"replies":[{"embeddable":true,"href":"https:\/\/pcb.org.br\/portal2\/wp-json\/wp\/v2\/comments?post=17347"}],"version-history":[{"count":0,"href":"https:\/\/pcb.org.br\/portal2\/wp-json\/wp\/v2\/posts\/17347\/revisions"}],"wp:attachment":[{"href":"https:\/\/pcb.org.br\/portal2\/wp-json\/wp\/v2\/media?parent=17347"}],"wp:term":[{"taxonomy":"category","embeddable":true,"href":"https:\/\/pcb.org.br\/portal2\/wp-json\/wp\/v2\/categories?post=17347"},{"taxonomy":"post_tag","embeddable":true,"href":"https:\/\/pcb.org.br\/portal2\/wp-json\/wp\/v2\/tags?post=17347"}],"curies":[{"name":"wp","href":"https:\/\/api.w.org\/{rel}","templated":true}]}}