{"id":17351,"date":"2017-11-23T12:34:21","date_gmt":"2017-11-23T15:34:21","guid":{"rendered":"https:\/\/pcb.org.br\/portal2\/?p=17351"},"modified":"2018-03-06T17:16:45","modified_gmt":"2018-03-06T20:16:45","slug":"um-exemplo-contra-a-intolerancia-terreiro-de-candomble-sera-reconstruido-com-doacao-de-evangelicos","status":"publish","type":"post","link":"https:\/\/pcb.org.br\/portal2\/17351","title":{"rendered":"Um exemplo de toler\u00e2ncia: terreiro de candombl\u00e9 ser\u00e1 reconstru\u00eddo com doa\u00e7\u00e3o de evang\u00e9licos"},"content":{"rendered":"<p><img data-recalc-dims=\"1\" decoding=\"async\" class=\"imagem\" title=\"imagem\" src=\"https:\/\/i0.wp.com\/noticias.gospelmais.com.br\/files\/2017\/11\/igreja-evangelica-doacao-reconstrucao-terreiro-de-candomble.jpg?w=747&#038;ssl=1\" alt=\"imagem\" \/><!--more-->OLHAR COMUNISTA \u2013 23\/11\/2017<\/p>\n<p>Por iniciativa da pastora luterana Lusmarina Garcia, quando era presidente do Conselho de Igrejas Crist\u00e3s do Estado do Rio de Janeiro &#8211; Conic Rio &#8211; e fazia parte da Comiss\u00e3o de Combate \u00e0 Intoler\u00e2ncia Religiosa, igrejas evang\u00e9licas doaram R$ 11 mil para a reconstru\u00e7\u00e3o do terreiro Kwe Cej\u00e1 Gb\u00e9 de Na\u00e7\u00e3o Djeje Mahin, em Duque de Caxias. O terreiro foi alvo, recentemente, de diversos ataques, motivados por intoler\u00e2ncia religiosa.<\/p>\n<p>Este foi um gesto simb\u00f3lico de grande import\u00e2ncia, pois demonstra a percep\u00e7\u00e3o de l\u00edderes de igrejas de que \u00e9 preciso defender o direito irrestrito \u00e0 liberdade religiosa e \u00e0 inten\u00e7\u00e3o de trabalhar e lutar contra a onda de intoler\u00e2ncia e preconceito presente no Brasil e em outros pa\u00edses, cujos alvos mais frequentes s\u00e3o as religi\u00f5es e cultos de matriz africana.<\/p>\n<p><img decoding=\"async\" class=\"imagemp\" title=\"imagem\" src=\"https:\/\/lh3.googleusercontent.com\/kedDQxEY_JuOsO2OYX-_cTiVSXwxAEHsnnKy8wbAbJGdFiGR28pwK2vxlVXjokK-yyhwyVB3W6S1bXAlBR1WZ7aBEow2A-jG-XkOiAI_FpyXJ4r-e7u6prary4Satq2x7KmVlxI9OCDiam4y9oTG8GabX6fnquiinynmV9VnaO3FEziRPZ-OD-l88yHSKn-6i6amoLdhjBxYDf7NcEHP26IOL_0Pd9nGEHxf84SPOywre3uHmK5VF7tyHLgjq6eJkmAjdTo1jhAm1xa0YCHctv2fpdTXH4UtPvZtQ3dGRBs5yZ-hb6KM3eJW2bvJxoYZ7t4qo-qRiPnxnXFEgWcY9nmeZfwhgawLOjNtCtyJ0HwupmuG3Sw2awF02HMcaeAETCR8op6p4AML--jR69BlugOnWEDKa7PN7cuESAyUk46FuvIEYcc5llfiK_rNj1kG34fTV27nRdsAUF4-jObFqSx_6fkHlRQFI5nLwWHPPyNnGV7pMrobae_NFeSq0RhZ3YtEQh4AXIy5Q5bnrgiuGWDs3sOG9wCdlDxTmP4EKUh48jAyUnmV6brdLPOFKo2C82uaMNHKMiOmHu1svQYSmq0IuU0WEm1B7OYc7Xq5pko=w600-h453-no\" alt=\"imagem\" \/>A esta onda se somam outras manifesta\u00e7\u00f5es de origem nazifascista que atacam LGBTs e imigrantes, negros e pobres, entre outros alvos, que t\u00eam, como pano de fundo, a defesa de privil\u00e9gios da classe burguesa, a qual, al\u00e9m da explora\u00e7\u00e3o do trabalho, se nutre tamb\u00e9m, no caso extremo, da defesa de uma &#8220;supremacia branca&#8221;, do combate a direitos sociais em geral e a qualquer movimento que lute por justi\u00e7a e igualdade.<\/p>\n<p>Os comunistas sempre defenderam a liberdade de religi\u00e3o, como ficou demonstrado na Assembleia Constituinte de 1946, quando Jorge Amado, ent\u00e3o deputado pelo PCB, prop\u00f4s a lei que garante esse direito no Brasil. Iniciativas como a do Conic-Rio devem ser apoiadas e incentivadas, para que essa onda de intoler\u00e2ncia seja superada, assim como o inimigo central da classe trabalhadora: o capitalismo.<\/p>\n","protected":false},"excerpt":{"rendered":"<a class=\"moretag\" href=\"https:\/\/pcb.org.br\/portal2\/17351\"> <\/a>","protected":false},"author":1,"featured_media":0,"comment_status":"closed","ping_status":"closed","sticky":false,"template":"","format":"standard","meta":{"jetpack_post_was_ever_published":false,"_jetpack_newsletter_access":"","_jetpack_dont_email_post_to_subs":false,"_jetpack_newsletter_tier_id":0,"_jetpack_memberships_contains_paywalled_content":false,"_jetpack_memberships_contains_paid_content":false,"footnotes":"","jetpack_publicize_message":"","jetpack_publicize_feature_enabled":true,"jetpack_social_post_already_shared":true,"jetpack_social_options":{"image_generator_settings":{"template":"highway","default_image_id":0,"font":"","enabled":false},"version":2}},"categories":[100],"tags":[],"class_list":["post-17351","post","type-post","status-publish","format-standard","hentry","category-c113-a-semana-no-olhar-comunista"],"jetpack_publicize_connections":[],"jetpack_featured_media_url":"","jetpack_shortlink":"https:\/\/wp.me\/p659gw-4vR","jetpack-related-posts":[],"jetpack_likes_enabled":true,"jetpack_sharing_enabled":true,"_links":{"self":[{"href":"https:\/\/pcb.org.br\/portal2\/wp-json\/wp\/v2\/posts\/17351","targetHints":{"allow":["GET"]}}],"collection":[{"href":"https:\/\/pcb.org.br\/portal2\/wp-json\/wp\/v2\/posts"}],"about":[{"href":"https:\/\/pcb.org.br\/portal2\/wp-json\/wp\/v2\/types\/post"}],"author":[{"embeddable":true,"href":"https:\/\/pcb.org.br\/portal2\/wp-json\/wp\/v2\/users\/1"}],"replies":[{"embeddable":true,"href":"https:\/\/pcb.org.br\/portal2\/wp-json\/wp\/v2\/comments?post=17351"}],"version-history":[{"count":0,"href":"https:\/\/pcb.org.br\/portal2\/wp-json\/wp\/v2\/posts\/17351\/revisions"}],"wp:attachment":[{"href":"https:\/\/pcb.org.br\/portal2\/wp-json\/wp\/v2\/media?parent=17351"}],"wp:term":[{"taxonomy":"category","embeddable":true,"href":"https:\/\/pcb.org.br\/portal2\/wp-json\/wp\/v2\/categories?post=17351"},{"taxonomy":"post_tag","embeddable":true,"href":"https:\/\/pcb.org.br\/portal2\/wp-json\/wp\/v2\/tags?post=17351"}],"curies":[{"name":"wp","href":"https:\/\/api.w.org\/{rel}","templated":true}]}}