{"id":17353,"date":"2017-11-25T12:38:25","date_gmt":"2017-11-25T15:38:25","guid":{"rendered":"https:\/\/pcb.org.br\/portal2\/?p=17353"},"modified":"2018-03-06T17:16:49","modified_gmt":"2018-03-06T20:16:49","slug":"vitoria-de-trump-camara-dos-representantes-aprova-reducao-de-impostos-e-beneficia-os-ricos","status":"publish","type":"post","link":"https:\/\/pcb.org.br\/portal2\/17353","title":{"rendered":"Vit\u00f3ria de Trump: redu\u00e7\u00e3o de impostos para beneficiar os ricos"},"content":{"rendered":"<p><img decoding=\"async\" class=\"imagem\" title=\"imagem\" src=\"https:\/\/i0.wp.com\/www.vermelho.org.br\/admin\/arquivos\/biblioteca\/impostos95362.jpg\" alt=\"imagem\" \/><!--more-->OLHAR COMUNISTA \u2013 25\/11\/2017<\/p>\n<p>O governo Trump obteve uma importante vit\u00f3ria no plano interno com a aprova\u00e7\u00e3o, na C\u00e2mara dos representantes, por 227 votos a 205, do projeto de reforma fiscal que reduz a cobran\u00e7a de impostos, mesmo com a oposi\u00e7\u00e3o de toda a bancada do Partido Democrata e com 13 votos contr\u00e1rios de deputados republicanos. O projeto segue, agora, para o Senado.<\/p>\n<p><img decoding=\"async\" class=\"imagemp\" title=\"imagem\" src=\"https:\/\/lh3.googleusercontent.com\/EvyflenQyFl0BWfojTIY8CEqPQqtJ-_0J7zeFppJaUqNC-mt8OgK4kmpA_A6NjH80_r9AT4wbK-f_kJMi9UmLuE7POZIv9dVQ1wENdoIuz-hsmSnos3BNdaqs4hJnXVE6l92mvUALB-qBG8jQCRlc4iwcYNTEbeXPmnc1fRp_oQksh7GJxA2uMa4hAu0FJRMdVJ0NuvUg6w_1Zcg-jyz8y-LJSvGy1Nm9xs5C1gw-AViPy2S-ZLPhN3O407sIZ_FfRu1pMZUjhc-IQwwU7vERhbXVrgI-8IfXne5iFpzFVsW4AA9XISZRvTZsiOcWhwL8_ROLz59SWZiczq_iJv-ww42QQtAzk8Wow8yZ0lzwiOJ1ko2bELqRzkUfh6Y8JSiDzh0uK0_DG_qTuP54MDc6lAnRvkO1Fl_QgHDS6PPNkT01ecm-Zsr2ksUMfAfjfKe6Vn6Xbq_i12xc5TDsvIpZS9NwCY6kE9plpAszwvg5qGGu-LfN4X3P5y8HRS23cESGy1V9WEGfUYuGlx5HRxsZXTYSZTj92eKhS3JqXuWHcs4NSweb_L1CrjSGWVcSL3TZthnD-pNBlLauVeN_a4jCUTG--EL7SdHFXxai8vDXoY=w600-h453-no\" alt=\"imagem\" \/>Sob a alega\u00e7\u00e3o, inspirada no pensamento liberal, de que vai incentivar a economia, a redu\u00e7\u00e3o beneficia as empresas, as camadas m\u00e9dias de alta renda e os ricos, al\u00e9m de limitar a capacidade do Estado de financiar \u00e1reas como Seguridade Social, Educa\u00e7\u00e3o e Sa\u00fade e de realizar investimentos para promover o crescimento econ\u00f4mico. Prev\u00ea-se um aumento do d\u00e9ficit p\u00fablico em cerca de cerca de 1,5 trilh\u00f5es de d\u00f3lares. Com as novas regras, as empresas de Trump economizar\u00e3o vinte milh\u00f5es de d\u00f3lares em impostos.<\/p>\n<p>Mesmo com crescimento econ\u00f4mico, a redu\u00e7\u00e3o de impostos e suas consequ\u00eancias debilitam as garantias trabalhistas sociais e tendem a aumentar a desigualdade na sociedade norte-americana, acirrando, assim, a luta de classes naquele pa\u00eds.<\/p>\n","protected":false},"excerpt":{"rendered":"<a class=\"moretag\" href=\"https:\/\/pcb.org.br\/portal2\/17353\"> <\/a>","protected":false},"author":1,"featured_media":0,"comment_status":"closed","ping_status":"closed","sticky":false,"template":"","format":"standard","meta":{"jetpack_post_was_ever_published":false,"_jetpack_newsletter_access":"","_jetpack_dont_email_post_to_subs":false,"_jetpack_newsletter_tier_id":0,"_jetpack_memberships_contains_paywalled_content":false,"_jetpack_memberships_contains_paid_content":false,"footnotes":"","jetpack_publicize_message":"","jetpack_publicize_feature_enabled":true,"jetpack_social_post_already_shared":true,"jetpack_social_options":{"image_generator_settings":{"template":"highway","default_image_id":0,"font":"","enabled":false},"version":2}},"categories":[100],"tags":[],"class_list":["post-17353","post","type-post","status-publish","format-standard","hentry","category-c113-a-semana-no-olhar-comunista"],"jetpack_publicize_connections":[],"jetpack_featured_media_url":"","jetpack_shortlink":"https:\/\/wp.me\/p659gw-4vT","jetpack-related-posts":[],"jetpack_likes_enabled":true,"jetpack_sharing_enabled":true,"_links":{"self":[{"href":"https:\/\/pcb.org.br\/portal2\/wp-json\/wp\/v2\/posts\/17353","targetHints":{"allow":["GET"]}}],"collection":[{"href":"https:\/\/pcb.org.br\/portal2\/wp-json\/wp\/v2\/posts"}],"about":[{"href":"https:\/\/pcb.org.br\/portal2\/wp-json\/wp\/v2\/types\/post"}],"author":[{"embeddable":true,"href":"https:\/\/pcb.org.br\/portal2\/wp-json\/wp\/v2\/users\/1"}],"replies":[{"embeddable":true,"href":"https:\/\/pcb.org.br\/portal2\/wp-json\/wp\/v2\/comments?post=17353"}],"version-history":[{"count":0,"href":"https:\/\/pcb.org.br\/portal2\/wp-json\/wp\/v2\/posts\/17353\/revisions"}],"wp:attachment":[{"href":"https:\/\/pcb.org.br\/portal2\/wp-json\/wp\/v2\/media?parent=17353"}],"wp:term":[{"taxonomy":"category","embeddable":true,"href":"https:\/\/pcb.org.br\/portal2\/wp-json\/wp\/v2\/categories?post=17353"},{"taxonomy":"post_tag","embeddable":true,"href":"https:\/\/pcb.org.br\/portal2\/wp-json\/wp\/v2\/tags?post=17353"}],"curies":[{"name":"wp","href":"https:\/\/api.w.org\/{rel}","templated":true}]}}