{"id":17359,"date":"2017-11-22T17:05:53","date_gmt":"2017-11-22T20:05:53","guid":{"rendered":"https:\/\/pcb.org.br\/portal2\/?p=17359"},"modified":"2017-11-22T17:05:53","modified_gmt":"2017-11-22T20:05:53","slug":"no-mexico-persistem-a-desigualdade-a-injustica-e-a-falta-de-democracia","status":"publish","type":"post","link":"https:\/\/pcb.org.br\/portal2\/17359","title":{"rendered":"No M\u00e9xico persistem a desigualdade, a injusti\u00e7a e a falta de democracia"},"content":{"rendered":"<p><img data-recalc-dims=\"1\" decoding=\"async\" class=\"imagem\" title=\"imagem\" src=\"https:\/\/i0.wp.com\/gz.diarioliberdade.org\/media\/k2\/items\/cache\/529f36c9477f2e818cba795e42616d14_L.jpg?w=747&#038;ssl=1\" alt=\"imagem\" \/><!--more-->A desigualdade, a pobreza extrema, a concentra\u00e7\u00e3o da terra, a falta de democracia levaram \u00e0 eclos\u00e3o da chamada Revolu\u00e7\u00e3o Mexicana, a 20 de Novembro de 1910. Mais de cem anos volvidos, estas lutas permanecem vivas no pa\u00eds azteca.<\/p>\n<p>Em conversa com a TeleSur, Luis Garc\u00eda Ruiz, historiador e investigador do Instituto de Investiga\u00e7\u00f5es Hist\u00f3rico-Sociais do M\u00e9xico, sublinhou o facto de, \u00abao longo dos anos, este acontecimento hist\u00f3rico ter sido mitificado\u00bb, pensando-se que, na origem do movimento revolucion\u00e1rio e armado, estivesse unicamente a \u00abdesigualdade social existente no final do s\u00e9culo XIX e in\u00edcio do XX\u00bb.<\/p>\n<p>Contribu\u00edram igualmente para a eclos\u00e3o da Revolu\u00e7\u00e3o Mexicana factores como a \u00abinjusti\u00e7a, a desigualdade, o despojo, a falta de acesso a oportunidades e a falta de democracia\u00bb, defende Garc\u00eda, que sustenta que estes problemas continuam por resolver no pa\u00eds.<\/p>\n<p>A Constitui\u00e7\u00e3o de 1917 consagrou grandes avan\u00e7os \u2013 ao n\u00edvel da distribui\u00e7\u00e3o da terra, da divis\u00e3o do Poder, dos direitos \u00e0 Educa\u00e7\u00e3o, \u00e0 greve. Mas isto viria a ser posto em causa ao longo s\u00e9culo XX.<\/p>\n<p>Os direitos dos trabalhadores foram alvo de uma grande ofensiva com a aplica\u00e7\u00e3o de pol\u00edticas neoliberais; o sector da Educa\u00e7\u00e3o progrediu em direc\u00e7\u00e3o \u00e0 mercantiliza\u00e7\u00e3o; o campo foi abandonado pelo Estado e as popula\u00e7\u00f5es foram deixadas \u00e0 sua sorte; entre outros, apareceram e desenvolveram-se fen\u00f3menos como a migra\u00e7\u00e3o, o desemprego, o empobrecimento, a inseguran\u00e7a, resume o historiador.<\/p>\n<p>Desigualdade social e concentra\u00e7\u00e3o da riqueza<\/p>\n<p>Alicia B\u00e1rcena, secret\u00e1ria executiva da Comiss\u00e3o Econ\u00f3mica para a Am\u00e9rica Latina e Cara\u00edbas (Cepal), referiu \u00e0 TeleSur que o M\u00e9xico constitui um dos casos mais preocupantes no que \u00e0 desigualdade social diz respeito, sendo que dois ter\u00e7os da riqueza est\u00e3o em poder de 10% das fam\u00edlias do pa\u00eds, e que 1% det\u00e9m cerca de um ter\u00e7o.<\/p>\n<p>\u00ab\u00c9 fundamental avan\u00e7ar n\u00e3o apenas na supera\u00e7\u00e3o da pobreza, mas tamb\u00e9m da concentra\u00e7\u00e3o extrema da riqueza\u00bb, declarou La\u00eds Abramo, directora da Divis\u00e3o de Desenvolvimento Social da Cepal.<\/p>\n<p>No relat\u00f3rio \u00abDesigualdade extrema no M\u00e9xico\u00bb, a Oxfam \u2013 ONG surgida no Reino Unido que luta contra a desigualdade e a pobreza em mais de 90 pa\u00edses \u2013, refere que o pa\u00eds americano, sendo a 14.\u00aa economia mais forte do mundo, possui 53,3 milh\u00f5es de pessoas a viver em situa\u00e7\u00e3o de pobreza e, em simult\u00e2neo, um n\u00famero cada vez maior de multimilion\u00e1rios. De acordo com o estudo, o M\u00e9xico encontra-se entre os 25 pa\u00edses com maiores \u00edndices de desigualdade social.<\/p>\n<p>https:\/\/gz.diarioliberdade.org\/artigos-em-destaque\/item\/204953-a-107-anos-do-inicio-da-revolucao-no-mexico-persistem-a-desigualdade-a-injustica-e-a-falta-de-democracia.html<\/p>\n","protected":false},"excerpt":{"rendered":"<a class=\"moretag\" href=\"https:\/\/pcb.org.br\/portal2\/17359\"> <\/a>","protected":false},"author":1,"featured_media":0,"comment_status":"closed","ping_status":"closed","sticky":false,"template":"","format":"standard","meta":{"jetpack_post_was_ever_published":false,"_jetpack_newsletter_access":"","_jetpack_dont_email_post_to_subs":false,"_jetpack_newsletter_tier_id":0,"_jetpack_memberships_contains_paywalled_content":false,"_jetpack_memberships_contains_paid_content":false,"footnotes":"","jetpack_publicize_message":"No M\u00e9xico persistem a desigualdade, a injusti\u00e7a e a falta de democracia","jetpack_publicize_feature_enabled":true,"jetpack_social_post_already_shared":true,"jetpack_social_options":{"image_generator_settings":{"template":"highway","default_image_id":0,"font":"","enabled":false},"version":2}},"categories":[90],"tags":[233],"class_list":["post-17359","post","type-post","status-publish","format-standard","hentry","category-c103-mexico","tag-6a"],"jetpack_publicize_connections":[],"jetpack_featured_media_url":"","jetpack_shortlink":"https:\/\/wp.me\/p659gw-4vZ","jetpack-related-posts":[],"jetpack_likes_enabled":true,"jetpack_sharing_enabled":true,"_links":{"self":[{"href":"https:\/\/pcb.org.br\/portal2\/wp-json\/wp\/v2\/posts\/17359","targetHints":{"allow":["GET"]}}],"collection":[{"href":"https:\/\/pcb.org.br\/portal2\/wp-json\/wp\/v2\/posts"}],"about":[{"href":"https:\/\/pcb.org.br\/portal2\/wp-json\/wp\/v2\/types\/post"}],"author":[{"embeddable":true,"href":"https:\/\/pcb.org.br\/portal2\/wp-json\/wp\/v2\/users\/1"}],"replies":[{"embeddable":true,"href":"https:\/\/pcb.org.br\/portal2\/wp-json\/wp\/v2\/comments?post=17359"}],"version-history":[{"count":0,"href":"https:\/\/pcb.org.br\/portal2\/wp-json\/wp\/v2\/posts\/17359\/revisions"}],"wp:attachment":[{"href":"https:\/\/pcb.org.br\/portal2\/wp-json\/wp\/v2\/media?parent=17359"}],"wp:term":[{"taxonomy":"category","embeddable":true,"href":"https:\/\/pcb.org.br\/portal2\/wp-json\/wp\/v2\/categories?post=17359"},{"taxonomy":"post_tag","embeddable":true,"href":"https:\/\/pcb.org.br\/portal2\/wp-json\/wp\/v2\/tags?post=17359"}],"curies":[{"name":"wp","href":"https:\/\/api.w.org\/{rel}","templated":true}]}}