{"id":17455,"date":"2017-11-27T20:50:46","date_gmt":"2017-11-27T23:50:46","guid":{"rendered":"https:\/\/pcb.org.br\/portal2\/?p=17455"},"modified":"2017-11-30T17:37:29","modified_gmt":"2017-11-30T20:37:29","slug":"05-12-greve-geral-contra-reforma-da-previdencia","status":"publish","type":"post","link":"https:\/\/pcb.org.br\/portal2\/17455","title":{"rendered":"05\/12: Greve geral contra a reforma da previd\u00eancia!"},"content":{"rendered":"<p><img data-recalc-dims=\"1\" decoding=\"async\" class=\"imagem\" title=\"imagem\" src=\"https:\/\/i0.wp.com\/farm5.staticflickr.com\/4584\/37899294194_c4667f1419_z.jpg?w=747&#038;ssl=1\" alt=\"imagem\" \/><!--more--><strong>ABAIXO A REFORMA DOS PATR\u00d5ES! <\/strong><\/p>\n<p><strong>Querem que o povo trabalhe at\u00e9 morrer!<\/strong><\/p>\n<p>Atrav\u00e9s do ileg\u00edtimo governo Temer, os capitalistas brasileiros e estrangeiros atacam os direitos dos trabalhadores para explorar e lucrar mais. O sistema capitalista quer que, mais uma vez, n\u00f3s trabalhadores paguemos por sua crise. Querem diminuir seus custos para sobrar dinheiro para alimentar um bando de parasitas que emprestam dinheiro para o governo. Depois da reforma trabalhista, a reforma da previd\u00eancia \u00e9 a p\u00e1 de cal sobre os direitos que restavam da classe trabalhadora brasileira. N\u00f3s n\u00e3o podemos aceitar mais esse brutal ataque sem dar uma forte resposta aos patr\u00f5es e ao seu governo. E a Greve Geral \u00e9 o instrumento mais eficaz para dizer um grande N\u00c3O aos patr\u00f5es!<\/p>\n<p>Vejam o que nos espera se n\u00e3o formos \u00e0 luta:<br \/>\nAposentadoria integral &#8211; s\u00f3 depois de 40 anos de contribui\u00e7\u00e3o o trabalhador receber\u00e1 100% da m\u00e9dia salarial. Idade m\u00ednima &#8211; para Professores (as) 60 anos e 25 anos de contribui\u00e7\u00e3o, e para Policiais 55 anos e 25 anos de contribui\u00e7\u00e3o. Regras de Transi\u00e7\u00e3o &#8211; Setor privado &#8211; come\u00e7a com 53 (mulheres) e 55 (homens) em 2018, e a cada mais dois anos aumenta um ano de trabalho para se aposentar; Setor P\u00fablico &#8211; 55 (mulheres) e 60 (homens) em 2018, seguindo os mesmos prazos do setor privado. Pens\u00f5es &#8211; Limita o ac\u00famulo de aposentadoria e pens\u00e3o a at\u00e9 2 sal\u00e1- rios m\u00ednimos. Fim da aposentadoria por tempo de servi\u00e7o &#8211; Idade m\u00ednima para se aposentar de 62 anos para a mulher e 65 anos para o homem.<\/p>\n<p>Quando a injusti\u00e7a se torna lei a rebeldia torna-se uma necessidade. \u00c9 hora de dar um basta no governo dos patr\u00f5es!<br \/>\nAjude a mobilizar a GREVE GERAL no seu local de trabalho, estudo e moradia. Converse com seus amigos, colegas de trabalho, vizinhos, etc. Explique que, com a Reforma Trabalhista, s\u00f3 os patr\u00f5es est\u00e3o ganhando. Com a Reforma da Previd\u00eancia nossa aposentadoria ficar\u00e1 dif\u00edcil de ser alcan\u00e7ada. Fique atento \u00e0s mobiliza\u00e7\u00f5es na sua cidade. Participe das reuni\u00f5es chamadas pelo seu sindicato. Fortale\u00e7a essa luta na sua escola, no seu trabalho e no seu bairro.<\/p>\n<p>O CAPITALISMO DESTR\u00d3I NOSSOS DIREITOS<br \/>\nVAMOS PARAR O BRASIL CONTRA A PERDA DE DIREITOS<\/p>\n<p>Abaixo a Reforma Trabalhista! Abaixo a Reforma da Previd\u00eancia! Fora Temer!<\/p>\n<p>UNIDADE CLASSISTA<\/p>\n<p>http:\/\/unidadeclassista.org.br<\/p>\n<p>facebook.com\/unidadeclassistanacional<\/p>\n<p><span class=\"embed-youtube\" style=\"text-align:center; display: block;\"><iframe loading=\"lazy\" class=\"youtube-player\" width=\"747\" height=\"421\" src=\"https:\/\/www.youtube.com\/embed\/Bkq1zY-PEto?version=3&#038;rel=1&#038;showsearch=0&#038;showinfo=1&#038;iv_load_policy=1&#038;fs=1&#038;hl=pt-BR&#038;autohide=2&#038;wmode=transparent\" allowfullscreen=\"true\" style=\"border:0;\" sandbox=\"allow-scripts allow-same-origin allow-popups allow-presentation allow-popups-to-escape-sandbox\"><\/iframe><\/span><\/p>\n","protected":false},"excerpt":{"rendered":"<a class=\"moretag\" href=\"https:\/\/pcb.org.br\/portal2\/17455\"> <\/a>","protected":false},"author":1,"featured_media":0,"comment_status":"closed","ping_status":"closed","sticky":false,"template":"","format":"standard","meta":{"jetpack_post_was_ever_published":false,"_jetpack_newsletter_access":"","_jetpack_dont_email_post_to_subs":false,"_jetpack_newsletter_tier_id":0,"_jetpack_memberships_contains_paywalled_content":false,"_jetpack_memberships_contains_paid_content":false,"footnotes":"","jetpack_publicize_message":"","jetpack_publicize_feature_enabled":true,"jetpack_social_post_already_shared":true,"jetpack_social_options":{"image_generator_settings":{"template":"highway","default_image_id":0,"font":"","enabled":false},"version":2}},"categories":[190,56],"tags":[219],"class_list":["post-17455","post","type-post","status-publish","format-standard","hentry","category-fora-temer","category-c67-greve","tag-manchete"],"jetpack_publicize_connections":[],"jetpack_featured_media_url":"","jetpack_shortlink":"https:\/\/wp.me\/p659gw-4xx","jetpack-related-posts":[],"jetpack_likes_enabled":true,"jetpack_sharing_enabled":true,"_links":{"self":[{"href":"https:\/\/pcb.org.br\/portal2\/wp-json\/wp\/v2\/posts\/17455","targetHints":{"allow":["GET"]}}],"collection":[{"href":"https:\/\/pcb.org.br\/portal2\/wp-json\/wp\/v2\/posts"}],"about":[{"href":"https:\/\/pcb.org.br\/portal2\/wp-json\/wp\/v2\/types\/post"}],"author":[{"embeddable":true,"href":"https:\/\/pcb.org.br\/portal2\/wp-json\/wp\/v2\/users\/1"}],"replies":[{"embeddable":true,"href":"https:\/\/pcb.org.br\/portal2\/wp-json\/wp\/v2\/comments?post=17455"}],"version-history":[{"count":0,"href":"https:\/\/pcb.org.br\/portal2\/wp-json\/wp\/v2\/posts\/17455\/revisions"}],"wp:attachment":[{"href":"https:\/\/pcb.org.br\/portal2\/wp-json\/wp\/v2\/media?parent=17455"}],"wp:term":[{"taxonomy":"category","embeddable":true,"href":"https:\/\/pcb.org.br\/portal2\/wp-json\/wp\/v2\/categories?post=17455"},{"taxonomy":"post_tag","embeddable":true,"href":"https:\/\/pcb.org.br\/portal2\/wp-json\/wp\/v2\/tags?post=17455"}],"curies":[{"name":"wp","href":"https:\/\/api.w.org\/{rel}","templated":true}]}}