{"id":17458,"date":"2017-11-30T17:00:24","date_gmt":"2017-11-30T20:00:24","guid":{"rendered":"https:\/\/pcb.org.br\/portal2\/?p=17458"},"modified":"2018-03-06T17:16:55","modified_gmt":"2018-03-06T20:16:55","slug":"organizacoes-cristas-em-favor-da-legalizacao-do-aborto","status":"publish","type":"post","link":"https:\/\/pcb.org.br\/portal2\/17458","title":{"rendered":"Organiza\u00e7\u00f5es crist\u00e3s em favor da legaliza\u00e7\u00e3o do aborto"},"content":{"rendered":"<p><img decoding=\"async\" class=\"imagem\" title=\"Organiza\u00e7\u00f5es crist\u00e3s em favor da legaliza\u00e7\u00e3o do aborto\" src=\"https:\/\/i0.wp.com\/www.pstu.org.br\/wp-content\/uploads\/%7B0E6F3516-9195-41AC-8F88-0809D0F9F204%7D_2012_abril12_aborto_inti.jpg?fit=320%2C244&amp;ssl=1\" alt=\"Organiza\u00e7\u00f5es crist\u00e3s em favor da legaliza\u00e7\u00e3o do aborto\" \/><!--more-->OLHAR COMUNISTA \u2013 30\/11\/2017<\/p>\n<p>Duas organiza\u00e7\u00f5es &#8211; a Frente Evang\u00e9lica pela Legaliza\u00e7\u00e3o do Aborto e a Cat\u00f3licas pelo Direito de Decidir &#8211; v\u00eam tendo uma atua\u00e7\u00e3o importante na luta pelo direito ao aborto e contra a criminaliza\u00e7\u00e3o dessa pr\u00e1tica nos casos de estupro, risco de vida da gestante e fetos anenc\u00e9falos, como proposto na PEC 181, em tramita\u00e7\u00e3o no Congresso. Defender a vida, para as duas organiza\u00e7\u00f5es, deve garantir o acesso das mulheres \u00e0s condi\u00e7\u00f5es seguras para a realiza\u00e7\u00e3o de abortos.<\/p>\n<p><img decoding=\"async\" class=\"imagemp\" title=\"Olhar Comunista 442\" src=\"https:\/\/lh3.googleusercontent.com\/8ArsBaUXYkO6P958T2dcQo3dcflBvy-K8WxLbAPi-Fqj7DLVi9Mf30D5zRyLffMpmnlRZUZ6E0Rip7nwVYOpsFqG42zAMqQN_WcQMNV5YriaVSBssEjqpfCEJ54o8kUy_9-rvPTSVneQDXfVvfw3sibtdAOxbzB2BW0IjHX0Qq7aJ2dz9RIMF0gga-yjcaFYY7LPwy7IYnfHAeEnqQ42wnI1v82jZR4oNNIEiLQYdbaYo1pXp0RbpwCyQ5GSaViFbcMVZth9Vj6cDP3BFRre1gxjFiCtsfkdZgXJkDD9Rcliqu21SICwahSz8LwSXAZfG69qaIkIauoVmsIXj7RRYOzPD_jSWNy6iTUcMtvj5LqRfgkQc5hxSyUsWIs2YTwm0wEkDCf4qyJo1l397TMJzozs8dR6eHdawW9D0iCx1eXf3VcyJhtUuacf4lNjyLVHVUfTYH8FWZ2LPQBj61JOxs82txfZ8m-iAy2epyHS9uhL2O8R78eZrBVsAGzZmOKvfbFj7oXIL6bjGy60A5oqXaIw1To3mnx-ZKh_sr3F0F7pxL5m5xH-3UliFLnFzyMJ8uCABkvW0U108HIfPnYH4skDBXMhnPOdVlA-1Crf9ME=w600-h453-no\" alt=\"Olhar Comunista 442\" \/><!--more-->Entre as alega\u00e7\u00f5es apresentadas, est\u00e1 a refer\u00eancia aos dados, que mostram que a criminaliza\u00e7\u00e3o n\u00e3o impediu o elevado n\u00famero de abortos que s\u00e3o realizados no Brasil, em geral em condi\u00e7\u00f5es prec\u00e1rias, o que gera risco de vida para a gestante. As militantes, no entanto, afirmam que defender o direito ao aborto n\u00e3o \u00e9 o mesmo que defender a pr\u00e1tica em si, que, para elas, deve ser usada apenas em casos de extrema necessidade. Elas querem ainda defender o direito \u00e0 vida das mulheres, quando h\u00e1 risco. Para justificar sua posi\u00e7\u00e3o, a B\u00edblia \u00e9 citada, no livro do \u00caxodo, cap\u00edtulo 21, vers\u00edculos 22 e 23, onde se l\u00ea que a vida da m\u00e3e \u00e9 superior \u00e0 dos embri\u00f5es.<\/p>\n<p>\u00c9 uma a\u00e7\u00e3o importante e um \u00f3timo exemplo, que mostra que n\u00e3o h\u00e1 incompatibilidade entre seguir uma cren\u00e7a ou um sistema de ideias de cunho religioso e lutar por direitos sociais, pois as religi\u00f5es devem passar por processos de atualiza\u00e7\u00e3o de valores e de busca de respostas para as necessidades e compreens\u00f5es dos novos tempos, sem o que, ao inv\u00e9s de gerarem caminhos de luta por igualdade e justi\u00e7a, como proposto em geral pelos textos referenciais, podem vir a transformar-se em ritos vazios e distantes da vida real.<\/p>\n","protected":false},"excerpt":{"rendered":"<a class=\"moretag\" href=\"https:\/\/pcb.org.br\/portal2\/17458\"> <\/a>","protected":false},"author":1,"featured_media":0,"comment_status":"closed","ping_status":"closed","sticky":false,"template":"","format":"standard","meta":{"jetpack_post_was_ever_published":false,"_jetpack_newsletter_access":"","_jetpack_dont_email_post_to_subs":false,"_jetpack_newsletter_tier_id":0,"_jetpack_memberships_contains_paywalled_content":false,"_jetpack_memberships_contains_paid_content":false,"footnotes":"","jetpack_publicize_message":"Organiza\u00e7\u00f5es crist\u00e3s em favor da legaliza\u00e7\u00e3o do aborto","jetpack_publicize_feature_enabled":true,"jetpack_social_post_already_shared":true,"jetpack_social_options":{"image_generator_settings":{"template":"highway","default_image_id":0,"font":"","enabled":false},"version":2}},"categories":[180,100],"tags":[],"class_list":["post-17458","post","type-post","status-publish","format-standard","hentry","category-feminista","category-c113-a-semana-no-olhar-comunista"],"jetpack_publicize_connections":[],"jetpack_featured_media_url":"","jetpack_shortlink":"https:\/\/wp.me\/p659gw-4xA","jetpack-related-posts":[],"jetpack_likes_enabled":true,"jetpack_sharing_enabled":true,"_links":{"self":[{"href":"https:\/\/pcb.org.br\/portal2\/wp-json\/wp\/v2\/posts\/17458","targetHints":{"allow":["GET"]}}],"collection":[{"href":"https:\/\/pcb.org.br\/portal2\/wp-json\/wp\/v2\/posts"}],"about":[{"href":"https:\/\/pcb.org.br\/portal2\/wp-json\/wp\/v2\/types\/post"}],"author":[{"embeddable":true,"href":"https:\/\/pcb.org.br\/portal2\/wp-json\/wp\/v2\/users\/1"}],"replies":[{"embeddable":true,"href":"https:\/\/pcb.org.br\/portal2\/wp-json\/wp\/v2\/comments?post=17458"}],"version-history":[{"count":0,"href":"https:\/\/pcb.org.br\/portal2\/wp-json\/wp\/v2\/posts\/17458\/revisions"}],"wp:attachment":[{"href":"https:\/\/pcb.org.br\/portal2\/wp-json\/wp\/v2\/media?parent=17458"}],"wp:term":[{"taxonomy":"category","embeddable":true,"href":"https:\/\/pcb.org.br\/portal2\/wp-json\/wp\/v2\/categories?post=17458"},{"taxonomy":"post_tag","embeddable":true,"href":"https:\/\/pcb.org.br\/portal2\/wp-json\/wp\/v2\/tags?post=17458"}],"curies":[{"name":"wp","href":"https:\/\/api.w.org\/{rel}","templated":true}]}}