{"id":17536,"date":"2017-11-30T17:01:28","date_gmt":"2017-11-30T20:01:28","guid":{"rendered":"https:\/\/pcb.org.br\/portal2\/?p=17536"},"modified":"2017-11-30T17:01:28","modified_gmt":"2017-11-30T20:01:28","slug":"pcb-rn-junto-ao-movimento-indigena","status":"publish","type":"post","link":"https:\/\/pcb.org.br\/portal2\/17536","title":{"rendered":"PCB-RN junto ao movimento ind\u00edgena"},"content":{"rendered":"<p><img decoding=\"async\" class=\"imagem\" title=\"PCB-RN junto ao movimento ind\u00edgena\" src=\"https:\/\/graph.facebook.com\/1620866981307069\/picture\" alt=\"PCB-RN junto ao movimento ind\u00edgena\" \/><!--more-->No \u00faltimo dia 26 de novembro o Partido Comunista Brasileiro (PCB) no Rio Grande do Norte visitou a Aldeia Ind\u00edgena do Amarel\u00e3o, localizada no munic\u00edpio de Jo\u00e3o C\u00e2mara\/RN.<\/p>\n<p>Na parte da manh\u00e3 foi realizada uma trilha na comunidade ind\u00edgena, para conhecer um pouco de sua realidade, a vegeta\u00e7\u00e3o local e os principais pontos hist\u00f3ricos, incluindo pinturas rupestres. Posteriormente, foi realizada uma apresenta\u00e7\u00e3o da realidade hist\u00f3rica e atual n\u00e3o somente dos ind\u00edgenas do Amarel\u00e3o, mas tamb\u00e9m das lideran\u00e7as ind\u00edgenas das comunidades do Serrote de S\u00e3o Bento e do Assentamento Santa Terezinha, uma vez que s\u00e3o circunvizinhas ao Amarel\u00e3o e fazem parte do mesmo tronco familiar Mendon\u00e7a, de etnia Potiguara. Nesta apresenta\u00e7\u00e3o, foi observada a luta dos ind\u00edgenas pelo seu reconhecimento \u00e9tnico, a demarca\u00e7\u00e3o dos seus Territ\u00f3rios Tradicionais, bem como a luta pela garantia dos seus direitos, em especial relacionados \u00e0 sa\u00fade, educa\u00e7\u00e3o e acesso \u00e0 \u00e1gua.<\/p>\n<p>Ap\u00f3s um almo\u00e7o coletivo, o PCB realizou uma apresenta\u00e7\u00e3o da sua Organiza\u00e7\u00e3o: elementos da nossa hist\u00f3ria, eixo das lutas, forma de organiza\u00e7\u00e3o e a perspectiva de luta conjunta ao movimento ind\u00edgena. De forma coletiva constru\u00edmos um calend\u00e1rio de atividades na perspectiva de continuarmos essa intera\u00e7\u00e3o e fortalecermos os la\u00e7os e as lutas anticapitalistas.<\/p>\n<p>Reiteramos o nosso respeito, solidariedade e disposi\u00e7\u00e3o para lutarmos ombro a ombro com o movimento ind\u00edgena na luta pela demarca\u00e7\u00e3o de suas terras e garantia dos seus direitos.<\/p>\n<p>Nenhum direito a menos!<br \/>\nDemarca\u00e7\u00e3o J\u00e1!<br \/>\nPelo Poder Popular e Pelo Socialismo!<\/p>\n<p><a href=\"https:\/\/www.facebook.com\/PCBNATALRN\/&lt;wbr&gt;posts\/1620867077973726\" target=\"_blank\" rel=\"noopener\">https:\/\/www.facebook.com\/PCBNATALRN\/<wbr \/>posts\/1620867077973726<\/a><\/p>\n","protected":false},"excerpt":{"rendered":"<a class=\"moretag\" href=\"https:\/\/pcb.org.br\/portal2\/17536\"> <\/a>","protected":false},"author":1,"featured_media":0,"comment_status":"closed","ping_status":"closed","sticky":false,"template":"","format":"standard","meta":{"jetpack_post_was_ever_published":false,"_jetpack_newsletter_access":"","_jetpack_dont_email_post_to_subs":false,"_jetpack_newsletter_tier_id":0,"_jetpack_memberships_contains_paywalled_content":false,"_jetpack_memberships_contains_paid_content":false,"footnotes":"","jetpack_publicize_message":"","jetpack_publicize_feature_enabled":true,"jetpack_social_post_already_shared":true,"jetpack_social_options":{"image_generator_settings":{"template":"highway","default_image_id":0,"font":"","enabled":false},"version":2}},"categories":[243,163],"tags":[227],"class_list":["post-17536","post","type-post","status-publish","format-standard","hentry","category-fracao-indigena-do-pcb","category-movimento-indigena","tag-5a"],"jetpack_publicize_connections":[],"jetpack_featured_media_url":"","jetpack_shortlink":"https:\/\/wp.me\/p659gw-4yQ","jetpack-related-posts":[],"jetpack_likes_enabled":true,"jetpack_sharing_enabled":true,"_links":{"self":[{"href":"https:\/\/pcb.org.br\/portal2\/wp-json\/wp\/v2\/posts\/17536","targetHints":{"allow":["GET"]}}],"collection":[{"href":"https:\/\/pcb.org.br\/portal2\/wp-json\/wp\/v2\/posts"}],"about":[{"href":"https:\/\/pcb.org.br\/portal2\/wp-json\/wp\/v2\/types\/post"}],"author":[{"embeddable":true,"href":"https:\/\/pcb.org.br\/portal2\/wp-json\/wp\/v2\/users\/1"}],"replies":[{"embeddable":true,"href":"https:\/\/pcb.org.br\/portal2\/wp-json\/wp\/v2\/comments?post=17536"}],"version-history":[{"count":0,"href":"https:\/\/pcb.org.br\/portal2\/wp-json\/wp\/v2\/posts\/17536\/revisions"}],"wp:attachment":[{"href":"https:\/\/pcb.org.br\/portal2\/wp-json\/wp\/v2\/media?parent=17536"}],"wp:term":[{"taxonomy":"category","embeddable":true,"href":"https:\/\/pcb.org.br\/portal2\/wp-json\/wp\/v2\/categories?post=17536"},{"taxonomy":"post_tag","embeddable":true,"href":"https:\/\/pcb.org.br\/portal2\/wp-json\/wp\/v2\/tags?post=17536"}],"curies":[{"name":"wp","href":"https:\/\/api.w.org\/{rel}","templated":true}]}}