{"id":17542,"date":"2017-11-30T17:13:23","date_gmt":"2017-11-30T20:13:23","guid":{"rendered":"https:\/\/pcb.org.br\/portal2\/?p=17542"},"modified":"2017-11-30T17:13:23","modified_gmt":"2017-11-30T20:13:23","slug":"movimento-de-pequenos-agricultores-se-soma-greve-geral","status":"publish","type":"post","link":"https:\/\/pcb.org.br\/portal2\/17542","title":{"rendered":"Movimento de Pequenos Agricultores se soma \u00e0 greve geral"},"content":{"rendered":"<p><img data-recalc-dims=\"1\" decoding=\"async\" class=\"imagem\" title=\"Movimento de Pequenos Agricultores se soma \u00e0 greve geral\" src=\"https:\/\/i0.wp.com\/farm5.staticflickr.com\/4576\/24855915748_050dfe059c_z.jpg?w=747&#038;ssl=1\" alt=\"Movimento de Pequenos Agricultores se soma \u00e0 greve geral\" \/><!--more--><strong>Contra novo texto da reforma da Previd\u00eancia, trabalhadores do campo promover\u00e3o tranca\u00e7os e jejum p\u00fablico<\/strong><\/p>\n<p>Norma Odara<\/p>\n<p>O Movimento dos Pequenos Agricultores (MPA), promover\u00e1 uma s\u00e9rie de atos e mobiliza\u00e7\u00f5es a partir do dia 5 de dezembro, no Dia Nacional de Lutas e da Greve Geral, contra os retrocessos do governo golpista de Michel Temer (PMDB).<\/p>\n<p>Uma das principais reivindica\u00e7\u00f5es da Greve Geral \u00e9 parar a reforma da Previd\u00eancia, que teve seu terceiro texto divulgado no dia 22 deste m\u00eas, sob o nome de Proposta de Emenda Constitucional (PEC) 287, e recuou em rela\u00e7\u00e3o \u00e0s vers\u00f5es anteriores, que previam ainda mais retrocessos aos trabalhadores rurais.<\/p>\n<p>De relatoria do deputado Arthur Oliveira Maia (PPS-BA), o texto precisa de 308 votos na C\u00e2mara dos Deputados, no pr\u00f3ximo dia 15 de dezembro, para poder chegar ao Senado.<\/p>\n<p>Em apoio aos trabalhadores da cidade e pela unidade da classe trabalhadora, o MPA promover\u00e1 tranca\u00e7os de rodovias e jejum p\u00fablico, como forma de resist\u00eancia e protesto.<\/p>\n<p>A Radioag\u00eancia Brasil de Fato conversou com Josineide Costa, da coordena\u00e7\u00e3o nacional do MPA, que considera que o &#8220;recuo&#8221; \u00e9 uma manobra do governo golpista, que tentar &#8220;setorizar&#8221; a reforma, come\u00e7ando primeiro pela cidade e promovendo posteriormente retrocessos nos direitos dos trabalhadores do meio rural.<\/p>\n<p>Confira a entrevista:<\/p>\n<p>Brasil de Fato: Como o fim da aposentadoria rural, que previa, em sua primeira vers\u00e3o, a aposentadoria dos camponeses aos 65 anos de idade, com contribui\u00e7\u00e3o de 25 anos, afetaria as trabalhadoras e os trabalhadores do campo?<\/p>\n<p>Josineide Costa: Com a aposentadoria a gente sabe que o campon\u00eas e a camponesa inicia seu trabalho ainda crian\u00e7a, ent\u00e3o, como todo ser humano, necessita de um per\u00edodo de descanso na vida e na regi\u00e3o nordeste, a maioria dos estados, no campo, a gente tem um n\u00famero vis\u00edvel que vai no m\u00e1ximo at\u00e9 68 anos. Ent\u00e3o, estava posto na reforma da previd\u00eancia que as pessoas n\u00e3o iriam viver sua aposentadoria<\/p>\n<p>Brasil de Fato: O c\u00e1lculo da contribui\u00e7\u00e3o do trabalhador rural \u00e9 feito de maneira distinta do trabalhador da cidade. Do trabalhador rural a conta \u00e9 feita sobre o valor da comercializa\u00e7\u00e3o de sua produ\u00e7\u00e3o e do trabalhador urbano sobre o seu sal\u00e1rio. O que voc\u00ea opina sobre essa diferen\u00e7a, que seria desrespeitada com a antiga vers\u00e3o da reforma da previd\u00eancia?<\/p>\n<p>Josineide Costa: A esperan\u00e7a de um dia se aposentar, seria uma d\u00edvida do agricultor com o governo e n\u00e3o uma poupan\u00e7a, que coloca, pra um dia ter sua aposentadoria. A coisa que \u00e9 mais mentirosa, \u00e9 que o campon\u00eas e a camponesa n\u00e3o contribui com a previd\u00eancia; ele contribui sim, desde a mandioca, do milho, do feij\u00e3o que \u00e9 plantado na ro\u00e7a e que depois \u00e9 comercializado. Ent\u00e3o tem sim sua contribui\u00e7\u00e3o com a previd\u00eancia.<\/p>\n<p>Brasil de Fato: Sob o nome de Proposta de Emenda Constitucional (PEC) 287 a reforma da Previd\u00eancia ser\u00e1 votada no plen\u00e1rio da C\u00e2mara at\u00e9 o dia 15 de dezembro, mas para ir ao Senado necessita do voto de 308 parlamentares. Quais os interesses dos parlamentares e ruralistas na aprova\u00e7\u00e3o desta PEC? E por qu\u00ea \u00e9 importante, mesmo com a manuten\u00e7\u00e3o dos crit\u00e9rios para os trabalhadores do campo, se unirem \u00e0 oposi\u00e7\u00e3o?<\/p>\n<p>Josineide Costa: Essa retirada dos rurais da proposta \u00e9 uma armadilha, com o objetivo de conseguir os votos dos deputados que t\u00eam base eleitoral nas regi\u00f5es rurais do Brasil. Ent\u00e3o isso tamb\u00e9m significa uma armadilha de dividir a resist\u00eancia e a unidade da classe trabalhadora para aprovar a reforma em duas partes. Primeira a urbana e depois a rural. Essa \u00e9 mais uma manobra do governo golpista. E n\u00f3s vamos manter as fileiras junto com os companheiros e companheiras urbanos, em suas entidades, fazendo luta e defendendo os direitos de toda classe trabalhadora<\/p>\n<p>Brasil de Fato: Como se dar\u00e1 o enfrentamento pol\u00edtico dos trabalhadores do campo e da cidade contra a reforma?<\/p>\n<p>Josineide Costa: Teremos uma jornada de lutas em defesa da classe trabalhadora e contra a reforma da Previd\u00eancia. Na primeira semana de dezembro a gente vai fazer em todos os locais que pudermos fazer, e tivermos condi\u00e7\u00e3o, em todos os 19 estados em que temos constitu\u00eddo o MPA, mobiliza\u00e7\u00f5es e a\u00e7\u00f5es de press\u00e3o; vamos fazer tranca\u00e7os em rodovias e fazer jejum p\u00fablico.<\/p>\n<p>Essa jornada de lutas do MPA faz parte da greve. A gente sabe que os camponeses n\u00e3o t\u00eam como fazer greve assim como fazem os urbanos, de parar f\u00e1brica, de sair pra rua, ent\u00e3o uma de nossas formas de luta, junto com os trabalhadores da cidade, \u00e9 trancando as rodovias; e a outra forma tamb\u00e9m que a gente vai fazer \u00e9 o jejum p\u00fablico.<\/p>\n<p>Edi\u00e7\u00e3o: Mauro Ramos<\/p>\n<p>https:\/\/www.brasildefato.com.br\/2017\/11\/29\/movimento-de-pequenos-agricultores-se-soma-a-greve-geral-com-diversas-acoes\/<\/p>\n","protected":false},"excerpt":{"rendered":"<a class=\"moretag\" href=\"https:\/\/pcb.org.br\/portal2\/17542\"> <\/a>","protected":false},"author":1,"featured_media":0,"comment_status":"closed","ping_status":"closed","sticky":false,"template":"","format":"standard","meta":{"jetpack_post_was_ever_published":false,"_jetpack_newsletter_access":"","_jetpack_dont_email_post_to_subs":false,"_jetpack_newsletter_tier_id":0,"_jetpack_memberships_contains_paywalled_content":false,"_jetpack_memberships_contains_paid_content":false,"footnotes":"","jetpack_publicize_message":"Movimento de Pequenos Agricultores se soma \u00e0 greve geral","jetpack_publicize_feature_enabled":true,"jetpack_social_post_already_shared":true,"jetpack_social_options":{"image_generator_settings":{"template":"highway","default_image_id":0,"font":"","enabled":false},"version":2}},"categories":[190,56,4],"tags":[224],"class_list":["post-17542","post","type-post","status-publish","format-standard","hentry","category-fora-temer","category-c67-greve","category-s6-movimentos","tag-3b"],"jetpack_publicize_connections":[],"jetpack_featured_media_url":"","jetpack_shortlink":"https:\/\/wp.me\/p659gw-4yW","jetpack-related-posts":[],"jetpack_likes_enabled":true,"jetpack_sharing_enabled":true,"_links":{"self":[{"href":"https:\/\/pcb.org.br\/portal2\/wp-json\/wp\/v2\/posts\/17542","targetHints":{"allow":["GET"]}}],"collection":[{"href":"https:\/\/pcb.org.br\/portal2\/wp-json\/wp\/v2\/posts"}],"about":[{"href":"https:\/\/pcb.org.br\/portal2\/wp-json\/wp\/v2\/types\/post"}],"author":[{"embeddable":true,"href":"https:\/\/pcb.org.br\/portal2\/wp-json\/wp\/v2\/users\/1"}],"replies":[{"embeddable":true,"href":"https:\/\/pcb.org.br\/portal2\/wp-json\/wp\/v2\/comments?post=17542"}],"version-history":[{"count":0,"href":"https:\/\/pcb.org.br\/portal2\/wp-json\/wp\/v2\/posts\/17542\/revisions"}],"wp:attachment":[{"href":"https:\/\/pcb.org.br\/portal2\/wp-json\/wp\/v2\/media?parent=17542"}],"wp:term":[{"taxonomy":"category","embeddable":true,"href":"https:\/\/pcb.org.br\/portal2\/wp-json\/wp\/v2\/categories?post=17542"},{"taxonomy":"post_tag","embeddable":true,"href":"https:\/\/pcb.org.br\/portal2\/wp-json\/wp\/v2\/tags?post=17542"}],"curies":[{"name":"wp","href":"https:\/\/api.w.org\/{rel}","templated":true}]}}