{"id":1773,"date":"2011-08-19T22:38:41","date_gmt":"2011-08-19T22:38:41","guid":{"rendered":"http:\/\/pcb.org.br\/portal2\/?p=1773"},"modified":"2011-08-19T22:38:41","modified_gmt":"2011-08-19T22:38:41","slug":"manifesto-de-solidariedade-ao-pcb-2","status":"publish","type":"post","link":"https:\/\/pcb.org.br\/portal2\/1773","title":{"rendered":"Manifesto de Solidariedade ao PCB"},"content":{"rendered":"\n<p>Centenas de intelectuais, militantes e organiza\u00e7\u00f5es progressistas, de v\u00e1rios Estados do Brasil e de v\u00e1rios pa\u00edses, se manifestaram em solidariedade ao PCB, diante de uma representa\u00e7\u00e3o da Confedera\u00e7\u00e3o Israelita do Brasil no Minist\u00e9rio P\u00fablico Eleitoral, acusando o partido de anti-semitismo.<\/p>\n<p><em>SOLIDARIEDADE AO PCB<\/em><\/p>\n<p><em>Prestamos nossa solidariedade ao PCB (Partido Comunista Brasileiro) diante de representa\u00e7\u00e3o judicial em que \u00e9 acusado de \u201cincentivar a discrimina\u00e7\u00e3o e a prolifera\u00e7\u00e3o da intoler\u00e2ncia religiosa, \u00e9tnica e racial em nosso pa\u00eds\u201d.<\/em><\/p>\n<p><em>Independentemente de nossa concord\u00e2ncia ou n\u00e3o com as posi\u00e7\u00f5es pol\u00edticas do PCB, reconhecemos nele um partido pol\u00edtico que, ao contr\u00e1rio da acusa\u00e7\u00e3o, luta por uma sociedade laica, igualit\u00e1ria e fraterna, sem discrimina\u00e7\u00f5es de qualquer natureza. <\/em><\/p>\n<p><em>Esta absurda representa\u00e7\u00e3o, al\u00e9m de constituir um atentado \u00e0 livre organiza\u00e7\u00e3o partid\u00e1ria, fere todas as cl\u00e1usulas p\u00e9treas da Constitui\u00e7\u00e3o Brasileira que se referem \u00e0 liberdade de organiza\u00e7\u00e3o e de express\u00e3o.<\/em><\/p>\n<table border=\"0\" cellspacing=\"0\" frame=\"VOID\" rules=\"NONE\">\n<colgroup>\n<col width=\"64\"><\/col>\n<col><\/col>\n<\/colgroup>\n<tbody>\n<tr>\n<td width=\"64\" height=\"21\" align=\"CENTER\">1<\/td>\n<td align=\"JUSTIFY\">Abilio Maiworm Weiand &#8211; fot\u00f3grafo e membro da Assoc. dos Produtores Org\u00e2nicos de Petr\u00f3polis \u2013 APOP (RJ)<\/td>\n<\/tr>\n<tr>\n<td height=\"20\" align=\"CENTER\">2<\/td>\n<td align=\"LEFT\">Achille Lolo \u2013 editor de TV e correspondente do jornal Brasil de Fato em Roma (It\u00e1lia)<\/td>\n<\/tr>\n<tr>\n<td height=\"21\" align=\"CENTER\">3<\/td>\n<td align=\"JUSTIFY\">Acir da Cruz Camargo \u2013 historiador, Ponta Grossa (PR)<\/td>\n<\/tr>\n<tr>\n<td height=\"21\" align=\"CENTER\">4<\/td>\n<td align=\"JUSTIFY\">Adail Ivan de Lemos &#8211; psicanalista e psiquiatra social; presidente do Movimento Ra\u00edzes Trabalhistas (RJ)<\/td>\n<\/tr>\n<tr>\n<td height=\"20\" align=\"CENTER\">5<\/td>\n<td align=\"LEFT\">Adelaide Gon\u00e7alves \u2013 historiadora, Universidade Federal do Cear\u00e1 (CE)<\/td>\n<\/tr>\n<tr>\n<td height=\"21\" align=\"CENTER\">6<\/td>\n<td align=\"JUSTIFY\">Adelaide J\u00f3ia \u2013 Professora Universit\u00e1ria (SP)<\/td>\n<\/tr>\n<tr>\n<td height=\"20\" align=\"CENTER\">7<\/td>\n<td align=\"LEFT\">Adriano Nascimento \u2013 professor \u2013 UFAL (AL)<\/td>\n<\/tr>\n<tr>\n<td height=\"21\" align=\"CENTER\">8<\/td>\n<td align=\"JUSTIFY\">Affonso Henriques G. Corr\u00eaa &#8211; economista<\/td>\n<\/tr>\n<tr>\n<td height=\"21\" align=\"CENTER\">9<\/td>\n<td align=\"JUSTIFY\">Afonso Celso Castro de Oliveira \u2013 arquiteto (RJ)<\/td>\n<\/tr>\n<tr>\n<td height=\"20\" align=\"CENTER\">10<\/td>\n<td align=\"LEFT\">Alan Woods \u2013 dirigente da Corrente Marxista Internacional (CMI)<\/td>\n<\/tr>\n<tr>\n<td height=\"21\" align=\"CENTER\">11<\/td>\n<td align=\"JUSTIFY\">Aldanny Rezende &#8211; Membro do Diret\u00f3rio Municipal do PDT BH (MG)<\/td>\n<\/tr>\n<tr>\n<td height=\"20\" align=\"CENTER\">12<\/td>\n<td align=\"LEFT\">Alessandra Soares Gomes \u2013 assistente social (RJ)<\/td>\n<\/tr>\n<tr>\n<td height=\"21\" align=\"CENTER\">13<\/td>\n<td align=\"JUSTIFY\">Alexandre Gomes de Andrade &#8211; Diretor de SINDSPREV-RJ \u2013 Nova Friburgo (RJ)<\/td>\n<\/tr>\n<tr>\n<td height=\"21\" align=\"CENTER\">14<\/td>\n<td align=\"JUSTIFY\">Alexandre Mandl &#8211; Advogado do Movimento das F\u00e1bricas Ocupadas &#8211; Flask\u00f4, Sumar\u00e9 (SP)<\/td>\n<\/tr>\n<tr>\n<td height=\"20\" align=\"CENTER\">15<\/td>\n<td align=\"LEFT\">Alicia Pintos \u2013 Senadora, PCU-Frente Amplio (Uruguai)<\/td>\n<\/tr>\n<tr>\n<td height=\"21\" align=\"CENTER\">16<\/td>\n<td align=\"JUSTIFY\">Alipio Freire \u2013 Jornalista e escritor (SP)<\/td>\n<\/tr>\n<tr>\n<td height=\"20\" align=\"CENTER\">17<\/td>\n<td align=\"LEFT\">Alo\u00edsio Fernando da Costa Silva &#8211; estudante de Hist\u00f3ria da UFSJ-MG<\/td>\n<\/tr>\n<tr>\n<td height=\"21\" align=\"CENTER\">18<\/td>\n<td align=\"JUSTIFY\">Ana Claudia de Almeida Garcia \u2013 Advogada, Membro da Rede Democr\u00e1tica (RJ)<\/td>\n<\/tr>\n<tr>\n<td height=\"21\" align=\"CENTER\">19<\/td>\n<td align=\"JUSTIFY\">Ana Manuella Soares \u2013 Jornalista (RJ)<\/td>\n<\/tr>\n<tr>\n<td height=\"20\" align=\"CENTER\">20<\/td>\n<td align=\"LEFT\">Andre Borge \u2013 Coordena\u00e7\u00e3o Estadual do Circulo Palmarino<\/td>\n<\/tr>\n<tr>\n<td height=\"21\" align=\"CENTER\">21<\/td>\n<td align=\"JUSTIFY\">Andr\u00e9 Iki Siqueira \u2013 autor da biografia &#8220;Jo\u00e3o Saldanha, uma vida em jogo&#8221; e diretor do filme &#8220;Jo\u00e3o&#8221; (RJ)<\/td>\n<\/tr>\n<tr>\n<td height=\"21\" align=\"CENTER\">22<\/td>\n<td align=\"JUSTIFY\">Andr\u00e9 Laino &#8211; pesquisador na \u00e1rea da Sociologia do Trabalho, professor da UFF e da UERJ (RJ)<\/td>\n<\/tr>\n<tr>\n<td height=\"20\" align=\"CENTER\">23<\/td>\n<td align=\"LEFT\">Andr\u00e9 Moreau \u2013 jornalista e cineasta (RJ)<\/td>\n<\/tr>\n<tr>\n<td height=\"21\" align=\"CENTER\">24<\/td>\n<td align=\"JUSTIFY\">Andr\u00e9 Nunes \u2013 Aluno da gradua\u00e7\u00e3o de Ci\u00eancias Cont\u00e1beis da UERJ (RJ)<\/td>\n<\/tr>\n<tr>\n<td height=\"20\" align=\"CENTER\">25<\/td>\n<td align=\"LEFT\">Ang\u00e9lica Lovatto \u2013 professora FFC\/UNESP (SP)<\/td>\n<\/tr>\n<tr>\n<td height=\"20\" align=\"CENTER\">26<\/td>\n<td align=\"LEFT\">Anita Leoc\u00e1dia Prestes \u2013 professora universit\u00e1ria (RJ)<\/td>\n<\/tr>\n<tr>\n<td height=\"21\" align=\"CENTER\">27<\/td>\n<td align=\"JUSTIFY\">Annalisa Melandri &#8211; ativista pelos direitos humanos (It\u00e1lia)<\/td>\n<\/tr>\n<tr>\n<td height=\"21\" align=\"CENTER\">28<\/td>\n<td align=\"JUSTIFY\">Antonio Carlos C. R. Vianna \u2013 banc\u00e1rio (DF)<\/td>\n<\/tr>\n<tr>\n<td height=\"20\" align=\"CENTER\">29<\/td>\n<td align=\"LEFT\">Antonio Carlos Maciel \u2013 prof. , doutor, diretor do Campus Universit\u00e1rio da UF de Rond\u00f4nia (RO)<\/td>\n<\/tr>\n<tr>\n<td height=\"21\" align=\"CENTER\">30<\/td>\n<td align=\"JUSTIFY\">Antonio Carlos Rocha &#8211; professor doutor e mestre: Rede Estadual RJ.<\/td>\n<\/tr>\n<tr>\n<td height=\"21\" align=\"CENTER\">31<\/td>\n<td align=\"JUSTIFY\">Antonio de Campos \u2013 Associa\u00e7\u00e3o Pernambucana de Anistiados Pol\u00edticos \u2013 APAP (PE)<\/td>\n<\/tr>\n<tr>\n<td height=\"20\" align=\"CENTER\">32<\/td>\n<td align=\"LEFT\">Antonio Fernando &#8211; Professor da rede p\u00fablica estadual e municipal\/ RJ<\/td>\n<\/tr>\n<tr>\n<td height=\"21\" align=\"CENTER\">33<\/td>\n<td align=\"JUSTIFY\">Antonio Julio de Menezes Neto &#8211; Professor UFMG (MG)<\/td>\n<\/tr>\n<tr>\n<td height=\"20\" align=\"CENTER\">34<\/td>\n<td align=\"LEFT\">Antonio Rago &#8211; professor da PUC\/SP<\/td>\n<\/tr>\n<tr>\n<td height=\"20\" align=\"CENTER\">35<\/td>\n<td align=\"LEFT\">Argemiro Pertence \u2013 engenheiro, diretor da Casa da Am\u00e9rica Latina (RJ)<\/td>\n<\/tr>\n<tr>\n<td height=\"20\" align=\"CENTER\">36<\/td>\n<td align=\"LEFT\">Armando Boito &#8211; professor de Ci\u00eancia Pol\u00edtica da Unicamp (SP)<\/td>\n<\/tr>\n<tr>\n<td height=\"21\" align=\"CENTER\">37<\/td>\n<td align=\"JUSTIFY\">Artur Alvim Cury &#8211; professor de Geografia (SP).<\/td>\n<\/tr>\n<tr>\n<td height=\"20\" align=\"CENTER\">38<\/td>\n<td align=\"LEFT\">Associa\u00e7\u00e3o Cultural Jos\u00e9 Marti (RJ)<\/td>\n<\/tr>\n<tr>\n<td height=\"20\" align=\"CENTER\">39<\/td>\n<td align=\"LEFT\">Associa\u00e7\u00e3o para o Desenvolvimento da Imprensa Alternativa \u2013 ADIA (RJ)<\/td>\n<\/tr>\n<tr>\n<td height=\"21\" align=\"CENTER\">40<\/td>\n<td align=\"JUSTIFY\">Associa\u00e7\u00e3o Pol\u00edtico-Cultural Brasil\/Cuba &#8211; Casa Greg\u00f3rio Bezerra \u2013 Recife (PE)<\/td>\n<\/tr>\n<tr>\n<td height=\"20\" align=\"CENTER\">41<\/td>\n<td align=\"LEFT\">Aton Fon Filho \u2013 advogado (SP)<\/td>\n<\/tr>\n<tr>\n<td height=\"20\" align=\"CENTER\">42<\/td>\n<td align=\"LEFT\">Augusto Buonicore \u2013 membro da Funda\u00e7\u00e3o Maur\u00edcio Grabois, historiador (SP)<\/td>\n<\/tr>\n<tr>\n<td height=\"20\" align=\"CENTER\">43<\/td>\n<td align=\"LEFT\">Aur\u00e9lio Fernandes \u2013 Morena\/Brigadas Populares<\/td>\n<\/tr>\n<tr>\n<td height=\"21\" align=\"CENTER\">44<\/td>\n<td align=\"JUSTIFY\">Azalea Robles \u2013 jornalista (Venezuela)<\/td>\n<\/tr>\n<tr>\n<td height=\"21\" align=\"CENTER\">45<\/td>\n<td align=\"JUSTIFY\">Beatriz Stolowicz \u2013 acad\u00eamica (M\u00e9xico)<\/td>\n<\/tr>\n<tr>\n<td height=\"20\" align=\"CENTER\">46<\/td>\n<td align=\"LEFT\">Beto Almeida \u2013 jornalista, diretor da Telesur<\/td>\n<\/tr>\n<tr>\n<td height=\"20\" align=\"CENTER\">47<\/td>\n<td align=\"LEFT\">Bruno Vidotti &#8211; estudante de Ci\u00eancias Sociais da UNIOESTE<\/td>\n<\/tr>\n<tr>\n<td height=\"20\" align=\"CENTER\">48<\/td>\n<td align=\"LEFT\">Caio Navarro Toledo \u2013 professor da Unicamp (SP)<\/td>\n<\/tr>\n<tr>\n<td height=\"21\" align=\"CENTER\">49<\/td>\n<td align=\"JUSTIFY\">Carlo Frabetti, &#8211; escritor (It\u00e1lia)<\/td>\n<\/tr>\n<tr>\n<td height=\"20\" align=\"CENTER\">50<\/td>\n<td align=\"LEFT\">Carlos A. Lozano Guillen \u2013 dir. do Seman\u00e1rio Voz e dirig. do P\u00f3lo Democr\u00e1tico Alternativo (Col\u00f4mbia)<\/td>\n<\/tr>\n<tr>\n<td height=\"20\" align=\"CENTER\">51<\/td>\n<td align=\"LEFT\">Carlos Alberto Bar\u00e3o \u2013 historiador (RJ)<\/td>\n<\/tr>\n<tr>\n<td height=\"21\" align=\"CENTER\">52<\/td>\n<td align=\"JUSTIFY\">Carlos Alberto Lungarzo &#8211; Professor titular (ap) da UNICAMP (SP)<\/td>\n<\/tr>\n<tr>\n<td height=\"21\" align=\"CENTER\">53<\/td>\n<td align=\"JUSTIFY\">Carlos Antonio Paganini Tavares \u2013 advogado, jornalista e banc\u00e1rio (SP)<\/td>\n<\/tr>\n<tr>\n<td height=\"20\" align=\"CENTER\">54<\/td>\n<td align=\"LEFT\">Carlos Bauer \u2013 professor universit\u00e1rio (SP)<\/td>\n<\/tr>\n<tr>\n<td height=\"21\" align=\"CENTER\">55<\/td>\n<td align=\"JUSTIFY\">Carlos Calixto \u2013 PT (RJ)<\/td>\n<\/tr>\n<tr>\n<td height=\"20\" align=\"CENTER\">56<\/td>\n<td align=\"LEFT\">Carlos Casanueva \u2013 secret\u00e1rio geral do Movimento Continental Bolivariano \u2013 MCB (Chile)<\/td>\n<\/tr>\n<tr>\n<td height=\"21\" align=\"CENTER\">57<\/td>\n<td align=\"JUSTIFY\">Carlos Cortez Romero &#8211; professor aposentado da UFJF (MG)<\/td>\n<\/tr>\n<tr>\n<td height=\"20\" align=\"CENTER\">58<\/td>\n<td align=\"LEFT\">Carlos Duarte \u2013 Presidente do Sindicato dos Advogados de S\u00e3o Paulo (SP)<\/td>\n<\/tr>\n<tr>\n<td height=\"20\" align=\"CENTER\">59<\/td>\n<td align=\"LEFT\">Carlos Eduardo Teixeira &#8211; Engenheiro Rio das Ostras \u2013 RJ<\/td>\n<\/tr>\n<tr>\n<td height=\"20\" align=\"CENTER\">60<\/td>\n<td align=\"LEFT\">Carlos Eug\u00eanio Clemente \u2013 ex Comandante da ALN &#8211; Alian\u00e7a Libertadora Nacional (RJ)<\/td>\n<\/tr>\n<tr>\n<td height=\"21\" align=\"CENTER\">61<\/td>\n<td align=\"JUSTIFY\">Carlos Latuff \u2013 chargista (RJ)<\/td>\n<\/tr>\n<tr>\n<td height=\"20\" align=\"CENTER\">62<\/td>\n<td align=\"LEFT\">Carlos Luis Casabianca \u2013 dirigente do Movimento das V\u00edtimas da Ditadura de Stroessner (Paraguai)<\/td>\n<\/tr>\n<tr>\n<td height=\"20\" align=\"CENTER\">63<\/td>\n<td align=\"LEFT\">Carlos Nelson Coutinho \u2013 professor universit\u00e1rio (RJ)<\/td>\n<\/tr>\n<tr>\n<td height=\"20\" align=\"CENTER\">64<\/td>\n<td align=\"LEFT\">Casa da Am\u00e9rica Latina<\/td>\n<\/tr>\n<tr>\n<td height=\"20\" align=\"CENTER\">65<\/td>\n<td align=\"LEFT\">Ceci Juru\u00e1 \u2013 economista e pesquisadora (RJ)<\/td>\n<\/tr>\n<tr>\n<td height=\"21\" align=\"CENTER\">66<\/td>\n<td align=\"JUSTIFY\">C\u00e9lia Regina Vendramini &#8211; professora universit\u00e1ria \u2013 UFSC (SC)<\/td>\n<\/tr>\n<tr>\n<td height=\"20\" align=\"CENTER\">67<\/td>\n<td align=\"LEFT\">Celso Frederico \u2013 professor universit\u00e1rio (SP)<\/td>\n<\/tr>\n<tr>\n<td height=\"21\" align=\"CENTER\">68<\/td>\n<td align=\"JUSTIFY\">Celso Soares \u2013 advogado (RJ)<\/td>\n<\/tr>\n<tr>\n<td height=\"21\" align=\"CENTER\">69<\/td>\n<td align=\"JUSTIFY\">Centro Acad\u00eamico de Hist\u00f3ria da UERJ (RJ)<\/td>\n<\/tr>\n<tr>\n<td height=\"20\" align=\"CENTER\">70<\/td>\n<td align=\"LEFT\">Cesar Benjamin \u2013 editor (RJ)<\/td>\n<\/tr>\n<tr>\n<td height=\"20\" align=\"CENTER\">71<\/td>\n<td align=\"LEFT\">C\u00e9sar Labre \u2013 professor da UFMA (MA)<\/td>\n<\/tr>\n<tr>\n<td height=\"20\" align=\"CENTER\">72<\/td>\n<td align=\"LEFT\">Cesar Vital &#8211; Advogado \u2013 RJ<\/td>\n<\/tr>\n<tr>\n<td height=\"20\" align=\"CENTER\">73<\/td>\n<td align=\"LEFT\">Chico Alencar \u2013 Deputado Federal \u2013 PSOL (RJ)<\/td>\n<\/tr>\n<tr>\n<td height=\"21\" align=\"CENTER\">74<\/td>\n<td align=\"JUSTIFY\">Cid Curi &#8211; engenheiro e professor universit\u00e1rio (RJ)<\/td>\n<\/tr>\n<tr>\n<td height=\"20\" align=\"CENTER\">75<\/td>\n<td align=\"LEFT\">C\u00edrculo Bolivariano Antonio Gramsci de Caracas (Venezuela)<\/td>\n<\/tr>\n<tr>\n<td height=\"21\" align=\"CENTER\">76<\/td>\n<td align=\"JUSTIFY\">Claudia Mazzei Nogueira \u2013 UFSC (SC)<\/td>\n<\/tr>\n<tr>\n<td height=\"20\" align=\"CENTER\">77<\/td>\n<td align=\"LEFT\">Claudia Santiago \u2013 jornalista (RJ)<\/td>\n<\/tr>\n<tr>\n<td height=\"20\" align=\"CENTER\">78<\/td>\n<td align=\"LEFT\">Coimbra de Mello \u2013 ex vereador de Niter\u00f3i e advogado.<\/td>\n<\/tr>\n<tr>\n<td height=\"21\" align=\"CENTER\">79<\/td>\n<td align=\"JUSTIFY\">Comit\u00ea de Solidariedade \u00e0 luta do Povo Palestino (RJ)<\/td>\n<\/tr>\n<tr>\n<td height=\"21\" align=\"CENTER\">80<\/td>\n<td align=\"JUSTIFY\">Confedera\u00e7\u00e3o dos Trabalhadores no Servi\u00e7o P\u00fablico Federal (CONDSEF)<\/td>\n<\/tr>\n<tr>\n<td height=\"20\" align=\"CENTER\">81<\/td>\n<td align=\"LEFT\">Consulta Popular &#8211; CP<\/td>\n<\/tr>\n<tr>\n<td height=\"20\" align=\"CENTER\">82<\/td>\n<td align=\"LEFT\">Corrente Comunista Luiz Carlos Prestes \u2013 CCLCP<\/td>\n<\/tr>\n<tr>\n<td height=\"20\" align=\"CENTER\">83<\/td>\n<td align=\"LEFT\">Corrente Marxista Internacional (CMI)<\/td>\n<\/tr>\n<tr>\n<td height=\"20\" align=\"CENTER\">84<\/td>\n<td align=\"LEFT\">Cristiano Ferraz \u2013 professor de hist\u00f3ria da UESB (BA)<\/td>\n<\/tr>\n<tr>\n<td height=\"20\" align=\"CENTER\">85<\/td>\n<td align=\"LEFT\">CSP \u2013 CONLUTAS<\/td>\n<\/tr>\n<tr>\n<td height=\"21\" align=\"CENTER\">86<\/td>\n<td align=\"JUSTIFY\">Daniel Barboza Nascimento &#8211; professor prim\u00e1rio \u2013 Vit\u00f3ria (ES)<\/td>\n<\/tr>\n<tr>\n<td height=\"20\" align=\"CENTER\">87<\/td>\n<td align=\"LEFT\">Daniel Coira Cabrera \u2013 Secr. de Rela\u00e7\u00f5es Internacionais, PCU-Frente Amplio (Uruguai)<\/td>\n<\/tr>\n<tr>\n<td height=\"21\" align=\"CENTER\">88<\/td>\n<td align=\"JUSTIFY\">Daniel de Campos Antiquera &#8211; professor universit\u00e1rio \u2013 UFPB (PB)<\/td>\n<\/tr>\n<tr>\n<td height=\"20\" align=\"CENTER\">89<\/td>\n<td align=\"LEFT\">Daniel Rodrigues \u2013 professor universit\u00e1rio (PE)<\/td>\n<\/tr>\n<tr>\n<td height=\"21\" align=\"CENTER\">90<\/td>\n<td align=\"JUSTIFY\">Danilo Agiar Ferreira \u2013 Sindicalista Belo Horizonte MG<\/td>\n<\/tr>\n<tr>\n<td height=\"20\" align=\"CENTER\">91<\/td>\n<td align=\"LEFT\">Danilo Matuscelli \u2013 professor universit\u00e1rio (SC)<\/td>\n<\/tr>\n<tr>\n<td height=\"21\" align=\"CENTER\">92<\/td>\n<td align=\"JUSTIFY\">Danilo Vilela \u2013 Estudante Direito UFS (SE)<\/td>\n<\/tr>\n<tr>\n<td height=\"21\" align=\"CENTER\">93<\/td>\n<td align=\"JUSTIFY\">David Soares de Souza \u2013 engenheiro de Petr\u00f3leo da Petrobr\u00e1s \u2013 Diretor Fundador da FUP (RJ)<\/td>\n<\/tr>\n<tr>\n<td height=\"20\" align=\"CENTER\">94<\/td>\n<td align=\"LEFT\">DCE \u2013 Uff<\/td>\n<\/tr>\n<tr>\n<td height=\"21\" align=\"CENTER\">95<\/td>\n<td align=\"JUSTIFY\">D\u00e9bora C. Goulart \u2013 Coordenadora do curso de Ci\u00eancias Sociais Centro Universit\u00e1rio UniSant\u00b4Anna (SP)<\/td>\n<\/tr>\n<tr>\n<td height=\"21\" align=\"CENTER\">96<\/td>\n<td align=\"JUSTIFY\">Decio Araujo Gomes &#8211; Presidente do ICCAP &#8211; Instituto Casa da Cultura do Amap\u00e1 (AP)<\/td>\n<\/tr>\n<tr>\n<td height=\"20\" align=\"CENTER\">97<\/td>\n<td align=\"LEFT\">Deivison Teixeira da Silva &#8211; T\u00e9cnico em Pl\u00e1sticos, resido em Diadema-SP<\/td>\n<\/tr>\n<tr>\n<td height=\"21\" align=\"CENTER\">98<\/td>\n<td align=\"JUSTIFY\">D\u00eanis de Moraes &#8211; professor da Universidade Federal Fluminense (RJ)<\/td>\n<\/tr>\n<tr>\n<td height=\"20\" align=\"CENTER\">99<\/td>\n<td align=\"LEFT\">Diana Stanzioni &#8211; Profesora de la Universidad Bolivariana de Venezuela<\/td>\n<\/tr>\n<tr>\n<td height=\"21\" align=\"CENTER\">100<\/td>\n<td align=\"JUSTIFY\">Diego Passos \u2013 estudante de economia PUC (SP)<\/td>\n<\/tr>\n<tr>\n<td height=\"21\" align=\"CENTER\">101<\/td>\n<td align=\"JUSTIFY\">Diorge Alceno Konrad &#8211; Departamento de Hist\u00f3ria da UFSM (RS)<\/td>\n<\/tr>\n<tr>\n<td height=\"21\" align=\"CENTER\">102<\/td>\n<td align=\"JUSTIFY\">Dirceu Travesso &#8211; Membro da Secretaria Nacional Executiva da CSP Conlutas (SP)<\/td>\n<\/tr>\n<tr>\n<td height=\"20\" align=\"CENTER\">103<\/td>\n<td align=\"LEFT\">Dirlene Marques \u2013 professora universit\u00e1ria (MG)<\/td>\n<\/tr>\n<tr>\n<td height=\"21\" align=\"CENTER\">104<\/td>\n<td align=\"JUSTIFY\">Diva Borges Noronha \u2013 Advogada e Professora (RJ)<\/td>\n<\/tr>\n<tr>\n<td height=\"20\" align=\"CENTER\">105<\/td>\n<td align=\"LEFT\">Duarte Pacheco Pereira \u2013 jornalista e escritor (SP)<\/td>\n<\/tr>\n<tr>\n<td height=\"21\" align=\"CENTER\">106<\/td>\n<td align=\"JUSTIFY\">Edgar Malpica \u2013 militante do PCV (Venezuela).<\/td>\n<\/tr>\n<tr>\n<td height=\"21\" align=\"CENTER\">107<\/td>\n<td align=\"JUSTIFY\">Edison Puente \u2013 Florian\u00f3polis (SC)<\/td>\n<\/tr>\n<tr>\n<td height=\"21\" align=\"CENTER\">108<\/td>\n<td align=\"JUSTIFY\">Edival Nunes Caja \u2013 CC PCR (PE)<\/td>\n<\/tr>\n<tr>\n<td height=\"21\" align=\"CENTER\">109<\/td>\n<td align=\"JUSTIFY\">Edmilson Brito Rodrigues \u2013 Prof. da UFAM Membro da Executiva Nacional do PSOL, Dep. Estadual (PA).<\/td>\n<\/tr>\n<tr>\n<td height=\"21\" align=\"CENTER\">110<\/td>\n<td align=\"JUSTIFY\">Eduardo Peduto \u2013 Psic\u00f3logo (SP)<\/td>\n<\/tr>\n<tr>\n<td height=\"21\" align=\"CENTER\">111<\/td>\n<td align=\"JUSTIFY\">Elemar do Nascimento Cezimbra &#8211; Coordenador administrtivo UFFS e militante do MST (PR)<\/td>\n<\/tr>\n<tr>\n<td height=\"20\" align=\"CENTER\">112<\/td>\n<td align=\"LEFT\">Eliel Machado \u2013 professor da Universidade Estadual de Londrina (PR)<\/td>\n<\/tr>\n<tr>\n<td height=\"20\" align=\"CENTER\">113<\/td>\n<td align=\"LEFT\">Eliete Ferrer \u2013 professora (RJ)<\/td>\n<\/tr>\n<tr>\n<td height=\"20\" align=\"CENTER\">114<\/td>\n<td align=\"LEFT\">Eliomar Coelho \u2013 vereador do Rio de Janeiro \u2013 PSOL (RJ)<\/td>\n<\/tr>\n<tr>\n<td height=\"21\" align=\"CENTER\">115<\/td>\n<td align=\"JUSTIFY\">Elza Margarida de Mendon\u00e7a Peixoto &#8211; Professora do Ensino Superior P\u00fablico (SP)<\/td>\n<\/tr>\n<tr>\n<td height=\"20\" align=\"CENTER\">116<\/td>\n<td align=\"LEFT\">Elza Margarida de Mendon\u00e7a Peixoto \u2013 professora universit\u00e1ria \u2013 UFEL \u2013 Londrina (PR)<\/td>\n<\/tr>\n<tr>\n<td height=\"20\" align=\"CENTER\">117<\/td>\n<td align=\"LEFT\">Emanuel Cancella \u2013 Sindipetro (RJ)<\/td>\n<\/tr>\n<tr>\n<td height=\"20\" align=\"CENTER\">118<\/td>\n<td align=\"LEFT\">Federa\u00e7\u00e3o de Estudantes Universit\u00e1rios \u2013 FEU (Col\u00f4mbia)<\/td>\n<\/tr>\n<tr>\n<td height=\"21\" align=\"CENTER\">119<\/td>\n<td align=\"JUSTIFY\">Fernanda Estima \u2013 Feminista, Jornalista, Militante da Ciranda Independente da Comunica\u00e7\u00e3o<\/td>\n<\/tr>\n<tr>\n<td height=\"20\" align=\"CENTER\">120<\/td>\n<td align=\"LEFT\">Fernando Cataldi \u2013 advogado (RJ)<\/td>\n<\/tr>\n<tr>\n<td height=\"20\" align=\"CENTER\">121<\/td>\n<td align=\"LEFT\">Fernando Siqueira \u2013 presidente da Associa\u00e7\u00e3o dos Engenheiros da Petrobr\u00e1s (RJ)<\/td>\n<\/tr>\n<tr>\n<td height=\"21\" align=\"CENTER\">122<\/td>\n<td align=\"JUSTIFY\">Fl\u00e1vio Braga Prieto da Silva &#8211; T\u00e9cnico Judici\u00e1rio Federal (RJ)<\/td>\n<\/tr>\n<tr>\n<td height=\"21\" align=\"CENTER\">123<\/td>\n<td align=\"JUSTIFY\">Flavio Renato Ramos de Lima &#8211; Departamento de F\u00edsica UFSC (SC)<\/td>\n<\/tr>\n<tr>\n<td height=\"21\" align=\"CENTER\">124<\/td>\n<td align=\"JUSTIFY\">Flavio Rog\u00e9rio &#8211; professor CEETEPS<\/td>\n<\/tr>\n<tr>\n<td height=\"20\" align=\"CENTER\">125<\/td>\n<td align=\"LEFT\">Fl\u00e1vio Tavares \u2013 jornalista e escritor, autor, entre outros, de \u201cO dia em que Get\u00falio matou Allende\u201d (RJ)<\/td>\n<\/tr>\n<tr>\n<td height=\"21\" align=\"CENTER\">126<\/td>\n<td align=\"JUSTIFY\">Flora El-Jaick Maranh\u00e3o &#8211; advogada (RJ)<\/td>\n<\/tr>\n<tr>\n<td height=\"21\" align=\"CENTER\">127<\/td>\n<td align=\"JUSTIFY\">Francione Espindola Dantas &#8211; secretaria do ICCAP( Instituto Casa da Cultura do Amap\u00e1) (AP)<\/td>\n<\/tr>\n<tr>\n<td height=\"21\" align=\"CENTER\">128<\/td>\n<td align=\"JUSTIFY\">Francisco (Chico) Turetta da Costa &#8211; Minist\u00e9rio da Fazenda<\/td>\n<\/tr>\n<tr>\n<td height=\"21\" align=\"CENTER\">129<\/td>\n<td align=\"JUSTIFY\">Francisco Jos\u00e9 Dantas Neto &#8211; Movimento Estudantil do Condado (PE)<\/td>\n<\/tr>\n<tr>\n<td height=\"21\" align=\"CENTER\">130<\/td>\n<td align=\"JUSTIFY\">Francisco Marsiglia \u2013 Aposentado<\/td>\n<\/tr>\n<tr>\n<td height=\"21\" align=\"CENTER\">131<\/td>\n<td align=\"JUSTIFY\">Francisco Perez Levy &#8211; Professor Aposentado<\/td>\n<\/tr>\n<tr>\n<td height=\"21\" align=\"CENTER\">132<\/td>\n<td align=\"JUSTIFY\">Francisco Soriano de Souza Nunes \u2013 Diretor do SindPetro Rio e membro do PT (RJ)<\/td>\n<\/tr>\n<tr>\n<td height=\"21\" align=\"CENTER\">133<\/td>\n<td align=\"JUSTIFY\">Franco Aur\u00e9lio Brito De Souza, Advogado e Professor Universit\u00e1rio (PA\/AP)<\/td>\n<\/tr>\n<tr>\n<td height=\"20\" align=\"CENTER\">134<\/td>\n<td align=\"LEFT\">Franklin Oliveira Jr \u2013 escritor e professor universit\u00e1rio (BA)<\/td>\n<\/tr>\n<tr>\n<td height=\"20\" align=\"CENTER\">135<\/td>\n<td align=\"LEFT\">Frente Democr\u00e1tica pela Liberta\u00e7\u00e3o da Palestina<\/td>\n<\/tr>\n<tr>\n<td height=\"20\" align=\"CENTER\">136<\/td>\n<td align=\"LEFT\">Frente Popular pela Liberta\u00e7\u00e3o da Palestina<\/td>\n<\/tr>\n<tr>\n<td height=\"20\" align=\"CENTER\">137<\/td>\n<td align=\"LEFT\">Funda\u00e7\u00e3o Dinarco Reis<\/td>\n<\/tr>\n<tr>\n<td height=\"20\" align=\"CENTER\">138<\/td>\n<td align=\"LEFT\">Gaud\u00eancio Frigotto \u2013 Professor da UERJ (RJ)<\/td>\n<\/tr>\n<tr>\n<td height=\"21\" align=\"CENTER\">139<\/td>\n<td align=\"JUSTIFY\">Geraldo Augusto Pinto &#8211; Professor Universit\u00e1rio (PR);<\/td>\n<\/tr>\n<tr>\n<td height=\"21\" align=\"CENTER\">140<\/td>\n<td align=\"JUSTIFY\">Geraldo Martins de Azevedo Filho, MTD (SP)<\/td>\n<\/tr>\n<tr>\n<td height=\"20\" align=\"CENTER\">141<\/td>\n<td align=\"LEFT\">Geraldo Pereira Barbosa \u2013 Executiva da Dire\u00e7\u00e3o Nacional da Corrente Comunista Luiz Carlos Prestes (SC)<\/td>\n<\/tr>\n<tr>\n<td height=\"20\" align=\"CENTER\">142<\/td>\n<td align=\"LEFT\">Gesa Linhares Correa \u2013 Dire\u00e7\u00e3o Nacional do PSOL e Coordena\u00e7\u00e3o Nacional da Intersindical (RJ)<\/td>\n<\/tr>\n<tr>\n<td height=\"20\" align=\"CENTER\">143<\/td>\n<td align=\"LEFT\">Gilberto Cervinski \u2013 Coordena\u00e7\u00e3o Nacional do Movimento dos Atingidos por Barragens (MA)<\/td>\n<\/tr>\n<tr>\n<td height=\"20\" align=\"CENTER\">144<\/td>\n<td align=\"LEFT\">Gilcilene Bar\u00e3o \u2013 professora da UERJ (RJ)<\/td>\n<\/tr>\n<tr>\n<td height=\"20\" align=\"CENTER\">145<\/td>\n<td align=\"LEFT\">Gilda Arantes \u2013 professora universit\u00e1ria (RJ)<\/td>\n<\/tr>\n<tr>\n<td height=\"21\" align=\"CENTER\">146<\/td>\n<td align=\"JUSTIFY\">Gilvan Rocha &#8211; Militante Socialista &#8211; filiado ao PSOL (CE)<\/td>\n<\/tr>\n<tr>\n<td height=\"20\" align=\"CENTER\">147<\/td>\n<td align=\"LEFT\">Giordanobruno V. Grizzo \u2013 Partido da Refunda\u00e7\u00e3o Comunista (It\u00e1lia)<\/td>\n<\/tr>\n<tr>\n<td height=\"21\" align=\"CENTER\">148<\/td>\n<td align=\"JUSTIFY\">Glaucia Vieira Ramos Konrad &#8211; Departamento de Documenta\u00e7\u00e3o da UFSM (RS).<\/td>\n<\/tr>\n<tr>\n<td height=\"20\" align=\"CENTER\">149<\/td>\n<td align=\"LEFT\">Glaucia Vieira Ramos Konrad &#8211; Departamento de Documenta\u00e7\u00e3o da UFSM (RS)<\/td>\n<\/tr>\n<tr>\n<td height=\"20\" align=\"CENTER\">150<\/td>\n<td align=\"LEFT\">Gl\u00f3ria In\u00eas Ram\u00edrez \u2013 Senadora do P\u00f3lo Democr\u00e1tico Alternativo (Col\u00f4mbia)<\/td>\n<\/tr>\n<tr>\n<td height=\"20\" align=\"CENTER\">151<\/td>\n<td align=\"LEFT\">G\u00fcnter Pohl \u2013 Comit\u00ea Central do Partido Comunista Alem\u00e3o \u2013 DKP (Alemanha)<\/td>\n<\/tr>\n<tr>\n<td height=\"21\" align=\"CENTER\">152<\/td>\n<td align=\"JUSTIFY\">Guilherme Moreira da Silva &#8211; Secret\u00e1rio Estadual de Movimentos Sociais &#8211; PSOL-BA<\/td>\n<\/tr>\n<tr>\n<td height=\"21\" align=\"CENTER\">153<\/td>\n<td align=\"JUSTIFY\">Guilherme Pereira de Salles \u2013 militante pelo PSOL (SP)<\/td>\n<\/tr>\n<tr>\n<td height=\"20\" align=\"CENTER\">154<\/td>\n<td align=\"LEFT\">Guillermo Caviasga \u2013 historiador e professor (Argentina)<\/td>\n<\/tr>\n<tr>\n<td height=\"21\" align=\"CENTER\">155<\/td>\n<td align=\"JUSTIFY\">Guillermo Enrique Moncada Osorio &#8211; psic\u00f3logo e militante da Organiza\u00e7\u00e3o Pol\u00edtica \u201cLos NECIOS\u201d. (Hon)<\/td>\n<\/tr>\n<tr>\n<td height=\"20\" align=\"CENTER\">156<\/td>\n<td align=\"LEFT\">Gustavo Soares de Lima \u2013 Estudante de Hist\u00f3ria na UNIOESTE<\/td>\n<\/tr>\n<tr>\n<td height=\"20\" align=\"CENTER\">157<\/td>\n<td align=\"LEFT\">Hamilton Octavio de Souza \u2013 jornalista \u2013 Brasil de Fato e Caros Amigos \u2013 professor da PUC (S)<\/td>\n<\/tr>\n<tr>\n<td height=\"20\" align=\"CENTER\">158<\/td>\n<td align=\"LEFT\">Haroldo Baptista de Abreu \u2013 professor da UFF (RJ)<\/td>\n<\/tr>\n<tr>\n<td height=\"20\" align=\"CENTER\">159<\/td>\n<td align=\"LEFT\">Helo\u00edsa Fernandes \u2013 soci\u00f3loga, professora da Escola Nacional Florestan Fernandes e da USP (SP)<\/td>\n<\/tr>\n<tr>\n<td height=\"20\" align=\"CENTER\">160<\/td>\n<td align=\"LEFT\">Helo\u00edsa Greco \u2013 professora e militantes de direitos humanos \u2013 BH (MG)<\/td>\n<\/tr>\n<tr>\n<td height=\"20\" align=\"CENTER\">161<\/td>\n<td align=\"LEFT\">Henrique Meira de Castro \u2013 ABRAPSO \u2013 N\u00facleo Bauru (SP)<\/td>\n<\/tr>\n<tr>\n<td height=\"20\" align=\"CENTER\">162<\/td>\n<td align=\"LEFT\">Henrique Soares Carneiro \u2013 professor e doutor da USP (SP)<\/td>\n<\/tr>\n<tr>\n<td height=\"21\" align=\"CENTER\">163<\/td>\n<td align=\"JUSTIFY\">Hon\u00f3rio Delgado Rubio \u2013 Representante no Estado do Paran\u00e1 das brigadas de apoio a Cuba (PR)<\/td>\n<\/tr>\n<tr>\n<td height=\"20\" align=\"CENTER\">164<\/td>\n<td align=\"LEFT\">Hor\u00e1cio Martins de Carvalho \u2013 engenheiro agr\u00f4nomo (PR)<\/td>\n<\/tr>\n<tr>\n<td height=\"21\" align=\"CENTER\">165<\/td>\n<td align=\"JUSTIFY\">Hugo Alexandre Ribeiro \u2013 Presidente da Comiss\u00e3o Provis\u00f3ria do PSOL Juiz de Fora (MG)<\/td>\n<\/tr>\n<tr>\n<td height=\"20\" align=\"CENTER\">166<\/td>\n<td align=\"LEFT\">Humberto Santos Palmeira &#8211; Dirigente Nacional do Movimento dos Pequenos Agricultores<\/td>\n<\/tr>\n<tr>\n<td height=\"21\" align=\"CENTER\">167<\/td>\n<td align=\"JUSTIFY\">Humberto Sorio, Professor aposentado da Universidade de Passo Fundo, (RS)<\/td>\n<\/tr>\n<tr>\n<td height=\"21\" align=\"CENTER\">168<\/td>\n<td align=\"JUSTIFY\">Ignacio Mendoza Primer Secretario do Comit\u00ea Central do PCB, Senador Sup. por Chuquisaca &#8211; Bolivia<\/td>\n<\/tr>\n<tr>\n<td height=\"20\" align=\"CENTER\">169<\/td>\n<td align=\"LEFT\">Ildo Sauer \u2013 professor universit\u00e1rio (SP)<\/td>\n<\/tr>\n<tr>\n<td height=\"21\" align=\"CENTER\">170<\/td>\n<td align=\"JUSTIFY\">Inmaculada Bajo Garc\u00eda \u2013 Trabalhadora Social (BELGICA).<\/td>\n<\/tr>\n<tr>\n<td height=\"21\" align=\"CENTER\">171<\/td>\n<td align=\"JUSTIFY\">Instituto Caio Prado Jr. \u2013 ICP \/ Brasil<\/td>\n<\/tr>\n<tr>\n<td height=\"20\" align=\"CENTER\">172<\/td>\n<td align=\"LEFT\">Instituto Helena Greco de Direitos Humanos e Cidadania (MG)<\/td>\n<\/tr>\n<tr>\n<td height=\"20\" align=\"CENTER\">173<\/td>\n<td align=\"LEFT\">Intersindical (Instrumento de Luta e Organiza\u00e7\u00e3o da Classe Trabalhadora)<\/td>\n<\/tr>\n<tr>\n<td height=\"20\" align=\"CENTER\">174<\/td>\n<td align=\"LEFT\">Intersindical (Instrumento de Luta, Unidade da Classe e Constru\u00e7\u00e3o de uma Nova Central)<\/td>\n<\/tr>\n<tr>\n<td height=\"20\" align=\"CENTER\">175<\/td>\n<td align=\"LEFT\">Intersindical RJ<\/td>\n<\/tr>\n<tr>\n<td height=\"21\" align=\"CENTER\">176<\/td>\n<td align=\"JUSTIFY\">Iracema Soares de Sousa &#8211; professora UFSC (SC)<\/td>\n<\/tr>\n<tr>\n<td height=\"20\" align=\"CENTER\">177<\/td>\n<td align=\"LEFT\">Iracy Pican\u00e7o \u2013 professora da UFBA (BA)<\/td>\n<\/tr>\n<tr>\n<td height=\"21\" align=\"CENTER\">178<\/td>\n<td align=\"JUSTIFY\">Irism\u00e1 Aranha Brito \u2013 Psic\u00f3loga (AP)<\/td>\n<\/tr>\n<tr>\n<td height=\"20\" align=\"CENTER\">179<\/td>\n<td align=\"LEFT\">Ivan Valente \u2013 Deputado Federal \u2013 PSOL (SP)<\/td>\n<\/tr>\n<tr>\n<td height=\"20\" align=\"CENTER\">180<\/td>\n<td align=\"LEFT\">Ivana Jinkings \u2013 editora (SP)<\/td>\n<\/tr>\n<tr>\n<td height=\"20\" align=\"CENTER\">181<\/td>\n<td align=\"LEFT\">Jacob David Blinder (m\u00e9dico sanitarista (BA)<\/td>\n<\/tr>\n<tr>\n<td height=\"20\" align=\"CENTER\">182<\/td>\n<td align=\"LEFT\">Jaime Caycedo \u2013 Secret\u00e1rio Geral do PC Colombiano e Vereador em Bogot\u00e1 (Col\u00f4mbia)<\/td>\n<\/tr>\n<tr>\n<td height=\"21\" align=\"CENTER\">183<\/td>\n<td align=\"JUSTIFY\">Jair Pinheiro \u2013 Professor UNESP\/Mar\u00edlia<\/td>\n<\/tr>\n<tr>\n<td height=\"20\" align=\"CENTER\">184<\/td>\n<td align=\"LEFT\">James Petras \u2013 professor em\u00e9rito da Universidade de Nova Iorque (USA)<\/td>\n<\/tr>\n<tr>\n<td height=\"20\" align=\"CENTER\">185<\/td>\n<td align=\"LEFT\">Janira Rocha \u2013 Deputada Estadual \u2013 Rio de Janeiro \u2013 PSOL (RJ)<\/td>\n<\/tr>\n<tr>\n<td height=\"20\" align=\"CENTER\">186<\/td>\n<td align=\"LEFT\">Jean Douglas Zeferino Rodrigues \u2013 PSOL Indaiatuba (SP)<\/td>\n<\/tr>\n<tr>\n<td height=\"20\" align=\"CENTER\">187<\/td>\n<td align=\"LEFT\">Jefferson Moura \u2013 Presidente Regional do PSOL (RJ)<\/td>\n<\/tr>\n<tr>\n<td height=\"20\" align=\"CENTER\">188<\/td>\n<td align=\"LEFT\">Jo\u00e3o Alfredo &#8211; Vereador do PSOL em Fortaleza<\/td>\n<\/tr>\n<tr>\n<td height=\"20\" align=\"CENTER\">189<\/td>\n<td align=\"LEFT\">Jo\u00e3o Alexandre Hugen &#8211; estudante de economia da UFSC \u2013<\/td>\n<\/tr>\n<tr>\n<td height=\"21\" align=\"CENTER\">190<\/td>\n<td align=\"JUSTIFY\">Jo\u00e3o Batista de Castro \u2013 T\u00e9cnico de Cinematografia (DF)<\/td>\n<\/tr>\n<tr>\n<td height=\"20\" align=\"CENTER\">191<\/td>\n<td align=\"LEFT\">jo\u00e3o carlos mazzini Juliano<\/td>\n<\/tr>\n<tr>\n<td height=\"20\" align=\"CENTER\">192<\/td>\n<td align=\"LEFT\">Jo\u00e3o Claudio Platenik Pitillo \u2013 Diretor da FAFERJ (Federa\u00e7\u00e3o de Favelas do Estado do Rio de Janeiro)<\/td>\n<\/tr>\n<tr>\n<td height=\"20\" align=\"CENTER\">193<\/td>\n<td align=\"LEFT\">Jo\u00e3o Luiz Duboc Pinaud \u2013 Pres. Comiss\u00e3o de DH do IAB, Casa da Am\u00e9rica Latina e Assoc. Americana de Juristas (RJ)<\/td>\n<\/tr>\n<tr>\n<td height=\"21\" align=\"CENTER\">194<\/td>\n<td align=\"JUSTIFY\">Jo\u00e3o Mauricio Rodrigues Feitosa &#8211; Arquiteto e Urbanista (RJ)<\/td>\n<\/tr>\n<tr>\n<td height=\"20\" align=\"CENTER\">195<\/td>\n<td align=\"LEFT\">Jo\u00e3o Paulo Rodrigues \u2013 dirigente do MST<\/td>\n<\/tr>\n<tr>\n<td height=\"20\" align=\"CENTER\">196<\/td>\n<td align=\"LEFT\">Jo\u00e3o Pedro Accioly Teixeira, militante do Partido Socialismo e Liberdade \u2013 Gremio Pedro II RJ<\/td>\n<\/tr>\n<tr>\n<td height=\"20\" align=\"CENTER\">197<\/td>\n<td align=\"LEFT\">Jo\u00e3o Pedro Stedile \u2013 dirigente da Via Campesina<\/td>\n<\/tr>\n<tr>\n<td height=\"20\" align=\"CENTER\">198<\/td>\n<td align=\"LEFT\">Jo\u00e3o Quartim Moraes &#8211; professor universit\u00e1rio (SP)<\/td>\n<\/tr>\n<tr>\n<td height=\"21\" align=\"CENTER\">199<\/td>\n<td align=\"JUSTIFY\">Jo\u00e3o Tancredo \u2013 Advogado e Militante de Direitos Humanos (RJ)<\/td>\n<\/tr>\n<tr>\n<td height=\"20\" align=\"CENTER\">200<\/td>\n<td align=\"LEFT\">Joel Barcellos \u2013 ator<\/td>\n<\/tr>\n<tr>\n<td height=\"20\" align=\"CENTER\">201<\/td>\n<td align=\"LEFT\">Joel Filartiga \u2013 presidente da Coordenadora Paraguaia de Solidariedade a Cuba (Paraguai)<\/td>\n<\/tr>\n<tr>\n<td height=\"21\" align=\"CENTER\">202<\/td>\n<td align=\"JUSTIFY\">John Kennedy Ferreira &#8211; Soci\u00f3logo \u2013 (SP)<\/td>\n<\/tr>\n<tr>\n<td height=\"20\" align=\"CENTER\">203<\/td>\n<td align=\"LEFT\">Jonas Duarte \u2013 professor de hist\u00f3ria da UFPB e pesquisar do CNPq (PB)<\/td>\n<\/tr>\n<tr>\n<td height=\"20\" align=\"CENTER\">204<\/td>\n<td align=\"LEFT\">Jorge Beinstein \u2013 professor titular da Universidade de Buenos Aires (Argentina)<\/td>\n<\/tr>\n<tr>\n<td height=\"21\" align=\"CENTER\">205<\/td>\n<td align=\"LEFT\">Jorge Figueiredo \u2013 editor de <a href=\"http:\/\/resistir.info\/%22%20%5Ct%20%22_blank\">resistir.info<\/a> (Portugal)<\/td>\n<\/tr>\n<tr>\n<td height=\"20\" align=\"CENTER\">206<\/td>\n<td align=\"LEFT\">Jos\u00e9 Claudinei Lombardi \u2013 coordenador executivo do HISTE DBR \u2013 DEFHE-FE \u2013 UNICAMP (SP)<\/td>\n<\/tr>\n<tr>\n<td height=\"20\" align=\"CENTER\">207<\/td>\n<td align=\"LEFT\">Jos\u00e9 Laercio Martuchelli Nogueira \u2013 estudante de astronomia UFRJ (RJ)<\/td>\n<\/tr>\n<tr>\n<td height=\"20\" align=\"CENTER\">208<\/td>\n<td align=\"LEFT\">Jos\u00e9 Maria (Z\u00e9 Maria) \u2013 Presidente Nacional do PSTU<\/td>\n<\/tr>\n<tr>\n<td height=\"21\" align=\"CENTER\">209<\/td>\n<td align=\"JUSTIFY\">Jos\u00e9 Pedro Hardman Vianna &#8211; Advogado \u2013 (RJ)<\/td>\n<\/tr>\n<tr>\n<td height=\"20\" align=\"CENTER\">210<\/td>\n<td align=\"LEFT\">Josuel Rodrigues de Lima &#8211; Membro da Coordena\u00e7\u00e3o Nacional da ENESSO &#8211; Executiva Nacional de Estudantes de Servi\u00e7o Social<\/td>\n<\/tr>\n<tr>\n<td height=\"21\" align=\"CENTER\">211<\/td>\n<td align=\"JUSTIFY\">Julio Cesar Miranda \u2013 (RJ)<\/td>\n<\/tr>\n<tr>\n<td height=\"21\" align=\"CENTER\">212<\/td>\n<td align=\"JUSTIFY\">Julio Cesar Ramalho \u2013 Cozinheiro<\/td>\n<\/tr>\n<tr>\n<td height=\"21\" align=\"CENTER\">213<\/td>\n<td align=\"JUSTIFY\">Junio Augusto \u2013 Torcida Inferno Verde do Gama \u2013 (DF)<\/td>\n<\/tr>\n<tr>\n<td height=\"20\" align=\"CENTER\">214<\/td>\n<td align=\"LEFT\">Katia da Matta Pinheiro \u2013 historiadora, prof. Universit\u00e1ria, diretora da Casa da Am\u00e9rica Latina (RJ)<\/td>\n<\/tr>\n<tr>\n<td height=\"20\" align=\"CENTER\">215<\/td>\n<td align=\"LEFT\">La\u00e9rcio Cabral Lopes \u2013 professor universit\u00e1rio (RJ)<\/td>\n<\/tr>\n<tr>\n<td height=\"20\" align=\"CENTER\">216<\/td>\n<td align=\"LEFT\">Laerte Braga \u2013 jornalista (MG)<\/td>\n<\/tr>\n<tr>\n<td height=\"20\" align=\"CENTER\">217<\/td>\n<td align=\"LEFT\">Leandro Konder \u2013 professor universit\u00e1rio (RJ)<\/td>\n<\/tr>\n<tr>\n<td height=\"20\" align=\"CENTER\">218<\/td>\n<td align=\"LEFT\">Lebanese Communist Party<\/td>\n<\/tr>\n<tr>\n<td height=\"20\" align=\"CENTER\">219<\/td>\n<td align=\"LEFT\">Lenin Novaes \u2013 jornalista, Pres. da Comiss\u00e3o de Liberdade de Imprensa e DH da ABI (RJ)<\/td>\n<\/tr>\n<tr>\n<td height=\"21\" align=\"CENTER\">220<\/td>\n<td align=\"JUSTIFY\">L\u00edgia Regina Klein &#8211; Professora da UFPR (PR)<\/td>\n<\/tr>\n<tr>\n<td height=\"20\" align=\"CENTER\">221<\/td>\n<td align=\"LEFT\">Lincoln Penna \u2013professor universit\u00e1rio, Presidente do MODECON (RJ)<\/td>\n<\/tr>\n<tr>\n<td height=\"20\" align=\"CENTER\">222<\/td>\n<td align=\"LEFT\">Lincoln Secco &#8211; professor da USP (SP)<\/td>\n<\/tr>\n<tr>\n<td height=\"20\" align=\"CENTER\">223<\/td>\n<td align=\"LEFT\">Lorene Figueiredo \u2013 professor da UFF (RJ)<\/td>\n<\/tr>\n<tr>\n<td height=\"20\" align=\"CENTER\">224<\/td>\n<td align=\"LEFT\">Lucas Cepa Freiria, estudante de economia da USP<\/td>\n<\/tr>\n<tr>\n<td height=\"21\" align=\"CENTER\">225<\/td>\n<td align=\"JUSTIFY\">Lucas Freiria \u2013 estudante Economia USP (SP)<\/td>\n<\/tr>\n<tr>\n<td height=\"20\" align=\"CENTER\">226<\/td>\n<td align=\"LEFT\">Lucas Mani Jord\u00e3o &#8211; Professor de Portugu\u00eas e Jornalista &#8211; Ribeir\u00e3o Preto (SP)<\/td>\n<\/tr>\n<tr>\n<td height=\"20\" align=\"CENTER\">227<\/td>\n<td align=\"LEFT\">Luciana Fernandes Dias &#8211; professora de hist\u00f3ria da rede p\u00fablica (RJ)<\/td>\n<\/tr>\n<tr>\n<td height=\"21\" align=\"CENTER\">228<\/td>\n<td align=\"JUSTIFY\">Luciano Egidio Palagano \u2013 Presidente do PSOL (PR)<\/td>\n<\/tr>\n<tr>\n<td height=\"20\" align=\"CENTER\">229<\/td>\n<td align=\"LEFT\">Luciano Martorano \u2013 cientista pol\u00edtico, professor da Unicamp, da Revista Cr\u00edtica Marxista (SP)<\/td>\n<\/tr>\n<tr>\n<td height=\"20\" align=\"CENTER\">230<\/td>\n<td align=\"LEFT\">L\u00facio Fl\u00e1vio Rodrigues de Almeida &#8211; Departamento de Ci\u00eancia Pol\u00edtica da PUC (SP)<\/td>\n<\/tr>\n<tr>\n<td height=\"20\" align=\"CENTER\">231<\/td>\n<td align=\"LEFT\">Luis Acosta \u2013 professor da UFRJ e presidente da ADUFRJ \u2013 SSIND (RJ)<\/td>\n<\/tr>\n<tr>\n<td height=\"20\" align=\"CENTER\">232<\/td>\n<td align=\"LEFT\">Luis Mergulh\u00e3o \u2013 professor (RJ)<\/td>\n<\/tr>\n<tr>\n<td height=\"20\" align=\"CENTER\">233<\/td>\n<td align=\"LEFT\">Luis Mill\u00e1n &#8211; Profesor de la Universidad Bolivariana de Venezuela<\/td>\n<\/tr>\n<tr>\n<td height=\"21\" align=\"CENTER\">234<\/td>\n<td align=\"JUSTIFY\">Luisa Toro Cofre \u2013 Panam\u00e1<\/td>\n<\/tr>\n<tr>\n<td height=\"20\" align=\"CENTER\">235<\/td>\n<td align=\"LEFT\">Luiz Bernardo Peric\u00e1s &#8211; historiador e escritor (SP)<\/td>\n<\/tr>\n<tr>\n<td height=\"21\" align=\"CENTER\">236<\/td>\n<td align=\"JUSTIFY\">Luiz Carlos M\u00e1ximo \u2013 Compositor (RJ)<\/td>\n<\/tr>\n<tr>\n<td height=\"21\" align=\"CENTER\">237<\/td>\n<td align=\"JUSTIFY\">Luiz Gonzaga d\u00b4Avila Filho \u2013 Consultor<\/td>\n<\/tr>\n<tr>\n<td height=\"21\" align=\"CENTER\">238<\/td>\n<td align=\"JUSTIFY\">Luiz Marcos Gomes \u2013 Jornalista.<\/td>\n<\/tr>\n<tr>\n<td height=\"20\" align=\"CENTER\">239<\/td>\n<td align=\"LEFT\">Luiz Ragon \u2013 diretor de Direitos Humanos da Casa da Am\u00e9rica Latina (RJ)<\/td>\n<\/tr>\n<tr>\n<td height=\"20\" align=\"CENTER\">240<\/td>\n<td align=\"LEFT\">Luiz Rodolfo Viveiros de Castro (Gaiola) \u2013 militante comunista (RJ)<\/td>\n<\/tr>\n<tr>\n<td height=\"21\" align=\"CENTER\">241<\/td>\n<td align=\"JUSTIFY\">Luiza Erundina \u2013 Deputada Federal PSB (SP)<\/td>\n<\/tr>\n<tr>\n<td height=\"20\" align=\"CENTER\">242<\/td>\n<td align=\"LEFT\">M\u00aa das Dores &#8211; Professora da rede p\u00fablica estadual\/RJ<\/td>\n<\/tr>\n<tr>\n<td height=\"21\" align=\"CENTER\">243<\/td>\n<td align=\"JUSTIFY\">Ma\u00edra Santaf\u00e9 &#8211; compositora e cantora (RJ)<\/td>\n<\/tr>\n<tr>\n<td height=\"20\" align=\"CENTER\">244<\/td>\n<td align=\"LEFT\">Manuel J. Monta\u00f1ez Lanza \u2013 politic\u00f3logo (Venezuela)<\/td>\n<\/tr>\n<tr>\n<td height=\"21\" align=\"CENTER\">245<\/td>\n<td align=\"JUSTIFY\">Mara Cristina de Almeida- Professora rede P\u00fablico Estado de SP, Diretora Apeoesp (SP<\/td>\n<\/tr>\n<tr>\n<td height=\"21\" align=\"CENTER\">246<\/td>\n<td align=\"JUSTIFY\">Marcelino de Souza Silva &#8211; Estudante de Hist\u00f3ria da UVA (PB)<\/td>\n<\/tr>\n<tr>\n<td height=\"20\" align=\"CENTER\">247<\/td>\n<td align=\"LEFT\">Marcello Cerqueira \u2013 advogado (RJ)<\/td>\n<\/tr>\n<tr>\n<td height=\"20\" align=\"CENTER\">248<\/td>\n<td align=\"LEFT\">Marcelo Badar\u00f3 \u2013 professor universit\u00e1rio (RJ)<\/td>\n<\/tr>\n<tr>\n<td height=\"20\" align=\"CENTER\">249<\/td>\n<td align=\"LEFT\">Marcelo Botosso \u2013 professor (SC)<\/td>\n<\/tr>\n<tr>\n<td height=\"21\" align=\"CENTER\">250<\/td>\n<td align=\"JUSTIFY\">Marcelo Braga Edmundo &#8211; coordena\u00e7\u00e3o nacional da Central de Movimentos Populares &#8211; CMP (RJ)<\/td>\n<\/tr>\n<tr>\n<td height=\"20\" align=\"CENTER\">251<\/td>\n<td align=\"LEFT\">Marcelo Buzzetto \u2013 dire\u00e7\u00e3o do MST-SP e do setor de Rela\u00e7\u00f5es Internacionais do MST<\/td>\n<\/tr>\n<tr>\n<td height=\"20\" align=\"CENTER\">252<\/td>\n<td align=\"LEFT\">Marcelo Dur\u00e3o \u2013 dirigente do MST (RJ)<\/td>\n<\/tr>\n<tr>\n<td height=\"20\" align=\"CENTER\">253<\/td>\n<td align=\"LEFT\">Marcelo Freixo \u2013 Deputado Estadual \u2013 PSOL (RJ)<\/td>\n<\/tr>\n<tr>\n<td height=\"20\" align=\"CENTER\">254<\/td>\n<td align=\"LEFT\">Marcelo Machado \u2013 dirig. nacional do MTD \u2013 Movimento dos Trabalhadores Desempregados (RJ)<\/td>\n<\/tr>\n<tr>\n<td height=\"21\" align=\"CENTER\">255<\/td>\n<td align=\"JUSTIFY\">Marcelo Santos \u2013 Analista de sistema e militante do PT<\/td>\n<\/tr>\n<tr>\n<td height=\"21\" align=\"CENTER\">256<\/td>\n<td align=\"JUSTIFY\">M\u00e1rcia Campos &#8211; S\u00e3o Paulo &#8211; Presidente da FDIM (SP)<\/td>\n<\/tr>\n<tr>\n<td height=\"20\" align=\"CENTER\">257<\/td>\n<td align=\"LEFT\">M\u00e1rcio Lupatini \u2013 professor universit\u00e1rio (MG)<\/td>\n<\/tr>\n<tr>\n<td height=\"20\" align=\"CENTER\">258<\/td>\n<td align=\"LEFT\">Marco Antonio Villela dos Santos \u2013 CeCAC \u2013 Centro Cultural Antonio Carlos Carvalho (RJ)<\/td>\n<\/tr>\n<tr>\n<td height=\"21\" align=\"CENTER\">259<\/td>\n<td align=\"JUSTIFY\">Marcos Ant\u00f4nio Guimar\u00e3es Mendes &#8211; Presidente Estadual do PSOL \u2013 (BA)<\/td>\n<\/tr>\n<tr>\n<td height=\"21\" align=\"CENTER\">260<\/td>\n<td align=\"JUSTIFY\">Marcos Dantas \u2013 Prof. Programa de p\u00f3s gradua\u00e7\u00e3o ECO UFRJ (RJ)<\/td>\n<\/tr>\n<tr>\n<td height=\"20\" align=\"CENTER\">261<\/td>\n<td align=\"LEFT\">Marcos Del Roio \u2013 professor universit\u00e1rio, Presidente do instituto Astrojildo Pereira (SP)<\/td>\n<\/tr>\n<tr>\n<td height=\"21\" align=\"CENTER\">262<\/td>\n<td align=\"JUSTIFY\">Marcos Domich Secretario de Rela\u00e7\u00f5es Internacionais do PCB, Diretor de Marxismo Militante. Bol\u00edvia<\/td>\n<\/tr>\n<tr>\n<td height=\"21\" align=\"CENTER\">263<\/td>\n<td align=\"JUSTIFY\">Marcos Perioto \u2013 Economista (SP)<\/td>\n<\/tr>\n<tr>\n<td height=\"21\" align=\"CENTER\">264<\/td>\n<td align=\"JUSTIFY\">Marcos Rodrigues (Jornal Brado Informativo) &#8211; (SJRP\/SP)<\/td>\n<\/tr>\n<tr>\n<td height=\"20\" align=\"CENTER\">265<\/td>\n<td align=\"LEFT\">Marcus Robson Nascimento Costa \u2013 professor universit\u00e1rio, promotor aposentado (AL)<\/td>\n<\/tr>\n<tr>\n<td height=\"20\" align=\"CENTER\">266<\/td>\n<td align=\"LEFT\">Maria Alba Pereira de Deus -Professora da UFV \/MG<\/td>\n<\/tr>\n<tr>\n<td height=\"20\" align=\"CENTER\">267<\/td>\n<td align=\"LEFT\">Maria Clareth Gon\u00e7alves Reis (professora universit\u00e1ria &#8211; RJ)<\/td>\n<\/tr>\n<tr>\n<td height=\"20\" align=\"CENTER\">268<\/td>\n<td align=\"LEFT\">Maria de F\u00e1tima Felix Rosar \u2013 professora universit\u00e1ria \u2013 UFMA (MA)<\/td>\n<\/tr>\n<tr>\n<td height=\"20\" align=\"CENTER\">269<\/td>\n<td align=\"LEFT\">Maria In\u00eas Souza Bravo \u2013 professora universit\u00e1ria (RJ)<\/td>\n<\/tr>\n<tr>\n<td height=\"20\" align=\"CENTER\">270<\/td>\n<td align=\"LEFT\">Maria Isa Jinkings &#8211; livreira<\/td>\n<\/tr>\n<tr>\n<td height=\"21\" align=\"CENTER\">271<\/td>\n<td align=\"JUSTIFY\">Marinor Brito \u2013 Professora e senadora do PSOL (PA)<\/td>\n<\/tr>\n<tr>\n<td height=\"21\" align=\"CENTER\">272<\/td>\n<td align=\"JUSTIFY\">Mario Augusto Jakobskind \u2013 conselheiro da ABI (RJ)<\/td>\n<\/tr>\n<tr>\n<td height=\"21\" align=\"CENTER\">273<\/td>\n<td align=\"JUSTIFY\">Mario Celso Barbosa &#8211; Presidente da Comunidade Terap\u00eautica Resgate. (RJ)<\/td>\n<\/tr>\n<tr>\n<td height=\"21\" align=\"CENTER\">274<\/td>\n<td align=\"JUSTIFY\">M\u00e1rio J de Marsillac Lapolli \u2013 Comerci\u00e1rio (RJ)<\/td>\n<\/tr>\n<tr>\n<td height=\"21\" align=\"CENTER\">275<\/td>\n<td align=\"JUSTIFY\">Mario Maestre \u2013 Historiador (RS)<\/td>\n<\/tr>\n<tr>\n<td height=\"21\" align=\"CENTER\">276<\/td>\n<td align=\"JUSTIFY\">Marly de Almeida Gomes Vianna \u2013 Historiadora (SP)<\/td>\n<\/tr>\n<tr>\n<td height=\"20\" align=\"CENTER\">277<\/td>\n<td align=\"LEFT\">Marly Vianna \u2013 professora universit\u00e1ria (RJ)<\/td>\n<\/tr>\n<tr>\n<td height=\"20\" align=\"CENTER\">278<\/td>\n<td align=\"LEFT\">Marta Pinheiro \u2013 professora (RJ)<\/td>\n<\/tr>\n<tr>\n<td height=\"20\" align=\"CENTER\">279<\/td>\n<td align=\"LEFT\">Maur\u00edcio Az\u00eado \u2013 jornalista (RJ)<\/td>\n<\/tr>\n<tr>\n<td height=\"20\" align=\"CENTER\">280<\/td>\n<td align=\"LEFT\">Maur\u00edcio Castro &#8211; editor do Di\u00e1rio Liberdade &#8211; Ferrol,Galiza<\/td>\n<\/tr>\n<tr>\n<td height=\"21\" align=\"CENTER\">281<\/td>\n<td align=\"LEFT\">Miguel Urbano Rodrigues \u2013 escritor e editor de <a href=\"http:\/\/odiario.info\/%22%20%5Ct%20%22_blank\">odiario.info<\/a> (Portugal)<\/td>\n<\/tr>\n<tr>\n<td height=\"20\" align=\"CENTER\">282<\/td>\n<td align=\"LEFT\">Milton Temer \u2013 jornalista e dirigente nacional do PSOL (RJ)<\/td>\n<\/tr>\n<tr>\n<td height=\"21\" align=\"CENTER\">283<\/td>\n<td align=\"JUSTIFY\">Miriam de F\u00e1tima Cruz &#8211; Bibliotec\u00e1ria \u2013 UFF (RJ)<\/td>\n<\/tr>\n<tr>\n<td height=\"20\" align=\"CENTER\">284<\/td>\n<td align=\"LEFT\">Modesto da Silveira \u2013 advogado<\/td>\n<\/tr>\n<tr>\n<td height=\"20\" align=\"CENTER\">285<\/td>\n<td align=\"LEFT\">Moesio Mota &#8211; Presidente do PSOL \u2013 Cear\u00e1<\/td>\n<\/tr>\n<tr>\n<td height=\"21\" align=\"CENTER\">286<\/td>\n<td align=\"JUSTIFY\">Moravia Ochoa \u2013 Poeta e Escritora (Venezuela)<\/td>\n<\/tr>\n<tr>\n<td height=\"20\" align=\"CENTER\">287<\/td>\n<td align=\"LEFT\">Movimento Continental Bolivariano (MCB)<\/td>\n<\/tr>\n<tr>\n<td height=\"20\" align=\"CENTER\">288<\/td>\n<td align=\"LEFT\">Movimento dos Trabalhadores Desempregados &#8211; MTD<\/td>\n<\/tr>\n<tr>\n<td height=\"20\" align=\"CENTER\">289<\/td>\n<td align=\"LEFT\">Movimento dos Trabalhadores sem Terra \u2013 MST<\/td>\n<\/tr>\n<tr>\n<td height=\"20\" align=\"CENTER\">290<\/td>\n<td align=\"LEFT\">Movimento dos Trabalhadores Sem Teto (MTST)<\/td>\n<\/tr>\n<tr>\n<td height=\"20\" align=\"CENTER\">291<\/td>\n<td align=\"LEFT\">Movimento Revolucion\u00e1rio Nacionalista\/Brigadas Populares<\/td>\n<\/tr>\n<tr>\n<td height=\"20\" align=\"CENTER\">292<\/td>\n<td align=\"LEFT\">Nader Alves Bujah \u2013 Comit\u00ea Democr\u00e1tico Palestino<\/td>\n<\/tr>\n<tr>\n<td height=\"20\" align=\"CENTER\">293<\/td>\n<td align=\"LEFT\">Najeeb Amado \u2013 secret\u00e1rio geral do Partido Comunista Paraguayo (Paraguai)<\/td>\n<\/tr>\n<tr>\n<td height=\"20\" align=\"CENTER\">294<\/td>\n<td align=\"LEFT\">Narciso Isa Conde \u2013 da Presid\u00eancia Coletiva da Coordenadora Continental Bolivariana (CCB)<\/td>\n<\/tr>\n<tr>\n<td height=\"20\" align=\"CENTER\">295<\/td>\n<td align=\"LEFT\">Natalia Vinelli \u2013 jornalista, diretorra da Barricada TV (Argentina)<\/td>\n<\/tr>\n<tr>\n<td height=\"20\" align=\"CENTER\">296<\/td>\n<td align=\"LEFT\">Nestor Kohan \u2013 C\u00e1tedra Che Guevara (Argentina)<\/td>\n<\/tr>\n<tr>\n<td height=\"21\" align=\"CENTER\">297<\/td>\n<td align=\"JUSTIFY\">Nilo Marques Braga \u2013 Jornalista e membro do PSOL (RJ)<\/td>\n<\/tr>\n<tr>\n<td height=\"21\" align=\"CENTER\">298<\/td>\n<td align=\"JUSTIFY\">Nilo Sergio S Gomes &#8211; Jornalista e Pesquisador \u2013 Professor da ECO \u2013 UFRJ (RJ)<\/td>\n<\/tr>\n<tr>\n<td height=\"20\" align=\"CENTER\">299<\/td>\n<td align=\"LEFT\">Nise Jinkings \u2013 professora universit\u00e1ria \u2013 UFSC (SC)<\/td>\n<\/tr>\n<tr>\n<td height=\"21\" align=\"CENTER\">300<\/td>\n<td align=\"JUSTIFY\">Nubem Airton Cabral Medeiros &#8211; Professor UFRGS \u2013 RS<\/td>\n<\/tr>\n<tr>\n<td height=\"21\" align=\"CENTER\">301<\/td>\n<td align=\"JUSTIFY\">Olavo Carneiro \u2013 membro da Executiva Estadual do PT (RJ).<\/td>\n<\/tr>\n<tr>\n<td height=\"21\" align=\"CENTER\">302<\/td>\n<td align=\"JUSTIFY\">Omar Meneses \u2013 Peru<\/td>\n<\/tr>\n<tr>\n<td height=\"20\" align=\"CENTER\">303<\/td>\n<td align=\"LEFT\">Omir Honorato Filho &#8211; PT Secretario Municipal de Finan\u00e7as da Prefeitura de Ub\u00e1-MG<\/td>\n<\/tr>\n<tr>\n<td height=\"20\" align=\"CENTER\">304<\/td>\n<td align=\"LEFT\">Orlando Oscar Rosar \u2013 professor universit\u00e1rio \u2013 UFMA (MA)<\/td>\n<\/tr>\n<tr>\n<td height=\"20\" align=\"CENTER\">305<\/td>\n<td align=\"LEFT\">Osvaldo Coggiola \u2013 professor de hist\u00f3ria da USP (SP)<\/td>\n<\/tr>\n<tr>\n<td height=\"20\" align=\"CENTER\">306<\/td>\n<td align=\"LEFT\">Otto Filgueiras \u2013 jornalista (SP)<\/td>\n<\/tr>\n<tr>\n<td height=\"20\" align=\"CENTER\">307<\/td>\n<td align=\"LEFT\">Partido Comunista Alem\u00e3o \u2013 DKP (Alemanha)<\/td>\n<\/tr>\n<tr>\n<td height=\"20\" align=\"CENTER\">308<\/td>\n<td align=\"LEFT\">Partido Comunista Colombiano (PCC)<\/td>\n<\/tr>\n<tr>\n<td height=\"20\" align=\"CENTER\">309<\/td>\n<td align=\"LEFT\">Partido Comunista da Irlanda &#8211; PCI<\/td>\n<\/tr>\n<tr>\n<td height=\"21\" align=\"CENTER\">310<\/td>\n<td align=\"JUSTIFY\">Partido Comunista de Bolivia &#8211; PCB<\/td>\n<\/tr>\n<tr>\n<td height=\"20\" align=\"CENTER\">311<\/td>\n<td align=\"LEFT\">Partido Comunista de Espanha (PCE)<\/td>\n<\/tr>\n<tr>\n<td height=\"20\" align=\"CENTER\">312<\/td>\n<td align=\"LEFT\">Partido Comunista de Porto Rico &#8211; PCPR<\/td>\n<\/tr>\n<tr>\n<td height=\"20\" align=\"CENTER\">313<\/td>\n<td align=\"LEFT\">Partido Comunista de Venezuela (PCV)<\/td>\n<\/tr>\n<tr>\n<td height=\"20\" align=\"CENTER\">314<\/td>\n<td align=\"LEFT\">Partido Comunista do Equador (PCE)<\/td>\n<\/tr>\n<tr>\n<td height=\"20\" align=\"CENTER\">315<\/td>\n<td align=\"LEFT\">Partido Comunista do M\u00e9xico (PCM)<\/td>\n<\/tr>\n<tr>\n<td height=\"20\" align=\"CENTER\">316<\/td>\n<td align=\"LEFT\">Partido Comunista dos Povos de Espanha (PCPE)<\/td>\n<\/tr>\n<tr>\n<td height=\"20\" align=\"CENTER\">317<\/td>\n<td align=\"LEFT\">Partido Comunista Grego (KKE)<\/td>\n<\/tr>\n<tr>\n<td height=\"20\" align=\"CENTER\">318<\/td>\n<td align=\"LEFT\">Partido Comunista Liban\u00eas<\/td>\n<\/tr>\n<tr>\n<td height=\"20\" align=\"CENTER\">319<\/td>\n<td align=\"LEFT\">Partido Comunista Paraguayo (PCP)<\/td>\n<\/tr>\n<tr>\n<td height=\"20\" align=\"CENTER\">320<\/td>\n<td align=\"LEFT\">Partido Comunista Peruano (PCP)<\/td>\n<\/tr>\n<tr>\n<td height=\"20\" align=\"CENTER\">321<\/td>\n<td align=\"LEFT\">Partido Comunista Portugu\u00eas &#8211; PCP<\/td>\n<\/tr>\n<tr>\n<td height=\"20\" align=\"CENTER\">322<\/td>\n<td align=\"LEFT\">Partido Comunista Uruguaio &#8211; PCU<\/td>\n<\/tr>\n<tr>\n<td height=\"20\" align=\"CENTER\">323<\/td>\n<td align=\"LEFT\">Partido do Povo Palestino<\/td>\n<\/tr>\n<tr>\n<td height=\"20\" align=\"CENTER\">324<\/td>\n<td align=\"LEFT\">Partido Revolucion\u00e1rio dos Comunistas das Can\u00e1rias<\/td>\n<\/tr>\n<tr>\n<td height=\"20\" align=\"CENTER\">325<\/td>\n<td align=\"LEFT\">Partido Socialista dos Trabalhadores Unificado \u2013 PSTU (Brasil)<\/td>\n<\/tr>\n<tr>\n<td height=\"20\" align=\"CENTER\">326<\/td>\n<td align=\"LEFT\">Paulo Douglas Barsotti &#8211; professor da FGV (SP)P<\/td>\n<\/tr>\n<tr>\n<td height=\"21\" align=\"CENTER\">327<\/td>\n<td align=\"JUSTIFY\">Paulo Fac\u00f3 &#8211; deputado estadual &#8211; PTdoB. (CE)<\/td>\n<\/tr>\n<tr>\n<td height=\"20\" align=\"CENTER\">328<\/td>\n<td align=\"LEFT\">Paulo Metri \u2013 diretor do Clube de Engenharia (RJ)<\/td>\n<\/tr>\n<tr>\n<td height=\"20\" align=\"CENTER\">329<\/td>\n<td align=\"LEFT\">Paulo Moura \u2013 ambientalista e fot\u00f3grafo \u2013 Petr\u00f3polis (RJ)<\/td>\n<\/tr>\n<tr>\n<td height=\"20\" align=\"CENTER\">330<\/td>\n<td align=\"LEFT\">Paulo Passarinho \u2013 economista e apresentador do Programa Faixa Livre (RJ)<\/td>\n<\/tr>\n<tr>\n<td height=\"20\" align=\"CENTER\">331<\/td>\n<td align=\"LEFT\">Paulo Ribeiro Cunha \u2013 professor FFC-UNESP (SP)<\/td>\n<\/tr>\n<tr>\n<td height=\"21\" align=\"CENTER\">332<\/td>\n<td align=\"JUSTIFY\">Paulo Roberto Alves &#8211; Servidor P\u00fablico Federal \u2013 aposentado<\/td>\n<\/tr>\n<tr>\n<td height=\"21\" align=\"CENTER\">333<\/td>\n<td align=\"JUSTIFY\">Paulo Roberto e Souza \u2013 Bi\u00f3logo Tef\u00e9 &#8211; AM<\/td>\n<\/tr>\n<tr>\n<td height=\"21\" align=\"CENTER\">334<\/td>\n<td align=\"JUSTIFY\">Pedro Castro \u2013 Professor (RJ)<\/td>\n<\/tr>\n<tr>\n<td height=\"21\" align=\"CENTER\">335<\/td>\n<td align=\"JUSTIFY\">Pedro Ernani Kosiba &#8211; Mestre em Educa\u00e7\u00e3o &#8211; Curitiba (PR)<\/td>\n<\/tr>\n<tr>\n<td height=\"20\" align=\"CENTER\">336<\/td>\n<td align=\"LEFT\">Pedro Jorge de Freitas \u2013 professor da Universidade Estadual de Maring\u00e1 (PR)<\/td>\n<\/tr>\n<tr>\n<td height=\"21\" align=\"CENTER\">337<\/td>\n<td align=\"JUSTIFY\">Pedro Le\u00e3o da Costa Neto &#8211; Professor Universit\u00e1rio (PR)<\/td>\n<\/tr>\n<tr>\n<td height=\"21\" align=\"CENTER\">338<\/td>\n<td align=\"JUSTIFY\">Pedro L\u00f3pez &#8211; Profesor Universidad Complutense de Madrid (Espanha)<\/td>\n<\/tr>\n<tr>\n<td height=\"21\" align=\"CENTER\">339<\/td>\n<td align=\"JUSTIFY\">Pedro Nolasco Pr\u00e9siga &#8211; Correspondente do Seman\u00e1rio \u201cVOZ\u201d em Bruxelas (B\u00e9lgica)<\/td>\n<\/tr>\n<tr>\n<td height=\"20\" align=\"CENTER\">340<\/td>\n<td align=\"LEFT\">P\u00e9ricles de Lima &#8211; Presidente da CUT Regional Zona da Mata\/MG<\/td>\n<\/tr>\n<tr>\n<td height=\"20\" align=\"CENTER\">341<\/td>\n<td align=\"LEFT\">Pery Thadeu Oliveira Falc\u00f3n \u2013 Centro de Estudos Victor Meyer (BA)<\/td>\n<\/tr>\n<tr>\n<td height=\"20\" align=\"CENTER\">342<\/td>\n<td align=\"LEFT\">P\u00f3lo de Renascimento Comunista Franc\u00eas (PRCF)<\/td>\n<\/tr>\n<tr>\n<td height=\"20\" align=\"CENTER\">343<\/td>\n<td align=\"LEFT\">PSOL do Cear\u00e1<\/td>\n<\/tr>\n<tr>\n<td height=\"21\" align=\"CENTER\">344<\/td>\n<td align=\"JUSTIFY\">Randolfe Rodrigues &#8211; Senador da Republica Psol (AP)<\/td>\n<\/tr>\n<tr>\n<td height=\"20\" align=\"CENTER\">345<\/td>\n<td align=\"LEFT\">Raymundo Araujo \u2013 m\u00e9dico veterin\u00e1rio homeopata (RJ)<\/td>\n<\/tr>\n<tr>\n<td height=\"21\" align=\"CENTER\">346<\/td>\n<td align=\"JUSTIFY\">Rede Bolivariana antiimperialista, antimonopolista e antilatifundi\u00e1ria<\/td>\n<\/tr>\n<tr>\n<td height=\"21\" align=\"CENTER\">347<\/td>\n<td align=\"JUSTIFY\">Remberto C\u00e1rdenas Morales &#8211; Jornalista (Bol\u00edvia)<\/td>\n<\/tr>\n<tr>\n<td height=\"20\" align=\"CENTER\">348<\/td>\n<td align=\"LEFT\">Renato de Brito Gomes (Estudante de Economia da UFRJ)<\/td>\n<\/tr>\n<tr>\n<td height=\"20\" align=\"CENTER\">349<\/td>\n<td align=\"LEFT\">Renato Roseno &#8211; Militante do PSOL no Cear\u00e1<\/td>\n<\/tr>\n<tr>\n<td height=\"20\" align=\"CENTER\">350<\/td>\n<td align=\"LEFT\">Ricardo Antunes \u2013 soci\u00f3logo (SP)<\/td>\n<\/tr>\n<tr>\n<td height=\"21\" align=\"CENTER\">351<\/td>\n<td align=\"JUSTIFY\">Ricardo Ferraz Mansur &#8211; banc\u00e1rio e militante do PSTU de Nova Friburgo (RJ)<\/td>\n<\/tr>\n<tr>\n<td height=\"20\" align=\"CENTER\">352<\/td>\n<td align=\"LEFT\">Ricardo Gebrim (SP) \u2013 dirigente da Consulta Popular<\/td>\n<\/tr>\n<tr>\n<td height=\"20\" align=\"CENTER\">353<\/td>\n<td align=\"LEFT\">Ricardo Moreno \u2013 professor da UNEB e da Revista Dial\u00e9tica (BA)<\/td>\n<\/tr>\n<tr>\n<td height=\"21\" align=\"CENTER\">354<\/td>\n<td align=\"JUSTIFY\">Rinaldo C. Ferreira &#8211; Presidente da Ass. Pol\u00edtico-Cultural Brasil\/Cuba &#8211; Casa Greg\u00f3rio Bezerra (PE)<\/td>\n<\/tr>\n<tr>\n<td height=\"21\" align=\"CENTER\">355<\/td>\n<td align=\"JUSTIFY\">Rinaldo Rossi \u2013 Uni\u00e3o dos Estudantes da Bahia Articula\u00e7\u00e3o de Esquerda (BA)<\/td>\n<\/tr>\n<tr>\n<td height=\"21\" align=\"CENTER\">356<\/td>\n<td align=\"JUSTIFY\">Rivaldo da Silva Ferreira \u2013 2\u00b0 &#8211; vice pres. da Ass. Pol. Cul. Brasil\/Cuba Casa Greg\u00f3rio Bezerra (PE)<\/td>\n<\/tr>\n<tr>\n<td height=\"20\" align=\"CENTER\">357<\/td>\n<td align=\"LEFT\">Rob\u00e9rio Paulino \u2013 professor da UFRN (RN)<\/td>\n<\/tr>\n<tr>\n<td height=\"20\" align=\"CENTER\">358<\/td>\n<td align=\"LEFT\">Roberto Leher \u2013 professor da UFRJ (RJ)<\/td>\n<\/tr>\n<tr>\n<td height=\"20\" align=\"CENTER\">359<\/td>\n<td align=\"LEFT\">Roberto Morales \u2013 fundador do PSOL Brasil (RJ)<\/td>\n<\/tr>\n<tr>\n<td height=\"21\" align=\"CENTER\">360<\/td>\n<td align=\"JUSTIFY\">Rodrigo Domingues \u2013 Estudante<\/td>\n<\/tr>\n<tr>\n<td height=\"20\" align=\"CENTER\">361<\/td>\n<td align=\"LEFT\">Ronald Barata \u2013 Movimento de Resist\u00eancia Leonel Brizola<\/td>\n<\/tr>\n<tr>\n<td height=\"20\" align=\"CENTER\">362<\/td>\n<td align=\"LEFT\">Rondon de Castro \u2013 docente; presidente da SEDUFSM\/Andes \u2013 Santa Maria (RS)<\/td>\n<\/tr>\n<tr>\n<td height=\"20\" align=\"CENTER\">363<\/td>\n<td align=\"LEFT\">Rosa Couto \u2013 Secret\u00e1ria da Consulta Popular (SC)<\/td>\n<\/tr>\n<tr>\n<td height=\"20\" align=\"CENTER\">364<\/td>\n<td align=\"LEFT\">Rubim Aquino \u2013 professor e historiador (RJ)<\/td>\n<\/tr>\n<tr>\n<td height=\"21\" align=\"CENTER\">365<\/td>\n<td align=\"JUSTIFY\">Sammer Siman \u2013 economista (SP)<\/td>\n<\/tr>\n<tr>\n<td height=\"20\" align=\"CENTER\">366<\/td>\n<td align=\"LEFT\">Sandra Quintela \u2013 economista (RJ)<\/td>\n<\/tr>\n<tr>\n<td height=\"20\" align=\"CENTER\">367<\/td>\n<td align=\"LEFT\">Sargento Amauri Soares \u2013 Deputado Estadual (SC)<\/td>\n<\/tr>\n<tr>\n<td height=\"20\" align=\"CENTER\">368<\/td>\n<td align=\"LEFT\">Serge Goulart \u2013 dire\u00e7\u00e3o nacional do PT, dirigente da CMI &#8211; Corrente Marxista Internacional (SC)<\/td>\n<\/tr>\n<tr>\n<td height=\"20\" align=\"CENTER\">369<\/td>\n<td align=\"LEFT\">S\u00e9rgio Caldieri \u2013 jornalista, escritor, 1\u00ba Secret\u00e1rio do Conselho Deliberativo da ABI<\/td>\n<\/tr>\n<tr>\n<td height=\"21\" align=\"CENTER\">370<\/td>\n<td align=\"JUSTIFY\">Sergio de Souza Brasil \u2013 professor universit\u00e1rio aposentado UFRJ. (RJ)<\/td>\n<\/tr>\n<tr>\n<td height=\"20\" align=\"CENTER\">371<\/td>\n<td align=\"LEFT\">S\u00e9rgio Lessa \u2013 professor da UFAL (AL)<\/td>\n<\/tr>\n<tr>\n<td height=\"20\" align=\"CENTER\">372<\/td>\n<td align=\"LEFT\">S\u00e9rgio Miranda \u2013 ex Deputado Federal (MG)<\/td>\n<\/tr>\n<tr>\n<td height=\"21\" align=\"CENTER\">373<\/td>\n<td align=\"JUSTIFY\">Sergio Monteiro &#8211; Professor Universit\u00e1rio<\/td>\n<\/tr>\n<tr>\n<td height=\"20\" align=\"CENTER\">374<\/td>\n<td align=\"LEFT\">Severino Nascimento (Faust\u00e3o) \u2013 dirigente nacional da CUT (SP)<\/td>\n<\/tr>\n<tr>\n<td height=\"20\" align=\"CENTER\">375<\/td>\n<td align=\"LEFT\">Silvana Aparecida de Souza \u2013 professora (PR)<\/td>\n<\/tr>\n<tr>\n<td height=\"21\" align=\"CENTER\">376<\/td>\n<td align=\"JUSTIFY\">Silvio Sinedino \u2013 Analista de Sistema (RJ)<\/td>\n<\/tr>\n<tr>\n<td height=\"20\" align=\"CENTER\">377<\/td>\n<td align=\"LEFT\">Sindicato dos Advogados de S\u00e3o Paulo (SP)<\/td>\n<\/tr>\n<tr>\n<td height=\"20\" align=\"CENTER\">378<\/td>\n<td align=\"LEFT\">Solange Rodrigues \u2013 jornalista e cineasta (RJ)<\/td>\n<\/tr>\n<tr>\n<td height=\"21\" align=\"CENTER\">379<\/td>\n<td align=\"JUSTIFY\">Sonia Latge Milward de Azevedo &#8211; dirigente da CTB RJ e secret\u00e1ria de mov. sociais do PCdoB.(RJ)<\/td>\n<\/tr>\n<tr>\n<td height=\"21\" align=\"CENTER\">380<\/td>\n<td align=\"JUSTIFY\">Stella Calloni \u2013 Argentina<\/td>\n<\/tr>\n<tr>\n<td height=\"20\" align=\"CENTER\">381<\/td>\n<td align=\"LEFT\">Takao Amano \u2013 advogado (SP)<\/td>\n<\/tr>\n<tr>\n<td height=\"21\" align=\"CENTER\">382<\/td>\n<td align=\"JUSTIFY\">T\u00e2nia Mara Franco &#8211; Professora \u2013 (RJ)<\/td>\n<\/tr>\n<tr>\n<td height=\"20\" align=\"CENTER\">383<\/td>\n<td align=\"LEFT\">Tarcizo de Lira Paes Martins \u2013 professor universit\u00e1rio (PB)<\/td>\n<\/tr>\n<tr>\n<td height=\"20\" align=\"CENTER\">384<\/td>\n<td align=\"LEFT\">Tatiana Brettas \u2013 dirigente da Consulta Popular (RJ)<\/td>\n<\/tr>\n<tr>\n<td height=\"21\" align=\"CENTER\">385<\/td>\n<td align=\"JUSTIFY\">Thelman Madeira de Souza- M\u00e9dico Aposentado do Minist\u00e9rio da Sa\u00fade (RJ)<\/td>\n<\/tr>\n<tr>\n<td height=\"20\" align=\"CENTER\">386<\/td>\n<td align=\"LEFT\">Uni\u00e3o da Juventude Comunista (UJC)<\/td>\n<\/tr>\n<tr>\n<td height=\"20\" align=\"CENTER\">387<\/td>\n<td align=\"LEFT\">Unidade Classista (Brasil)<\/td>\n<\/tr>\n<tr>\n<td height=\"20\" align=\"CENTER\">388<\/td>\n<td align=\"LEFT\">Val\u00e9rio Arcary \u2013 professor do IFSP e militante do PSTU (SP)<\/td>\n<\/tr>\n<tr>\n<td height=\"21\" align=\"CENTER\">389<\/td>\n<td align=\"JUSTIFY\">Verton da C. Penha \u2013 Sind. de Banc\u00e1rios; colaborador da Comiss\u00e3o de Igualdade Racial da OAB RJ<\/td>\n<\/tr>\n<tr>\n<td height=\"20\" align=\"CENTER\">390<\/td>\n<td align=\"LEFT\">Via Campesina \u2013 Brasil<\/td>\n<\/tr>\n<tr>\n<td height=\"21\" align=\"CENTER\">391<\/td>\n<td align=\"JUSTIFY\">Victor Chinaglia &#8211; Arquiteto e Urbanista, conselheiro superior do Instituto de Arquitetos do Brasil- IAB<\/td>\n<\/tr>\n<tr>\n<td height=\"20\" align=\"CENTER\">392<\/td>\n<td align=\"LEFT\">Victor Leonardo de Araujo \u2013 economista, pesquisador do IPEA (DF)<\/td>\n<\/tr>\n<tr>\n<td height=\"20\" align=\"CENTER\">393<\/td>\n<td align=\"LEFT\">Virginia Fontes \u2013 professora e historiadora (RJ)<\/td>\n<\/tr>\n<tr>\n<td height=\"20\" align=\"CENTER\">394<\/td>\n<td align=\"LEFT\">Vito Giannotti \u2013 jornalista (RJ)<\/td>\n<\/tr>\n<tr>\n<td height=\"21\" align=\"CENTER\">395<\/td>\n<td align=\"JUSTIFY\">Wagner Lacerda \u2013 Professor Universit\u00e1rio e militante do PSOL (MG)<\/td>\n<\/tr>\n<tr>\n<td height=\"20\" align=\"CENTER\">396<\/td>\n<td align=\"LEFT\">Waldemar Rossi \u2013 membro da Coord. da Pastoral Oper\u00e1ria e da Oposi\u00e7\u00e3o Metal\u00fargica de SP<\/td>\n<\/tr>\n<tr>\n<td height=\"21\" align=\"CENTER\">397<\/td>\n<td align=\"JUSTIFY\">Wanderci Bueno &#8211; Editor do Jornal Luta de Classes, \u00f3rg\u00e3o da Esquerda Marxista (SP)<\/td>\n<\/tr>\n<tr>\n<td height=\"21\" align=\"CENTER\">398<\/td>\n<td align=\"JUSTIFY\">Wellington Emiliano de Morais \u2013 dirigente do MST (MG)<\/td>\n<\/tr>\n<tr>\n<td height=\"21\" align=\"CENTER\">399<\/td>\n<td align=\"JUSTIFY\">Williams Gon\u00e7alves &#8211; Professor de Rela\u00e7\u00f5es Internacionais da UERJ. (RJ)<\/td>\n<\/tr>\n<tr>\n<td height=\"21\" align=\"CENTER\">400<\/td>\n<td align=\"JUSTIFY\">Winston Alarc\u00f3n Elizalde &#8211; Secretario Geral do PCE (Equador)<\/td>\n<\/tr>\n<\/tbody>\n<\/table>\n","protected":false},"excerpt":{"rendered":"\n\n\nCr\u00e9dito: 3.bp.blogspot\n\n\n\n\n\n\n\n\n<a class=\"moretag\" href=\"https:\/\/pcb.org.br\/portal2\/1773\"> <\/a>","protected":false},"author":1,"featured_media":0,"comment_status":"open","ping_status":"open","sticky":false,"template":"","format":"standard","meta":{"jetpack_post_was_ever_published":false,"_jetpack_newsletter_access":"","_jetpack_dont_email_post_to_subs":false,"_jetpack_newsletter_tier_id":0,"_jetpack_memberships_contains_paywalled_content":false,"_jetpack_memberships_contains_paid_content":false,"footnotes":"","jetpack_publicize_message":"","jetpack_publicize_feature_enabled":true,"jetpack_social_post_already_shared":false,"jetpack_social_options":{"image_generator_settings":{"template":"highway","default_image_id":0,"font":"","enabled":false},"version":2}},"categories":[71],"tags":[],"class_list":["post-1773","post","type-post","status-publish","format-standard","hentry","category-c84-solidariedade"],"jetpack_publicize_connections":[],"jetpack_featured_media_url":"","jetpack_shortlink":"https:\/\/wp.me\/p659gw-sB","jetpack-related-posts":[],"jetpack_likes_enabled":true,"jetpack_sharing_enabled":true,"_links":{"self":[{"href":"https:\/\/pcb.org.br\/portal2\/wp-json\/wp\/v2\/posts\/1773","targetHints":{"allow":["GET"]}}],"collection":[{"href":"https:\/\/pcb.org.br\/portal2\/wp-json\/wp\/v2\/posts"}],"about":[{"href":"https:\/\/pcb.org.br\/portal2\/wp-json\/wp\/v2\/types\/post"}],"author":[{"embeddable":true,"href":"https:\/\/pcb.org.br\/portal2\/wp-json\/wp\/v2\/users\/1"}],"replies":[{"embeddable":true,"href":"https:\/\/pcb.org.br\/portal2\/wp-json\/wp\/v2\/comments?post=1773"}],"version-history":[{"count":0,"href":"https:\/\/pcb.org.br\/portal2\/wp-json\/wp\/v2\/posts\/1773\/revisions"}],"wp:attachment":[{"href":"https:\/\/pcb.org.br\/portal2\/wp-json\/wp\/v2\/media?parent=1773"}],"wp:term":[{"taxonomy":"category","embeddable":true,"href":"https:\/\/pcb.org.br\/portal2\/wp-json\/wp\/v2\/categories?post=1773"},{"taxonomy":"post_tag","embeddable":true,"href":"https:\/\/pcb.org.br\/portal2\/wp-json\/wp\/v2\/tags?post=1773"}],"curies":[{"name":"wp","href":"https:\/\/api.w.org\/{rel}","templated":true}]}}