{"id":17754,"date":"2017-12-10T13:02:45","date_gmt":"2017-12-10T16:02:45","guid":{"rendered":"https:\/\/pcb.org.br\/portal2\/?p=17754"},"modified":"2017-12-10T13:02:45","modified_gmt":"2017-12-10T16:02:45","slug":"kke-tirem-as-maos-do-direito-de-greve","status":"publish","type":"post","link":"https:\/\/pcb.org.br\/portal2\/17754","title":{"rendered":"KKE: Tirem as m\u00e3os do direito de greve!"},"content":{"rendered":"<p><img data-recalc-dims=\"1\" decoding=\"async\" class=\"imagem\" title=\"KKE: Tirem as m\u00e3os do direito de greve!\" src=\"https:\/\/i0.wp.com\/inter.kke.gr\/export\/sites\/inter\/.content\/images\/news\/pame-sygkentrosh-05-12-vouli-12.jpg_875307648.jpg?w=747&#038;ssl=1\" alt=\"KKE: Tirem as m\u00e3os do direito de greve!\" \/><!--more-->BOLETIM DO PARTIDO COMUNISTA DA GR\u00c9CIA (KKE) &#8211; 06.12.2017<\/p>\n<p>\u201cA emenda legislativa que ataca o direito de greve n\u00e3o passar\u00e1. Inclusive, caso seja aprovada, os trabalhadores a cancelar\u00e3o na pr\u00e1tica\u201d. Esta foi a mensagem clara que enviaram os trabalhadores que responderam imediatamente ao chamamento da Frente Militante de Todos os Trabalhadores (PAME), das organiza\u00e7\u00f5es sindicais com orienta\u00e7\u00e3o de classe, participando das manifesta\u00e7\u00f5es que ocorreram em 5 de dezembro de 2017, em Atenas, e em muitas cidades em todo o pa\u00eds.<\/p>\n<p>Em 4 de dezembro \u00e0 noite, o governo de SYRIZA-ANEL tentou aprovar de maneira dissimulada e como um ladr\u00e3o a aboli\u00e7\u00e3o do direito de greve. N\u00e3o conseguiu levar \u00e0 cabo o plano inicial, retirando a emenda pouco antes da meia-noite do mesmo dia, depois da rea\u00e7\u00e3o do KKE e das organiza\u00e7\u00f5es sindicais, que denunciaram de imediato as a\u00e7\u00f5es miser\u00e1veis do governo e organizaram uma manifesta\u00e7\u00e3o para a hora prevista para a discuss\u00e3o e vota\u00e7\u00e3o da emenda. Em qualquer caso, o governo que faz o trabalho sujo para o capital, segue adiante com seu plano anti-oper\u00e1rio e planeja trazer de novo a emenda em outro projeto de lei.<\/p>\n<p>Com este projeto de lei, o governo estabelece como condi\u00e7\u00e3o pr\u00e9via para a convocat\u00f3ria de greve que a decis\u00e3o tenha o apoio de 50% + 1 dos trabalhadores em assembleia e na vota\u00e7\u00e3o. E isto, como denunciou Dimitris Koutsoumpas, Secret\u00e1rio Geral do CC do KKE, no parlamento, ocorre em condi\u00e7\u00f5es quando a arbitrariedade dos empregadores, a intimida\u00e7\u00e3o, a chantagem de demiss\u00e3o, levam os trabalhadores a atuarem escondidos, inclusive para informar-se, ou para discutir de maneira coletiva, ou para organizar uma assembleia, uma mobiliza\u00e7\u00e3o, ou uma greve, como se estivessem em condi\u00e7\u00f5es de profunda ilegalidade.<\/p>\n<p>O Secret\u00e1rio Geral do Comit\u00ea Central do KKE destacou, entre outras coisas: \u201cSeu governo \u00e9 implac\u00e1vel, sem arrependimento, no que se trata de servir os interesses do capital. Seus quadros chegam ao ponto de dizer que desta maneira est\u00e3o fortalecendo a democracia nos sindicatos. Quebraram todos os recordes! A Federa\u00e7\u00e3o Hel\u00eanica de Empresas certamente est\u00e1 chorando emocionada neste momento. N\u00e3o imaginaram em seus sonhos mais loucos ter um servo t\u00e3o capaz. Por esta raz\u00e3o voc\u00eas recebem todas estas felicita\u00e7\u00f5es, como disse antes, de seus \u2018s\u00f3cios\u2019 na Uni\u00e3o Europeia\u201d.<\/p>\n<p>Al\u00e9m disso, Dimitris Koutsoumpas, advertiu ao governo antipopular: \u201cEst\u00e3o bem equivocados se acreditam que este monstro ser\u00e1 aplicado. Os trabalhadores o cancelar\u00e3o com sua organiza\u00e7\u00e3o e sua luta, assim como cancelar\u00e3o toda tentativa de dificultar sua luta, o progresso social, e, em algum momento, abandonar\u00e3o todos os representantes pol\u00edticos deste sistema podre de explora\u00e7\u00e3o\u201d.<\/p>\n<p><b>O governo enfrentou os trabalhadores com as for\u00e7as antidist\u00farbios e com gases lacrimog\u00eaneos<\/b><\/p>\n<p>Os trabalhadores responderam de maneira imediata e combativa contra os planos anti-oper\u00e1rios do governo, da Uni\u00e3o Europeia e do capital de abolir o direito de greve, participando da mobiliza\u00e7\u00e3o da Frente Militante de Todos os Trabalhadores (PAME) em Atenas, em 5 de dezembro, ao meio-dia.<\/p>\n<p>Os manifestantes do PAME, depois de seu protesto, se dirigiram de maneira organizada rumo ao minist\u00e9rio de \u201cTrabalho\u201d, que foi fechado e a dire\u00e7\u00e3o pol\u00edtica tinha desaparecido.<\/p>\n<p>Os oper\u00e1rios responderam a esta nova provoca\u00e7\u00e3o elevando as persianas e entraram no p\u00f3rtico que conduz \u00e0 entrada do minist\u00e9rio contra o esfor\u00e7o das for\u00e7as antidist\u00farbios de impedi-los. A interven\u00e7\u00e3o da pol\u00edcia causou feridos entre os manifestantes, e um deles foi presidente do sindicato dos trabalhadores da Organiza\u00e7\u00e3o Administrativa Local da regi\u00e3o de \u00c1tica.<\/p>\n<p>Os oper\u00e1rios tiraram uma por uma das letras do letreiro do \u201cMINIST\u00c9RIO DO TRABALHO\u201d para mostrar que o minist\u00e9rio n\u00e3o \u00e9 dos trabalhadores, mas sim dos empregadores.<\/p>\n<p>A seguir, a mobiliza\u00e7\u00e3o se dirigiu para o parlamento com as consignas: \u201cA greve \u00e9 direito dos trabalhadores, conquistado com lutas, sangue e sacrif\u00edcios\u201d, \u201cAdiante, por sindicatos dos trabalhadores e n\u00e3o do governo dos empregadores\u201d. Quando os trabalhadores chegaram em frente ao parlamento, escreveram em sua entrada em vermelho a consigna \u201cTirem as m\u00e3os da greve\u201d e \u201centregaram\u201d as letras que tinham tirado do letreiro do minist\u00e9rio.<\/p>\n<p>A marcha se dirigiu ao Pal\u00e1cio do Primeiro Ministro, onde o governo \u201cdeu as boas-vindas\u201d aos manifestantes formando barreiras nas ruas com as caminhonetes da pol\u00edcia e lan\u00e7ando gases lacrimog\u00eaneos contra os manifestantes, confirmando seu autoritarismo.<\/p>\n<p>A mobiliza\u00e7\u00e3o terminou com o discurso de Nikos Mavrok\u00e9falos, membro do Secretariado Executivo do PAME, aos manifestantes: \u201cEsta foi uma primeira resposta. Que n\u00e3o se atrevam a trazer de modo inesperado leis contra o direito \u00e0 greve. A clase oper\u00e1ria responder\u00e1 decisivamente. Vamos dar todas as nossas for\u00e7as a partir deste momento, a cada dia, nos centros de trabalho, nos ramos, sem perder termpo, para falar com os trabalhadores, para preparar a organiza\u00e7\u00e3o e a escalada de nossas lutas, para preparar uma exitosa greve para o dia 14 de dezembro\u201d.<\/p>\n<p>Dezenas de mensagens de solidariedade de todo o mundo chegaram ao PAME. A Federa\u00e7\u00e3o Sindical Mundial tamb\u00e9m emitiu um comunicado condenando os planos antioper\u00e1rios.<\/p>\n<p><a href=\"https:\/\/inter.kke.gr\/es\/articles\/Manos-fuera-del-derecho-de-huelga\/\" target=\"_blank\" rel=\"noopener\">https:\/\/inter.kke.gr\/es\/articles\/Manos-fuera-del-derecho-de-huelga\/<\/a><\/p>\n","protected":false},"excerpt":{"rendered":"<a class=\"moretag\" href=\"https:\/\/pcb.org.br\/portal2\/17754\"> <\/a>","protected":false},"author":1,"featured_media":0,"comment_status":"closed","ping_status":"closed","sticky":false,"template":"","format":"standard","meta":{"jetpack_post_was_ever_published":false,"_jetpack_newsletter_access":"","_jetpack_dont_email_post_to_subs":false,"_jetpack_newsletter_tier_id":0,"_jetpack_memberships_contains_paywalled_content":false,"_jetpack_memberships_contains_paid_content":false,"footnotes":"","jetpack_publicize_message":"","jetpack_publicize_feature_enabled":true,"jetpack_social_post_already_shared":true,"jetpack_social_options":{"image_generator_settings":{"template":"highway","default_image_id":0,"font":"","enabled":false},"version":2}},"categories":[107],"tags":[228],"class_list":["post-17754","post","type-post","status-publish","format-standard","hentry","category-c120-grecia","tag-5b"],"jetpack_publicize_connections":[],"jetpack_featured_media_url":"","jetpack_shortlink":"https:\/\/wp.me\/p659gw-4Cm","jetpack-related-posts":[],"jetpack_likes_enabled":true,"jetpack_sharing_enabled":true,"_links":{"self":[{"href":"https:\/\/pcb.org.br\/portal2\/wp-json\/wp\/v2\/posts\/17754","targetHints":{"allow":["GET"]}}],"collection":[{"href":"https:\/\/pcb.org.br\/portal2\/wp-json\/wp\/v2\/posts"}],"about":[{"href":"https:\/\/pcb.org.br\/portal2\/wp-json\/wp\/v2\/types\/post"}],"author":[{"embeddable":true,"href":"https:\/\/pcb.org.br\/portal2\/wp-json\/wp\/v2\/users\/1"}],"replies":[{"embeddable":true,"href":"https:\/\/pcb.org.br\/portal2\/wp-json\/wp\/v2\/comments?post=17754"}],"version-history":[{"count":0,"href":"https:\/\/pcb.org.br\/portal2\/wp-json\/wp\/v2\/posts\/17754\/revisions"}],"wp:attachment":[{"href":"https:\/\/pcb.org.br\/portal2\/wp-json\/wp\/v2\/media?parent=17754"}],"wp:term":[{"taxonomy":"category","embeddable":true,"href":"https:\/\/pcb.org.br\/portal2\/wp-json\/wp\/v2\/categories?post=17754"},{"taxonomy":"post_tag","embeddable":true,"href":"https:\/\/pcb.org.br\/portal2\/wp-json\/wp\/v2\/tags?post=17754"}],"curies":[{"name":"wp","href":"https:\/\/api.w.org\/{rel}","templated":true}]}}