{"id":17778,"date":"2017-12-11T11:36:37","date_gmt":"2017-12-11T14:36:37","guid":{"rendered":"https:\/\/pcb.org.br\/portal2\/?p=17778"},"modified":"2017-12-11T18:10:25","modified_gmt":"2017-12-11T21:10:25","slug":"sionistas-tirem-as-maos-de-jerusalem","status":"publish","type":"post","link":"https:\/\/pcb.org.br\/portal2\/17778","title":{"rendered":"Sionistas, tirem as m\u00e3os de Jerusal\u00e9m!"},"content":{"rendered":"<p><img decoding=\"async\" class=\"imagem\" title=\"imagem\" src=\"https:\/\/ci5.googleusercontent.com\/proxy\/t2_qa1CCqRUqDloYLLvmUs0oA3K6NvjUxuWUp30Nfu3hnfaAceg1C0eDHjY9KZi5D5DloJWV0Ptuu0Ze4Win6fWbDc0Uctfa--eoJcd9Euu1OVjdn3B-vjM-fN0LcHKQxGE9iuZlrN-yU3iE0fwTP8-4TStOCxJGL2vcn3utJBJmxnyOduvDiMa0Wkiuz3W1xTuS11SIuedf4OM7CqacPx2fyhH11g=s0-d-e1-ft#https:\/\/scontent-gig2-1.xx.fbcdn.net\/v\/t1.0-9\/1910075_490271354515781_5532613901634692833_n.jpg?oh=5f7c4e16fddfd4ee80080a1e121a01b6&amp;oe=5ACDC6CB\" alt=\"imagem\" \/><!--more--><br \/>\n<strong>O Comit\u00ea de Solidariedade \u00e0 Luta do Povo Palestino RJ convoca todos os internacionalistas, as organiza\u00e7\u00f5es pol\u00edticas e sociais e os apoiadores da Causa Palestina e \u00e1rabe a se unirem numa demonstra\u00e7\u00e3o de total apoio a resist\u00eancia desse povo guerreiro: somos todos palestinos<\/strong><\/p>\n<p>VOC\u00ca \u00c9 IMPORTANTE NESSA LUTA!<\/p>\n<p>Manifesta\u00e7\u00e3o de solidariedade \u00e0 luta do povo palestino, no RJ:<\/p>\n<blockquote><p><strong>Consulado dos EUA<\/strong><\/p>\n<p><strong>Dia 12\/ dezembro &#8211; ter\u00e7a-feira<\/strong><\/p>\n<p><strong>\u00e0s 17 horas<\/strong><\/p>\n<p><strong>Aquds (Jerusal\u00e9m) \u00e9 Palestina!<\/strong><\/p><\/blockquote>\n<p>H\u00e1 cem anos atr\u00e1s, em novembro de 1917, a Declara\u00e7\u00e3o Balfour, emitida pelo imp\u00e9rio brit\u00e2nico, prometia aos judeus a posse da Palestina, dando suporte \u201clegal\u201d ao terrorismo dos grupos sionistas que logo iniciaram as atrocidades e assassinatos contra o povo palestino, roubando suas terras e promovendo a limpeza \u00e9tnica.<\/p>\n<p>Em 1948, h\u00e1 69 anos, a ONU aprova a cria\u00e7\u00e3o do estado judeu, Israel, nas terras da Palestina, sem consultar o povo que l\u00e1 vivia. Desde a\u00ed, a ocupa\u00e7\u00e3o sionista em larga escala impulsionou ainda mais sua campanha de terror, assassinatos, pris\u00f5es, confisco de resid\u00eancias e roubo de terras contra o povo palestino, com total apoio das grandes pot\u00eancias do mundo ocidental, em particular do imp\u00e9rio anglo-sionista, os EUA.<\/p>\n<p>De l\u00e1 para c\u00e1, os palestinos vivem um verdadeiro inferno lidando com as atrocidades di\u00e1rias cometidas pelo ex\u00e9rcito de Israel. Praticando uma pol\u00edtica de expans\u00e3o da coloniza\u00e7\u00e3o judaica atrav\u00e9s do confisco ou destrui\u00e7\u00e3o de aldeias e bairros inteiros, concomitante ao sequestro, pris\u00f5es e torturas de jovens e crian\u00e7as. Nas \u00faltimas d\u00e9cadas, o sionismo trabalhou intensamente pela judaiza\u00e7\u00e3o de Al Quds (Jerusal\u00e9m) de formas mais desumanas poss\u00edveis.<\/p>\n<p>Agora, neste final do ano de 2017, a declara\u00e7\u00e3o do presidente dos EUA, que d\u00e1 curso \u00e0 decis\u00e3o do Congresso dos EUA votada em 1995, que \u201cJerusal\u00e9m deve ser reconhecida capital de Israel\u201d exp\u00f5e toda a pol\u00edtica de ocupa\u00e7\u00e3o total da Palestina Hist\u00f3rica que vem sendo constru\u00edda passo a passo por Israel e os EUA, jogando por terra as ilus\u00f5es em um Estado Palestino soberano (a proposta de dois Estados) e, ao mesmo tempo, nos processos de paz e negocia\u00e7\u00f5es mediadas pelos EUA.<\/p>\n<p>Enquanto isso, os avi\u00f5es de Israel lan\u00e7am bombas e matam a popula\u00e7\u00e3o de Gaza, extremamente sacrificada pelo embargo econ\u00f4mico, pela fome, mis\u00e9ria, doen\u00e7as e frio, apesar (e por causa!) da recente descoberta de petr\u00f3leo e g\u00e1s em seu litoral. As crian\u00e7as e os jovens de Gaza s\u00e3o obrigados a conviver constantemente com os bombardeios sionistas que destroem suas casas, suas vidas e matam as pessoas.<\/p>\n<p>Este cen\u00e1rio dram\u00e1tico e diab\u00f3lico est\u00e1 no contexto da estrat\u00e9gia geopol\u00edtica para o Oriente M\u00e9dio do Imp\u00e9rio Anglo-sionista que, ap\u00f3s a destrui\u00e7\u00e3o total da L\u00edbia e das derrotas militares no Afeganist\u00e3o, no Iraque e na S\u00edria, apesar da alian\u00e7a com os mercen\u00e1rios do ISIS, os curdos e os Estados \u00c1rabes do Golfo, necessita desestabilizar ao m\u00e1ximo a regi\u00e3o e destruir o eixo de resist\u00eancia regional que saiu fortalecido. Al\u00e9m disso, buscam uma nova guerra para satisfazer sua ind\u00fastria armamentista de olho nos ricos po\u00e7os de petr\u00f3leo e g\u00e1s do povo iraniano.<\/p>\n<p>A causa palestina chega a seu momento de extrema tens\u00e3o. O fortalecimento da resist\u00eancia \u00e1rabe favorece em todos os sentidos a luta deste povo guerreiro. Mas \u00e9 necess\u00e1rio ainda a unidade de todas as organiza\u00e7\u00f5es palestinas e muita disposi\u00e7\u00e3o para enfrentar o inimigo de todos os povos do mundo, o imperialismo sionista, e destruir sua base militar chamada de Israel. Neste contexto, mais do que nunca os povos do mundo devem cercar a luta do povo palestino contra a ocupa\u00e7\u00e3o sionista de muita solidariedade internacionalista.<\/p>\n<ul>\n<li>VIVA A LUTA DO POVO PALESTINO! VIVA A INTIFADA!<\/li>\n<li>FORA SIONISMO DA PALESTINA!<\/li>\n<li>JERUSAL\u00c9M \u00c9 PALESTINA!<\/li>\n<\/ul>\n<p><a href=\"http:\/\/somostodospalestinos.blogspot.com.br\/2017\/12\/manifestacao-no-rio-de-janeiro.html\" target=\"_blank\" rel=\"noopener\">Comit\u00ea de Solidariedade \u00e0 Luta do Povo Palestino RJ<\/a><\/p>\n","protected":false},"excerpt":{"rendered":"<a class=\"moretag\" href=\"https:\/\/pcb.org.br\/portal2\/17778\"> <\/a>","protected":false},"author":1,"featured_media":0,"comment_status":"closed","ping_status":"closed","sticky":false,"template":"","format":"standard","meta":{"jetpack_post_was_ever_published":false,"_jetpack_newsletter_access":"","_jetpack_dont_email_post_to_subs":false,"_jetpack_newsletter_tier_id":0,"_jetpack_memberships_contains_paywalled_content":false,"_jetpack_memberships_contains_paid_content":false,"footnotes":"","jetpack_publicize_message":"Sionistas, tirem as m\u00e3os de Ferusal\u00e9m!","jetpack_publicize_feature_enabled":true,"jetpack_social_post_already_shared":true,"jetpack_social_options":{"image_generator_settings":{"template":"highway","default_image_id":0,"font":"","enabled":false},"version":2}},"categories":[78],"tags":[219],"class_list":["post-17778","post","type-post","status-publish","format-standard","hentry","category-c91-solidariedade-a-palestina","tag-manchete"],"jetpack_publicize_connections":[],"jetpack_featured_media_url":"","jetpack_shortlink":"https:\/\/wp.me\/p659gw-4CK","jetpack-related-posts":[],"jetpack_likes_enabled":true,"jetpack_sharing_enabled":true,"_links":{"self":[{"href":"https:\/\/pcb.org.br\/portal2\/wp-json\/wp\/v2\/posts\/17778","targetHints":{"allow":["GET"]}}],"collection":[{"href":"https:\/\/pcb.org.br\/portal2\/wp-json\/wp\/v2\/posts"}],"about":[{"href":"https:\/\/pcb.org.br\/portal2\/wp-json\/wp\/v2\/types\/post"}],"author":[{"embeddable":true,"href":"https:\/\/pcb.org.br\/portal2\/wp-json\/wp\/v2\/users\/1"}],"replies":[{"embeddable":true,"href":"https:\/\/pcb.org.br\/portal2\/wp-json\/wp\/v2\/comments?post=17778"}],"version-history":[{"count":0,"href":"https:\/\/pcb.org.br\/portal2\/wp-json\/wp\/v2\/posts\/17778\/revisions"}],"wp:attachment":[{"href":"https:\/\/pcb.org.br\/portal2\/wp-json\/wp\/v2\/media?parent=17778"}],"wp:term":[{"taxonomy":"category","embeddable":true,"href":"https:\/\/pcb.org.br\/portal2\/wp-json\/wp\/v2\/categories?post=17778"},{"taxonomy":"post_tag","embeddable":true,"href":"https:\/\/pcb.org.br\/portal2\/wp-json\/wp\/v2\/tags?post=17778"}],"curies":[{"name":"wp","href":"https:\/\/api.w.org\/{rel}","templated":true}]}}