{"id":17788,"date":"2017-12-11T19:22:50","date_gmt":"2017-12-11T22:22:50","guid":{"rendered":"https:\/\/pcb.org.br\/portal2\/?p=17788"},"modified":"2017-12-11T19:22:50","modified_gmt":"2017-12-11T22:22:50","slug":"colombia-torpedos-contra-o-acordo","status":"publish","type":"post","link":"https:\/\/pcb.org.br\/portal2\/17788","title":{"rendered":"Col\u00f4mbia: torpedos contra o acordo"},"content":{"rendered":"<p><img decoding=\"async\" class=\"imagem\" title=\"Col\u00f4mbia: torpedos contra o acordo\" src=\"https:\/\/i0.wp.com\/www.resumenlatinoamericano.org\/wp-content\/uploads\/2017\/12\/paz-696x451-620x400.jpg\" alt=\"Col\u00f4mbia: torpedos contra o acordo\" \/><!--more-->Carlos A. Lozano Guill\u00e9n, Semanario Voz.<a href=\"http:\/\/www.resumenlatinoamericano.org\/2017\/12\/08\/colombia-torpedos-contra-el-acuerdo\/\" target=\"_blank\" rel=\"noopener\"> Resumen Latinoamericano<\/a>. 8\/12\/2017<\/p>\n<p><b>O Governo nacional deve modificar sua atitude ante as mudan\u00e7as e a desnaturaliza\u00e7\u00e3o do Acordo Final de Havana. Deve cumprir a palavra empenhada. N\u00e3o pode ser complacente com a classe dirigente tradicional e dos organismos jur\u00eddicos que sabotam a paz<\/b><\/p>\n<p>As \u201ccurules da paz\u201d [cadeiras da paz], como costumam ser chamadas as circunscri\u00e7\u00f5es especiais da paz para as quais ser\u00e3o escolhidos 16 representantes \u00e0 c\u00e2mara propostos por organiza\u00e7\u00f5es que representam as v\u00edtimas do conflito, que querem toma-las os partidos tradicionais e suas varia\u00e7\u00f5es e dissid\u00eancias, como Cambio Radical, a U, Centro Democr\u00e1tico ou simplesmente os deprimidos troncos dos partidos liberal e conservador, poderiam ser salvas por uma interpreta\u00e7\u00e3o ver\u00eddica do governo e de alguns juristas no sentido que deve aplicar-se o qu\u00f3rum e a vota\u00e7\u00e3o em conformidade com a lei quinta (regulamento do Congresso) e pelo menos tr\u00eas senten\u00e7as da Corte Constitucional, que estabelecem que devem ser considerados para os ajustes necess\u00e1rios do qu\u00f3rum e das vota\u00e7\u00f5es a morte pol\u00edtica de congressistas ou sua incapacidade por estarem detidos devido a decis\u00f5es judiciais.<\/p>\n<p><b>O papel do Cambio Radical<\/b><\/p>\n<p>Neste sentido, na opini\u00e3o do presidente Nuan Manuel Santos e dos porta-vozes governamentais, o Secret\u00e1rio do Senado, Gregorio Eljach Pacheco, filiado do Cambio Radical, se \u201capressou\u201d ao declarar que a vota\u00e7\u00e3o deste ato legislativo, votado a favor por cinquenta senadores, segundo ele, n\u00e3o chegava ao requisito legal pois se requerem ao menos 51 votos dado que s\u00e3o 102 senadores. Sete votaram contra e o resto n\u00e3o esteve na sess\u00e3o, incluindo tr\u00eas que est\u00e3o na pris\u00e3o. Justamente, por esta \u00faltima raz\u00e3o, os tr\u00eas detidos n\u00e3o contam, de tal maneira que a contabilidade deve ser feita a partir de 99 senadores.<\/p>\n<p>Assim s\u00e3o as coisas: os cinquenta votos a favor do projeto s\u00e3o suficientes para aprova-lo. N\u00e3o cabe a menor d\u00favida de que a interpreta\u00e7\u00e3o jur\u00eddica governamental \u00e9 correta e que o projeto est\u00e1 aprovado e, assim, deve estabelec\u00ea-lo a mesa dirigente do Senado e seu presidente, Efra\u00edn Cepeda, que \u00e9 a quem corresponde e n\u00e3o ao Secret\u00e1rio, o senhor Eljach, que se apressou a declara-lo naufragado de forma consciente por sua ades\u00e3o a Germ\u00e1n Vargas Lleras, inimigo do projeto democr\u00e1tico.<\/p>\n<p>A sabotagem n\u00e3o s\u00f3 a este, mas a outros projetos, foi assumida pelos congressistas do Cambio Radical e alguns conservadores, da U e liberais, que terminaram aliados ao Centro Democr\u00e1tico da extrema direita. E o Cambio Radical, partido de John Calzones e de Kiko G\u00f3mez, que mais congressistas corruptos e paramilitares tem na cadeia, \u00e9 quem dirige as decis\u00f5es do Congresso e conta com o flamante presidente da C\u00e2mara de Representante! Germ\u00e1n Vargas Lleras, um dos candidatos da guerra, est\u00e1 em d\u00edvida com o pa\u00eds porque se negou a explicar o v\u00eddeo que percorre as redes sociais, onde aparece em um desfile com Mart\u00edn Llanos, chefe paramilitar de Casanare e de outros grupos do paramilitarismo.<\/p>\n<p>O Cambio Radical, partido minorit\u00e1rio, gra\u00e7as \u00e0 torpeza do governo de Santos, obteve numerosos cargos p\u00fablicos que ainda conserva e, a partir deles, contribui com o abuso belicista de sabotar a implementa\u00e7\u00e3o do Acordo de Havana.<\/p>\n<p><b><i>Copo pela metade<\/i><\/b><\/p>\n<p>A respeito da implementa\u00e7\u00e3o, segundo o presidente Juan Manuel Santos, o copo est\u00e1 pela metade, repetindo a met\u00e1fora do Instituto Kroc que quem sabe onde fez a investiga\u00e7\u00e3o. Todos os especialistas e analistas que fizeram o balan\u00e7o \u00e0 luz dos resultados, asseguram que o copo est\u00e1 abaixo da metade. O d\u00e9ficit \u00e9 enorme, pois projetos importantes e de tanto benef\u00edcio para a sociedade, como as reformas sobre o desenvolvimento agr\u00e1rio (primeiro ponto da agenda) e a reforma pol\u00edtica (segundo ponto da agenda), n\u00e3o foram aprovados. No primeiro caso, nem sequer debateram e o segundo, foi enterrado porque estava t\u00e3o distorcido que n\u00e3o valia a pena.<\/p>\n<p><b><i>O coelho da oligarquia<\/i><\/b><\/p>\n<p>A Justi\u00e7a Especial de Paz (JEP) foi aprovada, por\u00e9m para remover os magistrados que prov\u00eam de organiza\u00e7\u00f5es n\u00e3o governamentais e de setores democr\u00e1ticos, como se n\u00e3o tivessem o direito de participar das decis\u00f5es transcendentais da paz para a Col\u00f4mbia. S\u00e3o os protagonistas da paz e querem negar-lhes o direito a sua participa\u00e7\u00e3o na implementa\u00e7\u00e3o do Acordo. A JEP foi modificada em aspectos essenciais para ser reduzida em sua aplica\u00e7\u00e3o aos ex-guerrilheiros.<\/p>\n<p>O ex-comissionado de paz Sergio Jaramillo quando se retirou do cargo pronunciou uma frase lapidar: \u201cAs FARC cumpriram, agora corresponde ao Governo cumprir\u201d. A miss\u00e3o das Na\u00e7\u00f5es Unidas na Col\u00f4mbia, encabe\u00e7ada por Jean Arnault, tamb\u00e9m defendem que as FARC cumpriram e o Governo Nacional e o Estado n\u00e3o. E, \u00e9 claro, os dirigentes do agora partido pol\u00edtico FARC, mais diretos disseram ao cumprir-se em 30 de novembro passado o tempo do <i>fast track<\/i>, que o aprovado com modifica\u00e7\u00f5es, o n\u00e3o aprovado e o pendente, demonstra que o acordo est\u00e1 em frangalhos, que \u00e9 o sonho dourado dos uribistas e dos inimigos da paz.<\/p>\n<p><b><i>A ONU<\/i><\/b><\/p>\n<p>E todos t\u00eam raz\u00e3o, em particular a ONU, que teve o encargo de \u201cmonitorar\u201d o processo. A primeira parte da gest\u00e3o da miss\u00e3o da ONU, esteve dedicada a verificar o cumprimento por parte das FARC, at\u00e9 30 de setembro do presente ano. E o resultado, segundo o informe com o balan\u00e7o do per\u00edodo, a ent\u00e3o guerrilha fariana cumpriu integralmente. Entregou o relat\u00f3rio dos bens, t\u00e3o questionado pelo diligente procurador N\u00e9stor Humberto Mart\u00ednez, dedicado a colocar obst\u00e1culos ao processo de paz; promoveu o abandono das armas, superando a m\u00e9dia de uma por combatente; e entregou 900 arcas com grande quantidade de armamento pesado e explosivos; e finalmente realizou a transi\u00e7\u00e3o para a forma\u00e7\u00e3o de um partido pol\u00edtico que se chama Fuerza Alternativa Revolucionaria del Com\u00fan (FARC) [For\u00e7a Alternativa Revolucion\u00e1ria do Comum].<\/p>\n<p>A conclus\u00e3o \u00e9 evidente: Cumpriram a palavra empenhada! Em contraste, o Governo Nacional n\u00e3o entregou nenhuma das zonas veredais com a infraestrutura completa, n\u00e3o executou a anistia e o indulto prometido para os combatentes que devem receb\u00ea-las e as pris\u00f5es permanecem cheias de prisioneiros de guerra; n\u00e3o existe seguran\u00e7a integral a respeito da prote\u00e7\u00e3o dos dirigentes e militantes do partido FARC, v\u00e1rios assassinados a estas alturas, tampouco contam com seguran\u00e7a jur\u00eddica, pois como se disse antes, n\u00e3o est\u00e1 firme a anistia; e tampouco t\u00eam seguran\u00e7a social que garanta aos ex-combatentes seu <i>modus vivendi.<\/i> E como se fosse pouco, n\u00e3o cumpriu integralmente as metas da implementa\u00e7\u00e3o, cujo tempo culminou em 30 de novembro passado sem pena nem gl\u00f3ria apesar do fast track.<\/p>\n<p><b>Causas do descumprimento<\/b><\/p>\n<p>Primeiro, o governo foi incapaz de comprometer os poderes do Estado na necessidade de contribuir com a paz. Um bem supremo, tutelado pela Carta Pol\u00edtica e considerado \u201cpol\u00edtica de Estado\u201d, foi manuseado e bloqueado de distintas formas pelo legislativo e o judici\u00e1rio. O procurador Mart\u00ednez, pr\u00f3ximo a Vargas Lleras, por exemplo, est\u00e1 dedicado, inclusive no exterior, a lan\u00e7ar torpedos contra a paz. Segundo, alguns analistas opinam que \u00e9 um verdadeiro coelho o Acordo Final de Havana. Uma trai\u00e7\u00e3o \u00e0 ex-guerrilha que sim cumpriu. Deixadas as armas e convertidas em for\u00e7a pol\u00edtica, o Estado e o Governo que o representa n\u00e3o veem sentido em cumprir com os demais pontos. Terceiro, ao final se imp\u00f4s a politicagem e o clientelismo tradicional, que cerrou fileiras contra a reforma pol\u00edtica e toda a mudan\u00e7a democr\u00e1tica.<\/p>\n<p>Essa classe pol\u00edtica de veteranos e jovens, alguns deles herdeiros da pol\u00edtica furtiva do pa\u00eds ou outros familiares, sabem que a chave de suas vit\u00f3rias eleitorais est\u00e1 no regime atual, que eles consideram imodific\u00e1veis. Quarto, se confirma o temor \u00e0s transforma\u00e7\u00f5es democr\u00e1ticas por parte do Governo e da oligarquia colombiana. Possuem p\u00e2nico \u00e0 democracia, se acostumaram a governar apoiados na viol\u00eancia e na injusti\u00e7a social.<\/p>\n<p>Pode-se recompor a situa\u00e7\u00e3o. N\u00e3o \u00e9 f\u00e1cil, por\u00e9m corresponde aos setores democr\u00e1ticos e aos amigos da paz \u2013 que s\u00e3o uma for\u00e7a real no pa\u00eds \u2013, mobilizar-se e pressionar para que se cumpra o Acordo Final de Havana. \u00c9 a melhor mensagem para o ELN que di\u00e1logo no Equador, porque do contr\u00e1rio n\u00e3o chegar\u00e1 at\u00e9 o final ante o temor de que n\u00e3o seja cumprido.<\/p>\n<p>Fonte: <a href=\"http:\/\/www.resumenlatinoamericano.org\/2017\/12\/08\/colombia-torpedos-contra-el-acuerdo\/\" target=\"_blank\" rel=\"noopener\" data-saferedirecturl=\"https:\/\/www.google.com\/url?hl=pt-BR&amp;q=http:\/\/www.resumenlatinoamericano.org\/2017\/12\/08\/colombia-torpedos-contra-el-acuerdo\/&amp;source=gmail&amp;ust=1513115869168000&amp;usg=AFQjCNED1iIArnqxLYTO1ny29JdbK1uHFQ\">http:\/\/www.<wbr \/>resumenlatinoamericano.org\/<wbr \/>2017\/12\/08\/colombia-torpedos-<wbr \/>contra-el-acuerdo\/<\/a><\/p>\n<p>Tradu\u00e7\u00e3o: Partido Comunista Brasileiro (PCB)<\/p>\n","protected":false},"excerpt":{"rendered":"<a class=\"moretag\" href=\"https:\/\/pcb.org.br\/portal2\/17788\"> <\/a>","protected":false},"author":1,"featured_media":0,"comment_status":"closed","ping_status":"closed","sticky":false,"template":"","format":"standard","meta":{"jetpack_post_was_ever_published":false,"_jetpack_newsletter_access":"","_jetpack_dont_email_post_to_subs":false,"_jetpack_newsletter_tier_id":0,"_jetpack_memberships_contains_paywalled_content":false,"_jetpack_memberships_contains_paid_content":false,"footnotes":"","jetpack_publicize_message":"Col\u00f4mbia: torpedos contra o acordo","jetpack_publicize_feature_enabled":true,"jetpack_social_post_already_shared":true,"jetpack_social_options":{"image_generator_settings":{"template":"highway","default_image_id":0,"font":"","enabled":false},"version":2}},"categories":[34],"tags":[233],"class_list":["post-17788","post","type-post","status-publish","format-standard","hentry","category-c39-colombia","tag-6a"],"jetpack_publicize_connections":[],"jetpack_featured_media_url":"","jetpack_shortlink":"https:\/\/wp.me\/p659gw-4CU","jetpack-related-posts":[],"jetpack_likes_enabled":true,"jetpack_sharing_enabled":true,"_links":{"self":[{"href":"https:\/\/pcb.org.br\/portal2\/wp-json\/wp\/v2\/posts\/17788","targetHints":{"allow":["GET"]}}],"collection":[{"href":"https:\/\/pcb.org.br\/portal2\/wp-json\/wp\/v2\/posts"}],"about":[{"href":"https:\/\/pcb.org.br\/portal2\/wp-json\/wp\/v2\/types\/post"}],"author":[{"embeddable":true,"href":"https:\/\/pcb.org.br\/portal2\/wp-json\/wp\/v2\/users\/1"}],"replies":[{"embeddable":true,"href":"https:\/\/pcb.org.br\/portal2\/wp-json\/wp\/v2\/comments?post=17788"}],"version-history":[{"count":0,"href":"https:\/\/pcb.org.br\/portal2\/wp-json\/wp\/v2\/posts\/17788\/revisions"}],"wp:attachment":[{"href":"https:\/\/pcb.org.br\/portal2\/wp-json\/wp\/v2\/media?parent=17788"}],"wp:term":[{"taxonomy":"category","embeddable":true,"href":"https:\/\/pcb.org.br\/portal2\/wp-json\/wp\/v2\/categories?post=17788"},{"taxonomy":"post_tag","embeddable":true,"href":"https:\/\/pcb.org.br\/portal2\/wp-json\/wp\/v2\/tags?post=17788"}],"curies":[{"name":"wp","href":"https:\/\/api.w.org\/{rel}","templated":true}]}}