{"id":178,"date":"2008-08-15T08:01:15","date_gmt":"2008-08-15T11:01:15","guid":{"rendered":"http:\/\/pcb.org.br\/portal2\/?p=178"},"modified":"2017-11-13T12:15:12","modified_gmt":"2017-11-13T15:15:12","slug":"o-terrorismo-manda-a-iv-frota","status":"publish","type":"post","link":"https:\/\/pcb.org.br\/portal2\/178","title":{"rendered":"O terrorismo manda a IV Frota"},"content":{"rendered":"\n<p>Os preparativos est\u00e3o a\u00ed: tentativas de desestabiliza\u00e7\u00e3o dos governos de resist\u00eancia (Cuba, Venezuela, Bol\u00edvia e Equador, sobretudo); apoio aberto ao governo agressivo de Uribe (Col\u00f4mbia), capaz de assassinar o principal negociador das FARC para depois colher os frutos pol\u00edticos da cinematogr\u00e1fica &#8220;liberta\u00e7\u00e3o&#8221; de Ingrid Betancourt; estimulo \u00e0s contradi\u00e7\u00f5es do governo Lula, que ao mesmo tempo se apresenta como alternativa bem-comportada a Chaves, Morales e Correia, e assume o papel de &#8220;pacificador&#8221; do Haiti, sob o comando de Washington; ocupa\u00e7\u00e3o militar de pontos importantes na AL, como a base de Manta \u2013 que ser\u00e1 transferida do Equador para a Col\u00f4mbia, bem na fronteira com a Venezuela, e abrigar\u00e1 avi\u00f5es e helic\u00f3pteros espi\u00f5es dos EUA \u2013 e a regi\u00e3o de Ayacucho, no Peru, onde se monta um campo para treinamento de mercen\u00e1rios venezuelanos, sob o disfarce de &#8220;ajuda humanit\u00e1ria&#8221;.<\/p>\n<p>Agora, a coisa esquentou de vez. Depois de 60 anos desativada, a IV Frota norte-americana, de triste mem\u00f3ria, volta a costear nossos mares, muito mais amea\u00e7adora do que antes, pois disp\u00f5e de poder destrutivo muito maior \u2013 inclusive nuclear. O pretexto \u00e9 &#8220;manobras conjuntas para treinamento militar&#8221;. Trata-se de provoca\u00e7\u00e3o inaceit\u00e1vel. \u00c9 ou n\u00e3o \u00e9 verdadeiro terrorismo, essa press\u00e3o descabida sobre governos leg\u00edtimos? Que se articulem politicamente todas as for\u00e7as anti-imperialistas da Am\u00e9rica Latina em um movimento para impedir que tal absurdo se consume e, se necess\u00e1rio, expulsar de nossas \u00e1guas os terroristas imperialistas indesej\u00e1veis!<\/p>\n<p>Fonte: <a href=\"http:\/\/www.pcb.org.br\/4frota.htm\">Informativo da Base Hor\u00e1cio Macedo &#8211; PCB Zona Sul &#8211; Rio de Janeiro<\/a><\/p>\n","protected":false},"excerpt":{"rendered":"Cada vez fica mais claro que o verdadeiro terrorismo \u00e9 o do imperialismo \u2013 sobretudo de seu p\u00f3lo hegem\u00f4nico norte-americano, mas tamb\u00e9m de todo o sistema capitalista mundial a ele associado. L\u00f3gico que esta m\u00e1quina de moer gente, que massacra povos com a mais moderna tecnologia de guerra, promove e estimula guerras entre pa\u00edses paup\u00e9rrimos, dizima milh\u00f5es pela fome em todo o mundo, l\u00f3gico que tal m\u00e1quina chama seus inimigos de terroristas para esconder seu car\u00e1ter \u2013 este sim \u2013 autenticamente terrorista.\nJ\u00e1 n\u00e3o bastam aos EUA e seus aliados as interven\u00e7\u00f5es militares no Iraque e no Afeganist\u00e3o, em que o objetivo \u00f3bvio de garantir suprimento inesgot\u00e1vel de petr\u00f3leo levou o governo norte-americano a disseminar entre seu povo a paran\u00f3ia do terrorismo isl\u00e2mico \u2013 elevada \u00e0 en\u00e9sima pot\u00eancia pelo ainda nebuloso epis\u00f3dio da destrui\u00e7\u00e3o das Torres G\u00eameas. A crise econ\u00f4mica que atingiu o pr\u00f3prio centro do Imp\u00e9rio o induz agora \u00e0 tenta\u00e7\u00e3o de novas aventuras, e desta vez, muito provavelmente, no que sempre consideraram &#8220;seu quintal&#8221;: a Am\u00e9rica Latina.\n<a class=\"moretag\" href=\"https:\/\/pcb.org.br\/portal2\/178\"> <\/a>","protected":false},"author":1,"featured_media":0,"comment_status":"closed","ping_status":"closed","sticky":false,"template":"","format":"standard","meta":{"jetpack_post_was_ever_published":false,"_jetpack_newsletter_access":"","_jetpack_dont_email_post_to_subs":false,"_jetpack_newsletter_tier_id":0,"_jetpack_memberships_contains_paywalled_content":false,"_jetpack_memberships_contains_paid_content":false,"footnotes":"","jetpack_publicize_message":"","jetpack_publicize_feature_enabled":true,"jetpack_social_post_already_shared":false,"jetpack_social_options":{"image_generator_settings":{"template":"highway","default_image_id":0,"font":"","enabled":false},"version":2}},"categories":[38],"tags":[],"class_list":["post-178","post","type-post","status-publish","format-standard","hentry","category-c43-imperialismo"],"jetpack_publicize_connections":[],"jetpack_featured_media_url":"","jetpack_shortlink":"https:\/\/wp.me\/p659gw-2S","jetpack-related-posts":[],"jetpack_likes_enabled":true,"jetpack_sharing_enabled":true,"_links":{"self":[{"href":"https:\/\/pcb.org.br\/portal2\/wp-json\/wp\/v2\/posts\/178","targetHints":{"allow":["GET"]}}],"collection":[{"href":"https:\/\/pcb.org.br\/portal2\/wp-json\/wp\/v2\/posts"}],"about":[{"href":"https:\/\/pcb.org.br\/portal2\/wp-json\/wp\/v2\/types\/post"}],"author":[{"embeddable":true,"href":"https:\/\/pcb.org.br\/portal2\/wp-json\/wp\/v2\/users\/1"}],"replies":[{"embeddable":true,"href":"https:\/\/pcb.org.br\/portal2\/wp-json\/wp\/v2\/comments?post=178"}],"version-history":[{"count":0,"href":"https:\/\/pcb.org.br\/portal2\/wp-json\/wp\/v2\/posts\/178\/revisions"}],"wp:attachment":[{"href":"https:\/\/pcb.org.br\/portal2\/wp-json\/wp\/v2\/media?parent=178"}],"wp:term":[{"taxonomy":"category","embeddable":true,"href":"https:\/\/pcb.org.br\/portal2\/wp-json\/wp\/v2\/categories?post=178"},{"taxonomy":"post_tag","embeddable":true,"href":"https:\/\/pcb.org.br\/portal2\/wp-json\/wp\/v2\/tags?post=178"}],"curies":[{"name":"wp","href":"https:\/\/api.w.org\/{rel}","templated":true}]}}