{"id":18,"date":"2009-12-01T02:11:59","date_gmt":"2009-12-01T02:11:59","guid":{"rendered":"http:\/\/pcb.org.br\/portal2\/?p=18"},"modified":"2009-12-01T02:11:59","modified_gmt":"2009-12-01T02:11:59","slug":"alan-woods-do-congresso-extraordinario-do-psuv","status":"publish","type":"post","link":"https:\/\/pcb.org.br\/portal2\/18","title":{"rendered":"Alan Woods do Congresso extraordin\u00e1rio do PSUV"},"content":{"rendered":"<br \/>\n<table border=\"0\" width=\"200\" align=\"right\">\n<tbody>\n<tr>\n<td><img data-recalc-dims=\"1\" decoding=\"async\" src=\"https:\/\/i0.wp.com\/psuv.org.ve\/files\/images\/congreso.extraordinario.gif?w=160\" border=\"0\"  align=\"right\" \/><\/td>\n<\/tr>\n<\/tbody>\n<\/table>\n<p>Na sess\u00e3o de abertura do Congresso do PSUV, Ch\u00e1vez fez um discurso muito radical de esquerda, convocando para o estabelecimento de uma nova internacional, explicando que era necess\u00e1rio destruir o Estado burgu\u00eas e substitu\u00ed-lo por um estado revolucion\u00e1rio, mas tamb\u00e9m se referiu \u00e0 burocracia dentro do pr\u00f3prio movimento bolivariano. Tratava-se claramente de um discurso que reflete a enorme press\u00e3o das massas que est\u00e3o cansadas de ouvir falar de socialismo, enquanto que o avan\u00e7o real rumo a uma mudan\u00e7a genu\u00edna parece ser desesperadamente lento.<\/p>\n<p>S\u00e1bado, dia 21 de novembro, o Primeiro Congresso Extraordin\u00e1rio do Partido Socialista Unido da Venezuela (PSUV) come\u00e7ou suas sess\u00f5es com a presen\u00e7a de 772 delegados com camisetas vermelhas. A maioria era de trabalhadores, camponeses e estudantes, eleitos por aproximadamente 2,5 milh\u00f5es de votantes (a milit\u00e2ncia total no papel \u00e9 de sete milh\u00f5es!). O ambiente era de entusiasmo e expectativa.<\/p>\n<p>Depois de uma sess\u00e3o de pr\u00e9-aquecimento com can\u00e7\u00f5es revolucion\u00e1rias e alguns discursos de abertura dos dignit\u00e1rios da Nicar\u00e1gua e El Salvador, Hugo Ch\u00e1vez abriu o ato com um discurso de cinco horas que terminou pouco depois da meia-noite.<\/p>\n<p>A \u00eanfase principal da primeira parte do seu discurso foi a necessidade de estabelecer uma nova internacional revolucion\u00e1ria, \u00e0 qual se referiu como a Quinta Internacional. Ch\u00e1vez sublinhou que Marx havia criado a Primeira Internacional, Engels participou da funda\u00e7\u00e3o da Segunda Internacional, Lenin fundou a Terceira Internacional e Le\u00f3n Trostky a quarta, mas que por diferentes motivos, nenhuma dessas Internacionais existia na atualidade.<\/p>\n<p>Ch\u00e1vez assinalou que todas essas internacionais se basearam inicialmente na Europa, refletindo as lutas de classe na Europa naquele momento, mas que hoje em dia o epicentro da revolu\u00e7\u00e3o mundial estava na Am\u00e9rica Latina, especialmente na Venezuela. Assinalou a presen\u00e7a no Congresso dos 55 partidos de esquerda de 39 pa\u00edses, que haviam assinado um documento denominado &#8220;O Compromisso de Caracas&#8221;, baseado na id\u00e9ia de uma luta mundial contra o imperialismo e o capitalismo, pelo socialismo.<\/p>\n<p>Insistiu nessa id\u00e9ia em v\u00e1rias ocasi\u00f5es durante seu discurso, que tamb\u00e9m conteve muitas id\u00e9ias radicais, ataques contra o capitalismo, sobre o qual disse que era uma grande amea\u00e7a para o futuro da ra\u00e7a humana. Referindo-se \u00e0 crise do capitalismo mundial, condenou as tentativas dos governos ocidentais de salvar o sistema com os suntuosos resgates estatais. &#8220;Nossa tarefa n\u00e3o \u00e9 salvar o capitalismo, mas destru\u00ed-lo&#8221;, disse.<\/p>\n<p>Referindo-se \u00e0 situa\u00e7\u00e3o na Venezuela, declarou que ainda n\u00e3o haviam conseguido eliminar o capitalismo, mas que estavam se movendo nessa dire\u00e7\u00e3o. Seu an\u00fancio de que iam tomar sete bancos foi recebido com aplausos entusiasmados. Denunciou a oligarquia venezuelana como uma quinta coluna, que havia se vendido ao imperialismo.<\/p>\n<p>Ch\u00e1vez destacou que o Estado na Venezuela continuava sendo um Estado capitalista e isso era um problema central para a revolu\u00e7\u00e3o. Agitando uma c\u00f3pia de L\u00eanin de &#8220;O Estado e a Revolu\u00e7\u00e3o&#8221; (que recomendo que todos os delegados leiam), disse que aceitava a opini\u00e3o de L\u00eanin de que era necess\u00e1rio destruir o Estado burgu\u00eas e substitu\u00ed-lo por um Estado revolucion\u00e1rio, e que essa tarefa continuava pendente.<\/p>\n<p>Quanto ao problema da burocracia, disse que ele era consciente de que alguns dos delegados presentes haviam sido eleitos de forma irregular e que algumas pessoas s\u00f3 estavam interessadas em se eleger ao Parlamento ou como prefeitos e governadores, o que qualificou como inaceit\u00e1vel.<\/p>\n<p>No recente conflito com a Col\u00f4mbia, reiterou seu pedido para a cria\u00e7\u00e3o de uma mil\u00edcia popular em que todos os trabalhadores, camponeses, estudantes, homens e mulheres, deveriam receber treinamento militar, e que isso n\u00e3o pode ficar no papel, mas que deve ser levado a cabo.<\/p>\n<p>&#8220;Concedo grande import\u00e2ncia a este Congresso&#8221;, disse Ch\u00e1vez, &#8220;e tenho a inten\u00e7\u00e3o de ser parte ativa no acontecimento&#8221;. Insistiu em que o Congresso n\u00e3o deve terminar amanh\u00e3 (domingo), mas que deve continuar se reunindo periodicamente durante os pr\u00f3ximos meses, a fim de debater todas essas quest\u00f5es a fundo. Insistiu em que os debates devem ser democr\u00e1ticos, levando em conta as diferentes opini\u00f5es e que os delegados devem informar \u00e0s bases e discutir com elas as diferentes propostas e documentos.<\/p>\n<p>O Presidente destacou que o pr\u00f3ximo ano seria dif\u00edcil. A oposi\u00e7\u00e3o far\u00e1 todo o poss\u00edvel para ganhar as elei\u00e7\u00f5es para a assembl\u00e9ia Nacional em setembro de 2010. &#8220;Depois disso, v\u00e3o \u00e0 minha procura&#8221;, disse. Neste momento, um dos delegados gritou: &#8220;V\u00e3o \u00e0 procura de todos n\u00f3s!&#8221;<\/p>\n<p>Tudo isto p\u00f5e em evid\u00eancia o problema central. Depois de 11 anos, h\u00e1 ind\u00edcios de que as massas est\u00e3o ficando impacientes e frustradas pela lentid\u00e3o da revolu\u00e7\u00e3o. A crise do capitalismo est\u00e1 tendo um efeito, e muitos est\u00e3o indignados com a burocracia e com a corrup\u00e7\u00e3o que vem de todas as partes, inclusive dentro do pr\u00f3prio Movimento Bolivariano.<\/p>\n<p>Essa frustra\u00e7\u00e3o \u00e0s vezes se expressa em greves. O Presidente expressou sua frustra\u00e7\u00e3o por algumas greves, mas ainda assim fez uma convoca\u00e7\u00e3o para um di\u00e1logo com os trabalhadores. Por\u00e9m, por tr\u00e1s disso h\u00e1 um sentimento geral de que aqueles que est\u00e3o na dire\u00e7\u00e3o da revolu\u00e7\u00e3o n\u00e3o est\u00e3o conscientes da realidade e n\u00e3o escutam as massas ou n\u00e3o entendem seus problemas.<\/p>\n<p>Durante o discurso, Ch\u00e1vez tamb\u00e9m enfatizou a necessidade de recuperar as tradi\u00e7\u00f5es do sindicalismo revolucion\u00e1rio, j\u00e1 que a classe oper\u00e1ria tem que desempenhar um papel de dire\u00e7\u00e3o na revolu\u00e7\u00e3o. &#8220;A consci\u00eancia da classe oper\u00e1ria \u00e9 a chave na constru\u00e7\u00e3o do socialismo&#8221;, disse, acrescentando que deve haver uma alian\u00e7a estreita entre o partido e os trabalhadores.<\/p>\n<p>\u00c9 evidente que Ch\u00e1vez est\u00e1 tentando utilizar o congresso para dar nova vida \u00e0 revolu\u00e7\u00e3o. Esperamos que este seja um ponto de partida para um novo avan\u00e7o da revolu\u00e7\u00e3o bolivariana, que s\u00f3 ter\u00e1 \u00eaxito passando \u00e0 ofensiva, rompendo radicalmente com o capitalismo, batendo na oligarquia reacion\u00e1ria e estabelecendo um Estado oper\u00e1rio genu\u00edno, como a condi\u00e7\u00e3o necess\u00e1ria para avan\u00e7ar rumo ao socialismo e lan\u00e7ar uma onda revolucion\u00e1ria em todas as Am\u00e9ricas e em escala mundial.<\/p>\n<p>Caracas, 21 e novembro.<\/p>\n","protected":false},"excerpt":{"rendered":"Ch\u00e1vez fez um discurso radical de esquerda, convocando para o estabelecimento de uma nova internacional, explicando que era necess\u00e1rio destruir o Estado burgu\u00eas e substitu\u00ed-lo por um estado revolucion\u00e1rio.\n<a class=\"moretag\" href=\"https:\/\/pcb.org.br\/portal2\/18\"> <\/a>","protected":false},"author":1,"featured_media":0,"comment_status":"open","ping_status":"open","sticky":false,"template":"","format":"standard","meta":{"jetpack_post_was_ever_published":false,"_jetpack_newsletter_access":"","_jetpack_dont_email_post_to_subs":false,"_jetpack_newsletter_tier_id":0,"_jetpack_memberships_contains_paywalled_content":false,"_jetpack_memberships_contains_paid_content":false,"footnotes":"","jetpack_publicize_message":"","jetpack_publicize_feature_enabled":true,"jetpack_social_post_already_shared":false,"jetpack_social_options":{"image_generator_settings":{"template":"highway","default_image_id":0,"font":"","enabled":false},"version":2}},"categories":[45],"tags":[],"class_list":["post-18","post","type-post","status-publish","format-standard","hentry","category-c54-venezuela"],"jetpack_publicize_connections":[],"jetpack_featured_media_url":"","jetpack_shortlink":"https:\/\/wp.me\/p659gw-i","jetpack-related-posts":[],"jetpack_likes_enabled":true,"jetpack_sharing_enabled":true,"_links":{"self":[{"href":"https:\/\/pcb.org.br\/portal2\/wp-json\/wp\/v2\/posts\/18","targetHints":{"allow":["GET"]}}],"collection":[{"href":"https:\/\/pcb.org.br\/portal2\/wp-json\/wp\/v2\/posts"}],"about":[{"href":"https:\/\/pcb.org.br\/portal2\/wp-json\/wp\/v2\/types\/post"}],"author":[{"embeddable":true,"href":"https:\/\/pcb.org.br\/portal2\/wp-json\/wp\/v2\/users\/1"}],"replies":[{"embeddable":true,"href":"https:\/\/pcb.org.br\/portal2\/wp-json\/wp\/v2\/comments?post=18"}],"version-history":[{"count":0,"href":"https:\/\/pcb.org.br\/portal2\/wp-json\/wp\/v2\/posts\/18\/revisions"}],"wp:attachment":[{"href":"https:\/\/pcb.org.br\/portal2\/wp-json\/wp\/v2\/media?parent=18"}],"wp:term":[{"taxonomy":"category","embeddable":true,"href":"https:\/\/pcb.org.br\/portal2\/wp-json\/wp\/v2\/categories?post=18"},{"taxonomy":"post_tag","embeddable":true,"href":"https:\/\/pcb.org.br\/portal2\/wp-json\/wp\/v2\/tags?post=18"}],"curies":[{"name":"wp","href":"https:\/\/api.w.org\/{rel}","templated":true}]}}