{"id":18044,"date":"2017-12-26T11:08:48","date_gmt":"2017-12-26T14:08:48","guid":{"rendered":"https:\/\/pcb.org.br\/portal2\/?p=18044"},"modified":"2017-12-26T11:54:12","modified_gmt":"2017-12-26T14:54:12","slug":"cuba-livre-soberana-e-independente","status":"publish","type":"post","link":"https:\/\/pcb.org.br\/portal2\/18044","title":{"rendered":"Cuba: livre, soberana e independente"},"content":{"rendered":"<p><img decoding=\"async\" class=\"imagem\" title=\"Cuba: livre, soberana e independenteCuba: livre, soberana e independenteCuba: livre, soberana e independente\" src=\"https:\/\/i0.wp.com\/pt.granma.cu\/file\/img\/2017\/12\/medium\/f0013683.jpg\" alt=\"Cuba: livre, soberana e independente\" \/><!--more-->Ra\u00fal Castro Ruz<\/p>\n<p><a href=\"http:\/\/pt.granma.cu\/cuba\/2017-12-22\/aqui-estamos-e-estaremos-livres-soberanos-e-independentes\" target=\"_blank\" rel=\"noopener\">Granma<\/a><\/p>\n<p>Discurso do primeiro secret\u00e1rio do Comit\u00ea Central do Partido Comunista de Cuba e presidente dos Conselhos de Estado e Ministros, general-de-ex\u00e9rcito Ra\u00fal Castro Ruz, no encerramento do 10\u00ba Per\u00edodo Ordin\u00e1rio de Sess\u00f5es da 8\u00aa Legislatura da Assembleia Nacional da Poder Popular (Parlamento), no Pal\u00e1cio das Conven\u00e7\u00f5es, em 21 de dezembro de 2017, \u00abAno 59\u00ba da Revolu\u00e7\u00e3o\u00bb.<\/p>\n<p>(Tradu\u00e7\u00e3o da vers\u00e3o estenogr\u00e1fica &#8211; Conselho de Estado)<\/p>\n<p>Companheiros e companheiros:<\/p>\n<p>Cabe-me realizar as conclus\u00f5es do \u00faltimo Per\u00edodo Ordin\u00e1rio de Sess\u00f5es da 8\u00aa Legislatura da Assembleia Nacional. Nesta oportunidade abordarei v\u00e1rios temas da realidade nacional e internacional.<\/p>\n<p>Entre os dias 8 e 10 de setembro, o pa\u00eds foi atingido pelo furac\u00e3o Irma, descrito como o evento meteorol\u00f3gico mais poderoso e violento da hist\u00f3ria do Atl\u00e2ntico, que impactou, em maior ou menor grau, 12 prov\u00edncias com ventos fortes, chuvas intensas e enchentes costeiras severas.<\/p>\n<p>Apesar das a\u00e7\u00f5es urgentes empreendidas para proteger a popula\u00e7\u00e3o, que incluiu a prote\u00e7\u00e3o de mais de 1,8 milh\u00e3o de pessoas, devemos lamentar a morte de dez compatriotas. Mais de 179 mil lares foram afetados e houve danos significativos na infraestrutura, edif\u00edcios do sistema nacional de sa\u00fade, escolas, agricultura, ind\u00fastria a\u00e7ucareira, instala\u00e7\u00f5es tur\u00edsticas e nas comunica\u00e7\u00f5es. Pela primeira vez, produziu-se a interrup\u00e7\u00e3o do sistema el\u00e9trico nacional em todo o pa\u00eds.<\/p>\n<p>Em resumo, os danos causados \u200b\u200bpelo furac\u00e3o Irma foram quantificados em 13,18 bilh\u00f5es de pesos, um valor calculado a partir da paridade do peso com o d\u00f3lar norte-americano.<\/p>\n<p>Mais uma vez, foi revelado o esp\u00edrito de resist\u00eancia e vit\u00f3ria do nosso povo, que com organiza\u00e7\u00e3o, unidade, disciplina e solidariedade enfrentou esse evento e a fase da recupera\u00e7\u00e3o.<\/p>\n<p>Em apenas 20 dias, o fornecimento de eletricidade e \u00e1gua foi restaurado em todo o territ\u00f3rio nacional, uma atividade na qual, juntamente com as for\u00e7as especializadas, tiveram um desempenho de destaque as brigadas de apoio misto formadas em cada munic\u00edpio para limpeza, poda, abertura de buracos e transporte de postes, em apoio aos trabalhadores que cuidaram de restaurar a eletricidade.<\/p>\n<p>Da mesma forma, em apenas 62 dias, todos os efeitos nas instala\u00e7\u00f5es tur\u00edsticas foram restaurados, de modo que elas estiveram prontas para prestar servi\u00e7os antes do in\u00edcio da temporada alta.<\/p>\n<p>Ningu\u00e9m ficou desabrigado. O governo revolucion\u00e1rio adotou um conjunto de medidas para facilitar a aquisi\u00e7\u00e3o de materiais da constru\u00e7\u00e3o e bens b\u00e1sicos de consumo para as v\u00edtimas.<\/p>\n<p>Conseguimos preservar a educa\u00e7\u00e3o e os servi\u00e7os de sa\u00fade, garantindo a estabilidade epidemiol\u00f3gica.<\/p>\n<p>Est\u00e3o sendo implementados diferentes programas para a constru\u00e7\u00e3o de moradias mais s\u00f3lidas e resistentes nas comunidades que tiveram o maior impacto, o que continuar\u00e1 sendo uma das prioridades principais no Plano da Economia Nacional para o pr\u00f3ximo ano e da\u00ed em diante. Nesse sentido, os recursos locais dispon\u00edveis devem ser fortalecidos para acelerar a solu\u00e7\u00e3o do problema antigo da habita\u00e7\u00e3o.<\/p>\n<p>\u00c9 justo reconhecer o papel desempenhado pelas regi\u00f5es estrat\u00e9gicas e seus respectivos l\u00edderes, os conselhos de defesa provinciais e municipais, liderados pelos principais l\u00edderes do Partido e do Governo nessas inst\u00e2ncias e em n\u00edvel da zona de defesa, as organiza\u00e7\u00f5es de massas, as For\u00e7as Armadas Revolucion\u00e1rias, o minist\u00e9rio do Interior e outras ag\u00eancias da Administra\u00e7\u00e3o Central do Estado.<\/p>\n<p>Os resultados obtidos no confronto com este furac\u00e3o e as experi\u00eancias acumuladas diante de fen\u00f4menos clim\u00e1ticos similares, nos \u00faltimos anos, confirmam a vig\u00eancia e a validade da doutrina da guerra de todo o povo e a organiza\u00e7\u00e3o do sistema defensivo territorial e sua melhoria sistem\u00e1tica, como pilares para resistir e superar qualquer evento ou amea\u00e7a, seja da natureza ou de qualquer outro tipo (Aplausos).<\/p>\n<p>Sirva a oportunidade de reiterar, em nome do povo cubano, a mais profunda gratid\u00e3o pela ajuda e in\u00fameras amostras de apoio de todas as partes do planeta, vindas atrav\u00e9s de chefes de Estado e de Governo, organiza\u00e7\u00f5es pol\u00edticas, movimentos de solidariedade e amigos de Cuba.<\/p>\n<p>Falando de outro t\u00f3pico, aproveito a oportunidade para referir-me \u00e0 conclus\u00e3o bem-sucedida da primeira etapa do processo das elei\u00e7\u00f5es gerais, onde foram eleitos os delegados (vereadores) das assembleias municipais (governo) do Poder Popular, que foram constitu\u00eddas no \u00faltimo domingo 17 de dezembro.<\/p>\n<p>Mais uma vez, nosso povo foi em massa exercer seu direito de voto, chegando a uma participa\u00e7\u00e3o de 89,02% na primeira rodada, semelhante ao processo anterior.<\/p>\n<p>Ao mesmo tempo, a qualidade do voto foi maior, em compara\u00e7\u00e3o com as elei\u00e7\u00f5es realizadas em 2015, quando uma porcentagem maior de c\u00e9dulas v\u00e1lidas foi alcan\u00e7ada e, portanto, menores n\u00fameros de votos cancelados e em branco.<\/p>\n<p>Este processo caracterizou-se por ter tido maior prepara\u00e7\u00e3o, organiza\u00e7\u00e3o e coes\u00e3o do trabalho entre autoridades eleitorais em diferentes n\u00edveis, institui\u00e7\u00f5es estatais, organiza\u00e7\u00f5es de massa e sociais e cidad\u00e3os. Na verdade, foi uma demonstra\u00e7\u00e3o de apoio em massa e confian\u00e7a das pessoas na Revolu\u00e7\u00e3o e na democracia socialista, bem como um digno tributo ao seu l\u00edder hist\u00f3rico, e ser\u00e1 dessa mesma maneira na pr\u00f3xima etapa, que em breve ser\u00e1 convocada.<\/p>\n<p>Como j\u00e1 foi explicado, devido aos s\u00e9rios efeitos causados \u200b\u200bpelo furac\u00e3o Irma, no meio da fase de indica\u00e7\u00e3o direta dos candidatos a delegados, fomos obrigados a modificar as datas estabelecidas para as elei\u00e7\u00f5es dos delegados \u00e0s Assembleias Municipais do Poder Popular.<\/p>\n<p>Como resultado do exposto, hoje, de acordo com a Constitui\u00e7\u00e3o da Rep\u00fablica, esta Assembleia concordou em prorrogar o mandato dos delegados \u00e0s assembleias provinciais e dos deputados da Assembleia Nacional do Poder Popular, com a qual o estabelecimento do novo Parlamento n\u00e3o ser\u00e1 realizado no dia 24 de fevereiro, como de costume, mas no dia 19 de abril, coincidindo com o dia do triunfo em Playa Gir\u00f3n, que foi a primeira grande vit\u00f3ria do socialismo, j\u00e1 proclamada por Fidel.<\/p>\n<p>Nesta sess\u00e3o, prestaram contas acerca de sua gest\u00e3o a Procuradoria Geral da Rep\u00fablica e o Supremo Tribunal Popular, dois \u00f3rg\u00e3os que, devido \u00e0 sua import\u00e2ncia no fortalecimento da ordem institucional e da disciplina social, exigem o apoio e a aten\u00e7\u00e3o permanente no desempenho das miss\u00f5es confiadas, bem como respeitar as suas atribui\u00e7\u00f5es, independ\u00eancia e cumprimento estrito das decis\u00f5es que eles emitem. Ao mesmo tempo, os membros devem ser obrigados a se comportar de forma \u00e9tica e a manter um compromisso invari\u00e1vel com o povo e a Revolu\u00e7\u00e3o.<\/p>\n<p>Neste exerc\u00edcio, demonstrou-se o progresso que ambas as institui\u00e7\u00f5es demonstraram no cumprimento das fun\u00e7\u00f5es das que s\u00e3o respons\u00e1veis, nos termos da Constitui\u00e7\u00e3o.<\/p>\n<p>Desde a ter\u00e7a-feira passada, 19 de dezembro, os deputados receberam uma informa\u00e7\u00e3o ampla acerca da situa\u00e7\u00e3o econ\u00f4mica do pa\u00eds, o que me iliba de dar mais detalhes acerca dessa mat\u00e9ria.<\/p>\n<p>Quando proferi meu discurso, em dezembro do ano passado, perante esta Assembleia, avisei que, em 2017, persistiriam tens\u00f5es e desafios financeiros que poderiam at\u00e9 piorar, embora esper\u00e1ssemos retomar a tend\u00eancia ascendente no desempenho da economia nacional e alcan\u00e7ar um crescimento moderado do Produto Interno Bruto, em torno de 2%.<\/p>\n<p>Conforme explicado a eles durante esta sess\u00e3o, o PIB manteve seu sinal positivo com um crescimento de 1,6%, resultado que, apesar de n\u00e3o nos satisfazer, foi alcan\u00e7ado em um cen\u00e1rio agravado pelas restri\u00e7\u00f5es financeiras, disponibilidade insuficiente de combust\u00edveis, ao qual se adiciona o impacto n\u00e3o insignificante da seca aguda mantida durante tr\u00eas anos e os danos consider\u00e1veis \u200b\u200bcausados \u200b\u200bpelo furac\u00e3o Irma, assunto ao que j\u00e1 me referi.<\/p>\n<p>Tamb\u00e9m n\u00e3o podem ser ignorados os efeitos do bloqueio econ\u00f4mico, comercial e financeiro do governo dos Estados Unidos, que n\u00e3o s\u00f3 se mant\u00e9m em p\u00e9 h\u00e1 mais de 56 anos, mas tamb\u00e9m piorou sob a nova administra\u00e7\u00e3o.<\/p>\n<p>O aumento modesto da economia foi favorecido pela din\u00e2mica do turismo, uma \u00e1rea na qual ser\u00e1 imposto um novo recorde de visitantes internacionais: 4,7 milh\u00f5es; aumentos nos setores dos transportes, comunica\u00e7\u00f5es, agricultura e constru\u00e7\u00e3o, principalmente.<\/p>\n<p>Os principais programas de investimento ligados ao desenvolvimento de infraestruturas e \u00e0 expans\u00e3o das fontes de renda externa tiveram um comportamento aceit\u00e1vel.<\/p>\n<p>Em meio das tens\u00f5es financeiras, a vitalidade dos servi\u00e7os sociais oferecidos gratuitamente a todos os cubanos foi assegurada.<\/p>\n<p>Do mesmo modo, o equil\u00edbrio financeiro interno foi preservado, com maiores ofertas na rede de estabelecimentos de varejo, que embora ainda insuficientes, permitem melhorar a resposta \u00e0 crescente demanda da popula\u00e7\u00e3o.<\/p>\n<p>O Plano da Economia e o Or\u00e7amento do Estado para o ano de 2018, aprovado hoje por este Parlamento, estimam um crescimento do Produto Interno Bruto no entorno de 2%, o que pressup\u00f5e garantir o uso eficiente dos recursos financeiros e materiais dispon\u00edveis, aumentar as receitas de exporta\u00e7\u00e3o, o aumento da produ\u00e7\u00e3o dom\u00e9stica, em especial a alimenta\u00e7\u00e3o, sem abrir m\u00e3o dos programas de desenvolvimento que est\u00e3o em andamento, para gerar rendas e novas fontes de emprego.<\/p>\n<p>O pr\u00f3ximo ano tamb\u00e9m ser\u00e1 complicado para as finan\u00e7as externas da na\u00e7\u00e3o, no entanto, manteremos a firme inten\u00e7\u00e3o de continuar recuperando gradualmente a credibilidade internacional da nossa economia. Aproveito a oportunidade para reiterar aos credores a vontade de cumprir os compromissos assumidos nos diferentes processos de reordena\u00e7\u00e3o da d\u00edvida externa.<\/p>\n<p>Continuaremos os esfor\u00e7os para reduzir gradualmente a carteira de pagamentos que devemos aos nossos fornecedores, a quem agradecemos o apoio e a compreens\u00e3o das dificuldades transit\u00f3rias que enfrentamos.<\/p>\n<p>Devemos tamb\u00e9m consolidar a participa\u00e7\u00e3o ainda incipiente do investimento estrangeiro em nossa economia, uma tend\u00eancia que no decurso de 2017 apresentou resultados superiores, mas certamente ainda \u00e9 insuficiente.<\/p>\n<p>Hoje, os deputados, tal como fizemos ontem na Reuni\u00e3o Plen\u00e1ria do Comit\u00ea Central, avaliaram o estado de implementa\u00e7\u00e3o das Diretrizes para a Pol\u00edtica Econ\u00f4mica e Social do Partido e da Revolu\u00e7\u00e3o.<\/p>\n<p>No per\u00edodo em an\u00e1lise, concluiu o processo de prepara\u00e7\u00e3o das vers\u00f5es finais dos documentos program\u00e1ticos apresentados ao 7\u00ba Congresso do Partido e o comportamento da implementa\u00e7\u00e3o das pol\u00edticas aprovadas foi avaliado com um esp\u00edrito cr\u00edtico, baseado nas experi\u00eancias obtidas, a fim de corrigir os desvios e viola\u00e7\u00f5es detectadas.<\/p>\n<p>Trabalhou-se com intensidade na elabora\u00e7\u00e3o das normas legais que aperfei\u00e7oam as formas n\u00e3o estatais de gest\u00e3o, como o trabalho aut\u00f4nomo ou independente e a experi\u00eancia das cooperativas n\u00e3o agr\u00edcolas.<\/p>\n<p>N\u00e3o \u00e9 ocioso neste sentido, ratificar que n\u00e3o renunciamos \u00e0 implanta\u00e7\u00e3o e ao desenvolvimento de formas de gest\u00e3o n\u00e3o estatais em nossa economia. N\u00e3o vamos recuar nem paralisar, mas devemos assegurar o respeito pela Lei, refor\u00e7ar os resultados positivos e enfrentar firmemente as ilegalidades e a viola\u00e7\u00e3o da pol\u00edtica atual; por outras palavras, devemos garantir que as mudan\u00e7as nessa esfera sejam bem implementadas e resolver de forma resolutiva qualquer desvio que nos separe do caminho escolhido.<\/p>\n<p>Ao mesmo tempo, foram sendo cumpridas as medidas aprovadas para a transforma\u00e7\u00e3o e melhoria gradual do sistema empresarial estatal, que, como todos n\u00f3s sabemos, \u00e9 a principal forma de propriedade da economia nacional socialista.<\/p>\n<p>Nos \u00faltimos dias, foram publicadas as novas regras legais sobre o sistema empresarial cubano, o que representa outro passo no objetivo de separar as fun\u00e7\u00f5es do Estado das empresariais e aumentar a efici\u00eancia e organiza\u00e7\u00e3o, dando-lhes maior autonomia em sua gest\u00e3o.<\/p>\n<p>Atualmente, s\u00e3o realizadas a\u00e7\u00f5es de treinamento e divulga\u00e7\u00e3o para facilitar a implementa\u00e7\u00e3o das normas legais publicadas.<\/p>\n<p>Embora a elimina\u00e7\u00e3o da dualidade monet\u00e1ria e cambial, por si s\u00f3, n\u00e3o vai resolver magicamente todos os problemas acumulados na economia cubana, \u00e9 o processo mais decisivo para avan\u00e7ar na atualiza\u00e7\u00e3o do modelo econ\u00f4mico, por causa do impacto que ter\u00e1 em todas as esferas da vida econ\u00f4mica e social da na\u00e7\u00e3o. Sem resolver isso vai ser dif\u00edcil avan\u00e7ar corretamente.<\/p>\n<p>Neste per\u00edodo, o trabalho foi fortalecido e intensificado com maior abrang\u00eancia e alcance, de modo que sejamos capazes, ao mesmo tempo em que unificamos o sistema monet\u00e1rio, superar as distor\u00e7\u00f5es existentes em termos de subs\u00eddios, pre\u00e7os e taxas de atacado e varejo e, como \u00e9 l\u00f3gico, as pens\u00f5es e os sal\u00e1rios do setor estatal da economia.<\/p>\n<p>Ningu\u00e9m pode calcular, nem o mais s\u00e1bio dos s\u00e1bios que n\u00f3s temos, o alto custo que significou para o setor estatal a persist\u00eancia da dualidade monet\u00e1ria e cambial, o que favorece a pir\u00e2mide invertida injusta, onde quem tem maior responsabilidade recebe menor retribui\u00e7\u00e3o e nem todos os cidad\u00e3os s\u00e3o motivados a trabalhar legalmente, enquanto se desencoraja a promo\u00e7\u00e3o a posi\u00e7\u00f5es mais altas dos trabalhadores e l\u00edderes melhores e mais qualificados, alguns dos quais migram para o setor n\u00e3o estatal.<\/p>\n<p>Devo admitir que esse assunto nos levou muito tempo e n\u00e3o podemos atrasar sua solu\u00e7\u00e3o por mais tempo (Aplausos).<\/p>\n<p>Tal como em outras ocasi\u00f5es, parece-me oportuno agora fazer um breve exame de alguns dos principais temas da pol\u00edtica externa.<\/p>\n<p>Em 2017, testemunhamos uma deteriora\u00e7\u00e3o s\u00e9ria e irracional das rela\u00e7\u00f5es entre os Estados Unidos e Cuba. Nosso pa\u00eds n\u00e3o \u00e9 respons\u00e1vel por esse recuo, marcado pelo ressurgimento do bloqueio, pelo retorno da ret\u00f3rica agressiva e desrespeitosa e pela aplica\u00e7\u00e3o arbitr\u00e1ria de medidas injustificadas que afetam significativamente os v\u00ednculos entre os povos e as fam\u00edlias, bem como os direitos e liberdades de cubanos e americanos.<\/p>\n<p>As decis\u00f5es adotadas pelo governo dos Estados Unidos, nos \u00faltimos meses, n\u00e3o s\u00f3 interromperam o processo iniciado pela decis\u00e3o soberana de ambos os pa\u00edses para avan\u00e7ar para um novo tipo de relacionamento, pela primeira vez em sua hist\u00f3ria, com base no respeito e na conviv\u00eancia civilizados, mas foram abertos novos fronts de tens\u00e3o.<\/p>\n<p>Neste recuo, os Estados Unidos voltam novamente \u00e0 fabrica\u00e7\u00e3o artificial de pretextos que justificam o retorno \u00e0s pol\u00edticas fracassadas e universalmente rejeitadas.<\/p>\n<p>Reitero categoricamente que Cuba n\u00e3o teve qualquer responsabilidade nos incidentes que alegadamente afetaram a sa\u00fade de diplomatas credenciados ou outros visitantes estrangeiros.<\/p>\n<p>Isso \u00e9 confirmado pelos resultados das investiga\u00e7\u00f5es efetuadas pelas partes cubana e norte-americana, que at\u00e9 agora n\u00e3o encontraram a menor evid\u00eancia das causas e origem das afeta\u00e7\u00f5es de sa\u00fade descritas.<\/p>\n<p>N\u00e3o foi Cuba que estabeleceu novas proibi\u00e7\u00f5es aos muito j\u00e1 limitados la\u00e7os econ\u00f4micos, comerciais e financeiros entre os dois pa\u00edses, nem quem restringiu novamente o direito dos cidad\u00e3os dos EUA de visitar nosso pa\u00eds e os cubanos os Estados Unidos, nem foi a que prejudicou a opera\u00e7\u00e3o das embaixadas, com consequ\u00eancias negativas para as rela\u00e7\u00f5es migrat\u00f3rias, as trocas e as viagens entre os dois pa\u00edses.<\/p>\n<p>N\u00e3o devemos esquecer que a pol\u00edtica adotada pelo novo governo dos Estados Unidos \u00e9 tem a oposi\u00e7\u00e3o do povo norte-americano e da comunidade internacional, que foi claramente expressa em 1\u00ba de novembro passado, na Assembleia Geral das Na\u00e7\u00f5es Unidas ao depositar seu voto, quase por unanimidade, \u00e0 exce\u00e7\u00e3o dos Estados Unidos e de Israel, em favor da resolu\u00e7\u00e3o apresentada pelo nosso pa\u00eds sobre a necessidade de p\u00f4r fim ao bloqueio econ\u00f4mico, comercial e financeiro do governo dos Estados Unidos, que o povo cubano vem sofrendo h\u00e1 mais de 56 anos.<\/p>\n<p>Tamb\u00e9m n\u00e3o tem o apoio da maior parte da emigra\u00e7\u00e3o cubana, que tamb\u00e9m \u00e9 afetada por decis\u00f5es que apenas favorecem setores minorit\u00e1rios retr\u00f3grados, historicamente interessados \u200b\u200bem conduzir ambos os pa\u00edses para um confronto.<\/p>\n<p>Por nossa parte, fizemos esfor\u00e7os e continuaremos trabalhando para preservar, na medida do poss\u00edvel, os espa\u00e7os de interc\u00e2mbio e coopera\u00e7\u00e3o estabelecidos nos \u00faltimos anos e, como eu disse repetidamente, Cuba est\u00e1 disposta a continuar negociando quest\u00f5es bilaterais pendente com os Estados Unidos, com base na igualdade e no respeito pela soberania e a independ\u00eancia do nosso pa\u00eds e continuar o di\u00e1logo e coopera\u00e7\u00e3o respeit\u00e1veis \u200b\u200bem quest\u00f5es de interesse comum com o governo dos EUA.<\/p>\n<p>A Revolu\u00e7\u00e3o Cubana resistiu a ofensiva de 11 administra\u00e7\u00f5es dos EUA de diferentes tend\u00eancias pol\u00edticas e aqui estamos e estaremos, livres, soberanos e independentes (Aplausos).<\/p>\n<p>Nossa regi\u00e3o da Am\u00e9rica Latina e do Caribe sofre os ataques do imperialismo e das oligarquias, com o objetivo de fazer recuar a hist\u00f3ria e romper os avan\u00e7os alcan\u00e7ados pelas for\u00e7as populares, nos \u00faltimos anos.<\/p>\n<p>A Revolu\u00e7\u00e3o Bolivariana enfrenta a guerra n\u00e3o convencional que lhe \u00e9 imposta por seus inimigos externos e setores internos a favor do golpe de Estado.<\/p>\n<p>Os resultados dos processos eleitorais recentes ratificam a legitimidade e o car\u00e1ter democr\u00e1tico do governo liderado pelo presidente constitucional Nicol\u00e1s Maduro Moros e a uni\u00e3o c\u00edvico-militar.<\/p>\n<p>Rejeitamos as medidas de coer\u00e7\u00e3o unilaterais impostas pelos Estados Unidos, Canad\u00e1 e a Uni\u00e3o Europeia e a interfer\u00eancia externa contra o processo venezuelano bolivariano e ch\u00e1vista que amea\u00e7am a paz e o di\u00e1logo entre venezuelanos, com fins desestabilizadores e que geram dificuldades econ\u00f4micas para a popula\u00e7\u00e3o.<\/p>\n<p>Alguns governos do hemisf\u00e9rio, em cumplicidade com representantes da OEA desacreditada, est\u00e3o tentando esmagar a Venezuela. A Alian\u00e7a Bolivariana para os Povos da Nossa Am\u00e9rica reiterou, atrav\u00e9s da declara\u00e7\u00e3o do seu Conselho Pol\u00edtico, reuni\u00e3o em Havana nos \u00faltimos dias, que permaneceremos unidos junto a ela.<\/p>\n<p>Durante d\u00e9cadas, a Revolu\u00e7\u00e3o Cubana sofreu etapas semelhantes e ainda piores em algumas ocasi\u00f5es. Com essa experi\u00eancia e fi\u00e9is aos nossos princ\u00edpios, ratificamos a solidariedade invari\u00e1vel com a Rep\u00fablica Bolivariana da Venezuela.<\/p>\n<p>Vamos manter a coopera\u00e7\u00e3o com o governo venezuelano e com o povo, mesmo nas circunst\u00e2ncias mais adversas.<\/p>\n<p>Faremos tudo o que estiver ao nosso alcance para cumprir o dever revolucion\u00e1rio de contribuir para a vit\u00f3ria da Revolu\u00e7\u00e3o Bolivariana e chavista (Aplausos).<\/p>\n<p>Nunca perderemos a lealdade e a gratid\u00e3o que sentimos pelo presidente Hugo Ch\u00e1vez Fr\u00edas pelo seu apoio e solidariedade nos tempos dif\u00edceis.<\/p>\n<p>Tamb\u00e9m reiteramos o nosso apoio \u00e0 senadora Cristina Fern\u00e1ndez de Kirchner, que, como voc\u00eas sabem, foi presidenta da Argentina e ao ex-presidente Luiz In\u00e1cio Lula da Silva, agora assediado pela oligarquia com processos judiciais politicamente motivados.<\/p>\n<p>Nesse cen\u00e1rio cada vez mais complexo, os pa\u00edses da Am\u00e9rica Latina e do Caribe t\u00eam o dever de avan\u00e7ar rumo \u00e0 integra\u00e7\u00e3o pol\u00edtica, econ\u00f4mica e social da nossa Am\u00e9rica. Como eu indiquei em v\u00e1rios f\u00f3runs, trabalhar em prol da \u00abunidade dentro da diversidade\u00bb \u00e9 uma necessidade inadi\u00e1vel.<\/p>\n<p>Cuba n\u00e3o poupa esfor\u00e7os para que o Celac, como um mecanismo verdadeiramente latino-americano e caribenho, continue promovendo os interesses comuns da regi\u00e3o. A este respeito, os postulados da Proclama\u00e7\u00e3o da Am\u00e9rica Latina e do Caribe como Zona de Paz devem continuar sendo o ponto de refer\u00eancia nas rela\u00e7\u00f5es entre os pa\u00edses da Celac e o resto do mundo com nossos Estados.<\/p>\n<p>Conforme relatado, h\u00e1 alguns dias realizamos a 6\u00aa C\u00fapula Caricom-Cuba em Ant\u00edgua e Barbuda, que demonstrou n\u00e3o s\u00f3 o alto n\u00edvel de rela\u00e7\u00f5es entre as na\u00e7\u00f5es do Caribe e nosso pa\u00eds, mas tamb\u00e9m a import\u00e2ncia da coopera\u00e7\u00e3o m\u00fatua e da solidariedade que mantemos por d\u00e9cadas.<\/p>\n<p>Desejo reiterar o apoio cont\u00ednuo aos irm\u00e3os caribenhos, v\u00edtimas de devastadores fen\u00f4menos naturais, como os furac\u00f5es Irma e Mar\u00eda. Ao mesmo tempo, exigimos um tratamento justo e diferenciado para os Estados do Caribe, que hoje sofrem os efeitos dram\u00e1ticos das mudan\u00e7as clim\u00e1ticas e reafirmamos nossa convic\u00e7\u00e3o de que este fen\u00f4meno deve ser enfrentado de forma decisiva por todos.<\/p>\n<p>Na mesma medida em que suas consequ\u00eancias desastrosas se manifestam, a posi\u00e7\u00e3o do presidente dos Estados Unidos de se retirar do Acordo de Paris \u00e9 mais incoerente, em contraste com a atitude do resto da comunidade internacional, reunida em Fran\u00e7a, em 12 de dezembro, na C\u00fapula convocada pelo presidente Emmanuel Macron e as Na\u00e7\u00f5es Unidas.<\/p>\n<p>Considero necess\u00e1rio dedicar algumas palavras \u00e0 situa\u00e7\u00e3o na Palestina.<\/p>\n<p>Reafirmo a nossa profunda preocupa\u00e7\u00e3o e rejei\u00e7\u00e3o \u00e0 decis\u00e3o unilateral do governo dos Estados Unidos de reconhecer a cidade de Jerusal\u00e9m como a capital do Estado de Israel, o que constitui uma grave viola\u00e7\u00e3o das resolu\u00e7\u00f5es das Na\u00e7\u00f5es Unidas sobre o assunto e do Direito Internacional.<\/p>\n<p>Esta medida, amplamente repudiada pela comunidade internacional, agrava ainda mais as tens\u00f5es na \u00e1rea e afasta a possibilidade de qualquer esfor\u00e7o destinado a retomar as negocia\u00e7\u00f5es de paz entre israelenses e palestinos.<\/p>\n<p>Reafirmamos o apoio irrestrito \u00e0 busca de uma solu\u00e7\u00e3o abrangente, justa e duradoura para o conflito, com base na cria\u00e7\u00e3o de dois Estados, que assegure o exerc\u00edcio do direito inalien\u00e1vel do povo palestino \u00e0 autodetermina\u00e7\u00e3o e tenha um Estado independente dentro das fronteiras anteriores a 1967, com sua capital em Jerusal\u00e9m Oriental.<\/p>\n<p>Finalmente, reitero com toda a minha energia e convic\u00e7\u00e3o que nosso pa\u00eds continuar\u00e1 mantendo suas posi\u00e7\u00f5es de princ\u00edpio em todos os aspectos das rela\u00e7\u00f5es internacionais, em favor dos direitos dos povos, da paz, da justi\u00e7a e da solidariedade com as melhores causas de humanidade (aplausos).<\/p>\n<p>Finalmente, companheiras e companheiros, desejo ratificar o que j\u00e1 foi expresso por mim no 6\u00ba e 7\u00ba Congresso do Partido sobre a conveni\u00eancia de limitar o exerc\u00edcio dos principais cargos da na\u00e7\u00e3o a dois mandatos de cinco anos. Consequentemente, quando a Assembleia Nacional do Poder Popular for constitu\u00edda, em 19 de abril do pr\u00f3ximo ano, meu segundo e \u00faltimo mandato \u00e0 frente do Estado e do Governo ser\u00e1 conclu\u00eddo e Cuba ter\u00e1 um novo presidente.<\/p>\n<p>S\u00f3 me falta desejar a voc\u00eas e ao nosso povo os mais calorosos parab\u00e9ns por ocasi\u00e3o do ano novo, ano 60\u00ba da Revolu\u00e7\u00e3o.<\/p>\n<p>Muito obrigado (Ova\u00e7\u00e3o).<\/p>\n<p>http:\/\/pt.granma.cu\/cuba\/2017-12-22\/aqui-estamos-e-estaremos-livres-soberanos-e-independenteshttp:\/\/pt.granma.cu\/cuba\/2017-12-22\/aqui-estamos-e-estaremos-livres-soberanos-e-independentes<\/p>\n","protected":false},"excerpt":{"rendered":"<a class=\"moretag\" href=\"https:\/\/pcb.org.br\/portal2\/18044\"> <\/a>","protected":false},"author":1,"featured_media":0,"comment_status":"closed","ping_status":"closed","sticky":false,"template":"","format":"standard","meta":{"jetpack_post_was_ever_published":false,"_jetpack_newsletter_access":"","_jetpack_dont_email_post_to_subs":false,"_jetpack_newsletter_tier_id":0,"_jetpack_memberships_contains_paywalled_content":false,"_jetpack_memberships_contains_paid_content":false,"footnotes":"","jetpack_publicize_message":"","jetpack_publicize_feature_enabled":true,"jetpack_social_post_already_shared":true,"jetpack_social_options":{"image_generator_settings":{"template":"highway","default_image_id":0,"font":"","enabled":false},"version":2}},"categories":[48],"tags":[227],"class_list":["post-18044","post","type-post","status-publish","format-standard","hentry","category-c58-cuba","tag-5a"],"jetpack_publicize_connections":[],"jetpack_featured_media_url":"","jetpack_shortlink":"https:\/\/wp.me\/p659gw-4H2","jetpack-related-posts":[],"jetpack_likes_enabled":true,"jetpack_sharing_enabled":true,"_links":{"self":[{"href":"https:\/\/pcb.org.br\/portal2\/wp-json\/wp\/v2\/posts\/18044","targetHints":{"allow":["GET"]}}],"collection":[{"href":"https:\/\/pcb.org.br\/portal2\/wp-json\/wp\/v2\/posts"}],"about":[{"href":"https:\/\/pcb.org.br\/portal2\/wp-json\/wp\/v2\/types\/post"}],"author":[{"embeddable":true,"href":"https:\/\/pcb.org.br\/portal2\/wp-json\/wp\/v2\/users\/1"}],"replies":[{"embeddable":true,"href":"https:\/\/pcb.org.br\/portal2\/wp-json\/wp\/v2\/comments?post=18044"}],"version-history":[{"count":0,"href":"https:\/\/pcb.org.br\/portal2\/wp-json\/wp\/v2\/posts\/18044\/revisions"}],"wp:attachment":[{"href":"https:\/\/pcb.org.br\/portal2\/wp-json\/wp\/v2\/media?parent=18044"}],"wp:term":[{"taxonomy":"category","embeddable":true,"href":"https:\/\/pcb.org.br\/portal2\/wp-json\/wp\/v2\/categories?post=18044"},{"taxonomy":"post_tag","embeddable":true,"href":"https:\/\/pcb.org.br\/portal2\/wp-json\/wp\/v2\/tags?post=18044"}],"curies":[{"name":"wp","href":"https:\/\/api.w.org\/{rel}","templated":true}]}}