{"id":1805,"date":"2011-08-26T23:07:12","date_gmt":"2011-08-26T23:07:12","guid":{"rendered":"http:\/\/pcb.org.br\/portal2\/?p=1805"},"modified":"2011-08-26T23:07:12","modified_gmt":"2011-08-26T23:07:12","slug":"apoio-as-populacoes-do-territorio-indigena-e-parque-nacional-isiboro-secure-tipnis-bolivia","status":"publish","type":"post","link":"https:\/\/pcb.org.br\/portal2\/1805","title":{"rendered":"APOIO AS POPULA\u00c7\u00d5ES DO TERRIT\u00d3RIO IND\u00cdGENA e PARQUE NACIONAL ISIBORO S\u00c9CURE \u2013 TIPNIS, BOL\u00cdVIA"},"content":{"rendered":"\n<p>Prezado Sr. Luciano Coutinho, Presidente do BNDES<\/p>\n<p>As organiza\u00e7\u00f5es, redes e movimentos sociais que assinam a presente carta exigem a imediata suspens\u00e3o do financiamento ao projeto de constru\u00e7\u00e3o de uma estrada de 306 km que pretende ligar as localidades de\u00a0Villa Tunari e San Ignacio de Moxos, na Bol\u00edvia. Entendemos que este financiamento, concedido no \u00e2mbito do contrato de coopera\u00e7\u00e3o financeira\u00a0celebrado entre o BNDES e o governo da Bol\u00edvia, viola\u00a0in\u00fameros direitos dos bolivianos e compromete a conviv\u00eancia harmoniosa entre os povos do Brasil e da Bol\u00edvia.<\/p>\n<p>Manifestamos total apoio e solidariedade\u00a0\u00e0s popula\u00e7\u00f5es do Territ\u00f3rio Ind\u00edgena e Parque Nacional Isiboro S\u00e9cure \u2013 TIPNIS, que em 15 de agosto iniciaram uma marcha em dire\u00e7\u00e3o \u00e0 capital boliviana, La Paz, em defesa de seu territ\u00f3rio, da vida, da dignidade e dos direitos dos povos ind\u00edgenas. Os ind\u00edgenas bolivianos demandam a imediata paraliza\u00e7\u00e3o das obras no TIPNIS j\u00e1 que isso viola a Constitui\u00e7\u00e3o Pol\u00edtica do Estado Boliviano, a Lei Boliviana de Meio Ambiente e a Regulamenta\u00e7\u00e3o de \u00c1reas Protegidas, bem como conven\u00e7\u00f5es internacionais como a 169 da OIT.<\/p>\n<p>A luta dos ind\u00edgenas bolivianos \u00e9 a mesma das popula\u00e7\u00f5es que, no Brasil, se op\u00f5em \u00e0s represas sendo constru\u00eddas no Rio Madeira, em Rond\u00f4nia, e contra Belo Monte, no Par\u00e1, contra um modelo de desenvolvimento que amea\u00e7a a vida. Portanto, insistimos que o BNDES suspenda imediatamente o financiamento a este projeto na regi\u00e3o do TIPNIS.<\/p>\n<p>Ao mesmo tempo, queremos saber quais s\u00e3o os crit\u00e9rios sociais e ambientais que o Banco aplica sobre esses empr\u00e9stimos e se eles s\u00e3o de igual rigor aos aplicados aos projetos no Brasil; repetimos mais uma vez a urg\u00eancia da ado\u00e7\u00e3o, pelo Banco, de uma pol\u00edtica de informa\u00e7\u00f5es p\u00fablicas que facilite o acesso das popula\u00e7\u00f5es atingidas aos dados relativos aos projetos; e tamb\u00e9m repetimos que o Banco, assim agindo, incorre na possibilidade de ser acionado judicialmente por parte dos atingidos.<\/p>\n<p>O BNDES \u00e9 um banco p\u00fablico e seus recursos pertencem aos brasileiros e brasileiras,<strong> por isso sua utiliza\u00e7\u00e3o deve ser sempre balizada por crit\u00e9rios democr\u00e1ticos e equitativos<\/strong>.\u00a0Desse modo, afirmamos que o BNDES,\u00a0<strong>ao tornar-se (co)respons\u00e1vel por tais viola\u00e7\u00f5es, entra em rota de colis\u00e3o com seus pr\u00f3prios princ\u00edpios constitutivos.<\/strong><\/p>\n<p>Atenciosamente,<\/p>\n<p>Centro de Estudos e Pesquisas para o Desenvolvimento do Extremo Sul da Bahia (CEPEDES)<\/p>\n<p>CIMI Amaz\u00f4nia Ocidental<\/p>\n<p>Comit\u00ea Metropolitano do MovimentoXingu Vivo para Sempre<\/p>\n<p>Conselho Indigenista Mission\u00e1rio \u2013 CIMI<\/p>\n<p>Esplar-Centro de Pesquisa e Assessoria<\/p>\n<p>FASE<\/p>\n<p>FASE Programa Amaz\u00f4nia<\/p>\n<p>F\u00f3rum da Amaz\u00f4nia Oriental (FAOR)<\/p>\n<p>Forum Matogrossense de Meio Ambiente e Desenvolvimento &#8211; Formad<\/p>\n<p>F\u00f3rum Social Pan-amaz\u00f4nico (FSPA)<\/p>\n<p>Instituto Amaz\u00f4nia Solid\u00e1ria e Sustent\u00e1vel (IAMAS)<\/p>\n<p>Instituto Brasileiro de An\u00e1lises Sociais e Econ\u00f4micas (Ibase)<\/p>\n<p>Instituto de Estudos Socioeconomicos (INESC)<\/p>\n<p>Instituto Madeira Vivo \u2013 IMV<\/p>\n<p>Instituto Mais Democracia<\/p>\n<p>Instituto Pol\u00edticas Alternativas para o Cone Sul (PACS)<\/p>\n<p>Instituto Universidade Popular (UNIPOP)<\/p>\n<p>Justi\u00e7a Global<\/p>\n<p>Movimento de Mulheres Trabalhadoras de Altamira<\/p>\n<p>N\u00facleo Amigos da Terra Brasil<\/p>\n<p>Plataforma BNDES<\/p>\n<p>Rede Alerta contra o Deserto Verde<\/p>\n<p>Rede Brasil sobre Institui\u00e7\u00f5es Financeiras Multilaterais<\/p>\n<p>Rede Brasileira de Justi\u00e7a Ambiental (RBJA)<\/p>\n<p>Rede de Entidades em Defesa da Vida de Porto Velho<\/p>\n<p>Rede Jubileu Sul Brasil<\/p>\n<p>Rep\u00f3rter Brasil<\/p>\n<p><strong>Internacionais:<\/strong><\/p>\n<p>Amazon Watch<\/p>\n<p>Foro Boliviano sobre Medio Ambiente y Desarrollo (FOBOMADE)<\/p>\n<p>Movimiento Ciudadano frente al Cambio Clim\u00e1tico &#8211; MOCICC,\u00a0Per\u00fa<\/p>\n<p>Red Latinoamericana sobre Deuda, Desarrollo y Derechos &#8211;\u00a0Latindadd<\/p>\n<p>Rede Jubileu Sul Global<\/p>\n","protected":false},"excerpt":{"rendered":"\n\n\nCr\u00e9dito: alter-latina.com\n\n\n\n\n\n\n\n\nRio de Janeiro, 25 de Agosto de 2011.\n<a class=\"moretag\" href=\"https:\/\/pcb.org.br\/portal2\/1805\"> <\/a>","protected":false},"author":1,"featured_media":0,"comment_status":"open","ping_status":"open","sticky":false,"template":"","format":"standard","meta":{"jetpack_post_was_ever_published":false,"_jetpack_newsletter_access":"","_jetpack_dont_email_post_to_subs":false,"_jetpack_newsletter_tier_id":0,"_jetpack_memberships_contains_paywalled_content":false,"_jetpack_memberships_contains_paid_content":false,"footnotes":"","jetpack_publicize_message":"","jetpack_publicize_feature_enabled":true,"jetpack_social_post_already_shared":false,"jetpack_social_options":{"image_generator_settings":{"template":"highway","default_image_id":0,"font":"","enabled":false},"version":2}},"categories":[44],"tags":[],"class_list":["post-1805","post","type-post","status-publish","format-standard","hentry","category-c55-bolivia"],"jetpack_publicize_connections":[],"jetpack_featured_media_url":"","jetpack_shortlink":"https:\/\/wp.me\/p659gw-t7","jetpack-related-posts":[],"jetpack_likes_enabled":true,"jetpack_sharing_enabled":true,"_links":{"self":[{"href":"https:\/\/pcb.org.br\/portal2\/wp-json\/wp\/v2\/posts\/1805","targetHints":{"allow":["GET"]}}],"collection":[{"href":"https:\/\/pcb.org.br\/portal2\/wp-json\/wp\/v2\/posts"}],"about":[{"href":"https:\/\/pcb.org.br\/portal2\/wp-json\/wp\/v2\/types\/post"}],"author":[{"embeddable":true,"href":"https:\/\/pcb.org.br\/portal2\/wp-json\/wp\/v2\/users\/1"}],"replies":[{"embeddable":true,"href":"https:\/\/pcb.org.br\/portal2\/wp-json\/wp\/v2\/comments?post=1805"}],"version-history":[{"count":0,"href":"https:\/\/pcb.org.br\/portal2\/wp-json\/wp\/v2\/posts\/1805\/revisions"}],"wp:attachment":[{"href":"https:\/\/pcb.org.br\/portal2\/wp-json\/wp\/v2\/media?parent=1805"}],"wp:term":[{"taxonomy":"category","embeddable":true,"href":"https:\/\/pcb.org.br\/portal2\/wp-json\/wp\/v2\/categories?post=1805"},{"taxonomy":"post_tag","embeddable":true,"href":"https:\/\/pcb.org.br\/portal2\/wp-json\/wp\/v2\/tags?post=1805"}],"curies":[{"name":"wp","href":"https:\/\/api.w.org\/{rel}","templated":true}]}}