{"id":1809,"date":"2011-08-27T23:31:28","date_gmt":"2011-08-27T23:31:28","guid":{"rendered":"http:\/\/pcb.org.br\/portal2\/?p=1809"},"modified":"2011-08-27T23:31:28","modified_gmt":"2011-08-27T23:31:28","slug":"ocupacao-da-reitoria-da-uem","status":"publish","type":"post","link":"https:\/\/pcb.org.br\/portal2\/1809","title":{"rendered":"Ocupa\u00e7\u00e3o da Reitoria da UEM"},"content":{"rendered":"\n<p>Desde o inicio do ano a Universidade Estadual de Maring\u00e1 enfrenta s\u00e9rias necessidades devidas a cortes no or\u00e7amento na ordem de 38%, oriundas do governo neoliberal de Beto Richa, para ajudar na situa\u00e7\u00e3o, a institui\u00e7\u00e3o sofreu tamb\u00e9m efeitos do corte do or\u00e7amento federal de 50 bilh\u00f5es de reais anunciado no inicio do ano.<\/p>\n<p>Diante de tais medidas, o diret\u00f3rio central dos estudantes, gest\u00e3o movimente-se (composta por v\u00e1rios membros da Uni\u00e3o da Juventude Comunista), criou uma pauta de lutas para coibir o poss\u00edvel sucateamento da Universidade, a primeira dessas pautas referente \u00e0s p\u00e9ssimas condi\u00e7\u00f5es de trabalho no Restaurante Universit\u00e1rio. As filas s\u00f3 aumentam, enquanto a contrata\u00e7\u00e3o de funcion\u00e1rios n\u00e3o ocorre para acompanhar o aumento da demanda. S\u00f3 neste ano foram criados 14 cursos, sem que houvesse investimento em infraestrutura para comportar os estudantes ingressos nesses cursos.<\/p>\n<p>Outro grave problema da Universidade, s\u00e3o os campus de extens\u00e3o, eles s\u00e3o deixados de lado pela reitoria em detrimento do campus sede, separando os estudantes que poderiam ser mais unidos. Se o R.U da sede j\u00e1 possui condi\u00e7\u00f5es prec\u00e1rias o que dizer das extens\u00f5es onde nem R.U existe.<\/p>\n<p>Nossa Universidade sofre tamb\u00e9m da falta de assist\u00eancia estudantil para os estudantes com mais necessidade. N\u00e3o contamos nem com moradia estudantil, muito menos com bolsas que permitam a perman\u00eancia desses estudantes no curso. As poucas bolas que existem servem para compensar a falta de funcion\u00e1rios, fazendo com que ele perca horas fundamentais de seus dias em atividades que pouco educam. Fora isso h\u00e1 as bolsas do R.U na qual o estudante trabalha para receber alimenta\u00e7\u00e3o (um regime que lembra muito o an\u00e1logo \u00e0 escravid\u00e3o).<\/p>\n<p>Os cortes no or\u00e7amento trabalharam para piorar ainda mais as condi\u00e7\u00f5es dos estudantes da UEM, faltam professores, funcion\u00e1rios, estrutura, livros, materiais, para ajudar as poucas a\u00e7\u00f5es da reitoria visando debelar os efeitos dos cortes or\u00e7ament\u00e1rios contribuem para aumentar os embates entre professores de gradua\u00e7\u00e3o e p\u00f3s gradua\u00e7\u00e3o.<\/p>\n<p>Diante de tantas pautas de reinvindica\u00e7\u00f5es, n\u00f3s estudantes organizamos em mar\u00e7o um \u201cpula catraca\u201d em apoio aos funcion\u00e1rios do restaurante. A reitoria tomou medidas diversas daquelas exigidas por n\u00f3s com o ato, n\u00e3o instituiu uma op\u00e7\u00e3o vegetariana ao card\u00e1pio, tampouco os funcion\u00e1rios que precisava para diminuir as imensas filas que se formam todos os dias. A \u00faltima da reitoria foi um ataque direto \u00e0 forma de financiamento do movimento estudantil, tentando acabar com a renda de centros acad\u00eamicos e do DCE.<\/p>\n<p>Diante disso, organizamos um ato no dia 11 de agosto, na frente da reitoria, no qual entregamos uma carta ao reitor, dando um prazo de 15 dias para atender nossos pedidos. Com o fim do prazo, os estudantes do campus sede mais as extens\u00f5es organizaram um ato que contou com mais de 600 estudantes, e seguimos para frente da reitoria, uma vez l\u00e1 o reitor entregou respostas que pouco solucionava nossas necessidades (colocou a op\u00e7\u00e3o vegetariana para apenas dois dias por semana). Ap\u00f3s isso, realizamos uma assembleia geral dos estudantes na qual decidimos por ocupar a reitoria.<\/p>\n<p>Procuramos com estar carta expor nossas necessidades assim como apoio pol\u00edtico de voc\u00eas para continuarmos na nossa luta, e na nossa ocupa\u00e7\u00e3o, j\u00e1 que paira sobre n\u00f3s a possibilidade de uma reintegra\u00e7\u00e3o de posse pela reitoria, na qual muito provavelmente ser\u00e1 usada for\u00e7a excessiva da tropa de elite da pol\u00edcia militar.<\/p>\n<p>Fonte:\u00a0<a href=\"http:\/\/www.ujccuritiba.info\/2011\/08\/ocupacao-da-reitoria-da-uem.html\" target=\"_blank\">Uni\u00e3o da Juventude Comunista &#8211; Curitiba<\/a><\/p>\n<p>\u00a0<\/p>\n<hr \/>\n<table style=\"cursor: default; border: 1px dashed #bbbbbb;\" border=\"0\" width=\"200\" align=\"left\">\n<tbody>\n<tr>\n<td style=\"color: #000000; font-family: Verdana, Arial, Helvetica, sans-serif; font-size: 10px; cursor: text; padding: 1px; margin: 0px; border: 1px dashed #bbbbbb;\" width=\"170\" bgcolor=\"#f1f1f1\"><img data-recalc-dims=\"1\" decoding=\"async\" src=\"https:\/\/i0.wp.com\/2.bp.blogspot.com\/-2wsWPZtRYd4\/TlkS_KUG73I\/AAAAAAAABPk\/_shZgd8iXws\/s1600\/Celso.jpg?w=170\" border=\"0\" alt=\"imagem\"  align=\"left\" \/><em>Cr\u00e9dito:\u00a0<a href=\"http:\/\/www.ujccuritiba.info\/\" target=\"_blank\">UJC PR<\/a><\/em><\/td>\n<td style=\"color: #000000; font-family: Verdana, Arial, Helvetica, sans-serif; font-size: 10px; cursor: text; padding: 1px; margin: 0px; border: 1px dashed #bbbbbb;\"><\/td>\n<\/tr>\n<tr>\n<td style=\"color: #000000; font-family: Verdana, Arial, Helvetica, sans-serif; font-size: 10px; cursor: text; padding: 1px; margin: 0px; border: 1px dashed #bbbbbb;\"><\/td>\n<td style=\"color: #000000; font-family: Verdana, Arial, Helvetica, sans-serif; font-size: 10px; cursor: text; padding: 1px; margin: 0px; border: 1px dashed #bbbbbb;\"><\/td>\n<\/tr>\n<\/tbody>\n<\/table>\n<p><strong>OCUPA\u00c7\u00c3O DA REITORIA DA UNIVERSIDADE ESTADUAL DE MARING\u00c1<\/strong><\/p>\n<p style=\"justify\">A UJC de Maring\u00e1-PR \u00e9 integrante da chapa <a href=\"http:\/\/movimenteseuem.blogspot.com\/\" target=\"_blank\">MOVIMENTE-SE UEM<\/a> que ganhou em 2010 o DCE. A chapa \u00e9 composta por 7 militantes da UJC; por um grupo da ANEL; pelo COLETIVO DESCENTRALIZE; por militantes do PSOL (BARRICADAS) e independentes. Retirou do DCE o grupo BONDE DO AMOR, ditos apol\u00edticos, mas dirigido pela UJS\/PCdoB que durante duas gest\u00f5es desestimulou o movimento estudantil na Universidade e aceitou passivamente as pol\u00edticas privatizantes da reitoria e do Governo do Estado do Paran\u00e1.<\/p>\n<p>Em menos de uma gest\u00e3o a UJC\/Maring\u00e1 articulou por meio do DCE importantes avan\u00e7os para o Movimento Estudantil: estimularam a discuss\u00e3o sobre o SENUP e principalmente foi lideran\u00e7a na ocupa\u00e7\u00e3o da Reitoria neste dia 25 de agosto. A imprensa burguesa maringaense reduziu os motivos da ocupa\u00e7\u00e3o a uma pauta vinculada a quest\u00e3o do restaurante Universit\u00e1rio (RU) todavia, a UJC-Maring\u00e1 esclarece e mostra que a luta \u00e9 contra a administra\u00e7\u00e3o neoliberal que o Governo do Estado do Paran\u00e1 faz. Isso inclui o Ensino Superior. Um chamado \u00e0 luta contra o corte de verbas para a educa\u00e7\u00e3o!<\/p>\n<p>A UJC-Maring\u00e1 denuncia que o governo Dilma iniciou seu mandato cortando 3,1 bilh\u00e3o da educa\u00e7\u00e3o. No estado do Paran\u00e1 n\u00e3o foi diferente, Pessuti, ent\u00e3o governador no final do ano passado anunciou um corte de 38% das verbas para as universidades p\u00fablicas. Beto Richa assumiu e al\u00e9m de manter o corte realizado pelo seu antecessor, ainda cortou 15% de todas as secretarias (inclusive das Secretarias de Educa\u00e7\u00e3o e Ci\u00eancia e Tecnologia).<\/p>\n<p>A UJC-Maring\u00e1 mostra que esses cortes repercutem no cotidiano dos estudantes por diversos \u00e2mbitos: \u201cNossos problemas v\u00e3o desde o livro que n\u00e3o temos em nossa biblioteca at\u00e9 falta de professores e funcion\u00e1rios. Os alunos dos novos cursos criados sofrem com a falta de professores e dos materiais necess\u00e1rios para sua aprendizagem.\u201d Afirma Celso Monteiro, militante da UJC e dirigente do DCE-UEM.<\/p>\n<p>Segundo o militante: \u201cO RU n\u00e3o recebe nenhuma aquisi\u00e7\u00e3o desde 2005. Mesmo com os 14 novos cursos criados, nenhuma melhoria foi concretizada. No primeiro semestre de 2011, os funcion\u00e1rios do RU tiveram parte de suas horas extras cortadas. Por isso, os trabalhadores do RU receberam o solid\u00e1rio apoio dos Estudantes e do DCE.\u201d Sobretudo porque a reitoria cortou mais as horas extras, sob o risco dos t\u00e9cnicos perderem os 5 dias de abonos anuais e os 15 dias de f\u00e9rias remuneradas que possuem. \u00a0Conquistas tais, obtidas com muita luta da categoria. A justificativa da reitoria foi que o corte se fez necess\u00e1rio, pois haveria uma auditoria na UEM relacionada, entre outras coisas, \u00e0 quest\u00e3o do excesso de horas extras. O militante da UJC Leandro Modolo, tamb\u00e9m integrante do DCE argumenta que h\u00e1 excesso de horas extras, obviamente, pelo fato de haver falta de funcion\u00e1rios para o desenvolvimento dos trabalhos na universidade. Segundo Leandro, se h\u00e1 ainda alguma qualidade, ela existe pelo empenho sobre-humano dos trabalhadores. O militante da UJC-Maring\u00e1 informa a reitoria atinge tamb\u00e9m os docentes na tentativa de aumentar a carga hor\u00e1ria para 44h semanais, ao inv\u00e9s de contratar novos e a proposta j\u00e1 est\u00e1 no CAD.<\/p>\n<p>Jo\u00e3o Vicente, tamb\u00e9m militante da UJC e integrante do DCE, exp\u00f5e outro item na pauta de reivindica\u00e7\u00f5es. Conforme o militante no dia 11 desse m\u00eas, o DCE, juntos com os centros acad\u00eamicos, realizaram um ato em frente \u00e0 reitoria exigindo reivindica\u00e7\u00f5es b\u00e1sicas a respeito do RU ao Reitor. \u00a0Com uma postura intransigente, Julio Santiago n\u00e3o se mostrou muito disposto a atender as reivindica\u00e7\u00f5es. Dessa forma, um prazo de 15 dias foi dado para que a reitoria providenciasse as melhorias. O prazo vence dia 25 e um novo ato foi realizado para ouvir o reitor e tirar novos encaminhamentos do movimento. O militante da UJC Jo\u00e3o Vicente afirma que o problema do RU \u00e9 o mesmo da falta de professores, da sobrecarga de trabalho e das amea\u00e7as \u00e0s conquistas e direitos de funcion\u00e1rios e professores: FALTA DE VERBA.<\/p>\n<p>A UJC-Maring\u00e1 explica a imprensa burguesa maringaense simplificou a ocupa\u00e7\u00e3o e tentou ridiculariza-la ao noticiar que seria apenas um problema de card\u00e1pio, portanto os militantes veem a p\u00fablico pautar suas reivindica\u00e7\u00f5es. Eles lutam por:<\/p>\n<p>1 Contra o corte de verbas para a educa\u00e7\u00e3o;<\/p>\n<p>2 Por melhorias no Restaurante Universit\u00e1rio, com card\u00e1pio vegetariano;<\/p>\n<p>3 Pela imediata contrata\u00e7\u00e3o de 4 funcion\u00e1rios ao RU e pela realiza\u00e7\u00e3o de concurso p\u00fablico para funcion\u00e1rios e professores;<\/p>\n<p>4 Contra o corte de horas extras;<\/p>\n<p>5 Contra o corte dos 15 dias de f\u00e9rias dos funcion\u00e1rios e contra o corte dos abonos.<\/p>\n<p> <object width=\"480\" height=\"385\"><param name=\"movie\" value=\"http:\/\/www.youtube.com\/v\/IfR5PBxMb-w\" \/><param name=\"allowFullScreen\" value=\"true\" \/><param name=\"allowscriptaccess\" value=\"always\" \/><\/object> <\/p>\n","protected":false},"excerpt":{"rendered":"\n\n\nCr\u00e9dito: UJC PR\n\n\n\n\n\n\n\n\nMo\u00e7\u00e3o de apoio &#8211; UJC\n<a class=\"moretag\" href=\"https:\/\/pcb.org.br\/portal2\/1809\"> <\/a>","protected":false},"author":1,"featured_media":0,"comment_status":"open","ping_status":"open","sticky":false,"template":"","format":"standard","meta":{"jetpack_post_was_ever_published":false,"_jetpack_newsletter_access":"","_jetpack_dont_email_post_to_subs":false,"_jetpack_newsletter_tier_id":0,"_jetpack_memberships_contains_paywalled_content":false,"_jetpack_memberships_contains_paid_content":false,"footnotes":"","jetpack_publicize_message":"","jetpack_publicize_feature_enabled":true,"jetpack_social_post_already_shared":false,"jetpack_social_options":{"image_generator_settings":{"template":"highway","default_image_id":0,"font":"","enabled":false},"version":2}},"categories":[27],"tags":[],"class_list":["post-1809","post","type-post","status-publish","format-standard","hentry","category-c27-ujc"],"jetpack_publicize_connections":[],"jetpack_featured_media_url":"","jetpack_shortlink":"https:\/\/wp.me\/p659gw-tb","jetpack-related-posts":[],"jetpack_likes_enabled":true,"jetpack_sharing_enabled":true,"_links":{"self":[{"href":"https:\/\/pcb.org.br\/portal2\/wp-json\/wp\/v2\/posts\/1809","targetHints":{"allow":["GET"]}}],"collection":[{"href":"https:\/\/pcb.org.br\/portal2\/wp-json\/wp\/v2\/posts"}],"about":[{"href":"https:\/\/pcb.org.br\/portal2\/wp-json\/wp\/v2\/types\/post"}],"author":[{"embeddable":true,"href":"https:\/\/pcb.org.br\/portal2\/wp-json\/wp\/v2\/users\/1"}],"replies":[{"embeddable":true,"href":"https:\/\/pcb.org.br\/portal2\/wp-json\/wp\/v2\/comments?post=1809"}],"version-history":[{"count":0,"href":"https:\/\/pcb.org.br\/portal2\/wp-json\/wp\/v2\/posts\/1809\/revisions"}],"wp:attachment":[{"href":"https:\/\/pcb.org.br\/portal2\/wp-json\/wp\/v2\/media?parent=1809"}],"wp:term":[{"taxonomy":"category","embeddable":true,"href":"https:\/\/pcb.org.br\/portal2\/wp-json\/wp\/v2\/categories?post=1809"},{"taxonomy":"post_tag","embeddable":true,"href":"https:\/\/pcb.org.br\/portal2\/wp-json\/wp\/v2\/tags?post=1809"}],"curies":[{"name":"wp","href":"https:\/\/api.w.org\/{rel}","templated":true}]}}