{"id":18095,"date":"2017-12-27T20:55:35","date_gmt":"2017-12-27T23:55:35","guid":{"rendered":"https:\/\/pcb.org.br\/portal2\/?p=18095"},"modified":"2017-12-27T20:55:35","modified_gmt":"2017-12-27T23:55:35","slug":"argentina-o-estado-assassina-uma-pessoa-por-dia","status":"publish","type":"post","link":"https:\/\/pcb.org.br\/portal2\/18095","title":{"rendered":"Argentina: o Estado assassina uma pessoa por dia"},"content":{"rendered":"<p><img decoding=\"async\" class=\"imagem\" title=\"Argentina: o Estado assassina uma pessoa por dia\" src=\"https:\/\/i0.wp.com\/www.resumenlatinoamericano.org\/wp-content\/uploads\/2017\/12\/1ad27db0-5b16-488e-8f71-7015818ebdba.jpg\" alt=\"Argentina: o Estado assassina uma pessoa por dia\" \/><!--more--><strong>725 mortos pela repress\u00e3o no governo de Macri<\/strong><\/p>\n<p><a href=\"http:\/\/www.resumenlatinoamericano.org\/2017\/12\/24\/argentina-informe-anual-de-correpi-el-estado-asesina-a-una-persona-por-di\/\" target=\"_blank\" rel=\"noopener\">Resumen Latino-americano <\/a><\/p>\n<p>A Coordenadoria contra a Repress\u00e3o Policial e Institucional (CORREPI) apresentou o seu relat\u00f3rio contra a repress\u00e3o e revelou que j\u00e1 houve 725 mortes em 721 dias da mudan\u00e7a do Governo, e descreveu esta fase como uma das mais repressivas na hist\u00f3ria da Argentina.<br \/>\nPela primeira vez, a Argentina supera a marca de mortes di\u00e1rias por tiros ou torturas, informa Correpi.<\/p>\n<p>Esse \u00e9 o registro alcan\u00e7ado pelo governo de Macri. No dia 22 de dezembro, na Plaza de Mayo, a Coordenadoria Contra a Repress\u00e3o Policial e Institucional apresentou um novo relat\u00f3rio sobre a repress\u00e3o na Argentina.<\/p>\n<p>Desde 1996, a Coordenadoria Contra a Repress\u00e3o Policial e Institucional (Correpi) recolhe informa\u00e7\u00f5es sobre v\u00edtimas das a\u00e7\u00f5es em supostos autos de resist\u00eancia, mortes em pris\u00f5es e postos de pol\u00edcia, al\u00e9m dos processos judiciais para casos de viol\u00eancia institucional.<\/p>\n<p>Do palanque localizado em frente \u00e0 Pir\u00e2mide de Maio, foram lidas partes dos dados coletados neste ano sobre os m\u00faltiplos casos de viol\u00eancia institucional registrados.<\/p>\n<p>Nos \u00faltimos dois anos, 721 dias do governo de Cambiemos, Correpi registrou que 725 pessoas foram mortas pelo aparelho repressivo em suas diferentes modalidades. Ou seja, em menos de 24 horas, uma pessoa morre por causa da viol\u00eancia institucional.<\/p>\n<p>Sobre a repress\u00e3o estatal, enquanto em 2015 (o \u00faltimo ano do governo de Cristina Fern\u00e1ndez de Kirchner) havia 300 casos, em 2016 o registro tr\u00e1gico de 441 foi atingido e este ano se encerra com 258 pessoas assassinadas.<\/p>\n<p>Se durante o governo do Kirchner a cada 28 horas uma pessoa foi assassinada, no governo de Macri o n\u00famero de horas foi reduzido para menos de 24. Isso significa que com Macri o Estado assassina pelo menos uma pessoa por dia.<\/p>\n<p>Entre os dados parciais sobre a repress\u00e3o estatal divulgados na apresenta\u00e7\u00e3o na Plaza de Mayo, pode-se dizer que, em termos de &#8220;compet\u00eancia&#8221; entre as for\u00e7as de seguran\u00e7a e as penitenci\u00e1rias, \u00e9 o Servi\u00e7o Prisional que fica com o &#8220;trof\u00e9u&#8221;.<\/p>\n<p>Do ato participaram diferentes personalidades dos direitos humanos e da luta pelas liberdades democr\u00e1ticas. Hern\u00e1n &#8220;Vasco&#8221; Izurieta, delegado geral da capital da ATE e membro da esquerda revolucion\u00e1ria tomou a palavra. Isabel Huala, m\u00e3e de Facundo Jones Huala, enviou uma mensagem gravada que foi ouvida no palco. Em sua mensagem, pediu que todos continuassem lutando pelos jovens que foram mortos e pediu liberdade para o seu filho, Longko da comunidade mapuche Pu Lof, preso na Resist\u00eancia de Cushamen, e para todos os que foram presos por lutar.<\/p>\n<p>Quem tamb\u00e9m enviou uma mensagem foi Horacio Ramos, militante da Frente das Organiza\u00e7\u00f5es em Luta (FOL), a quem as balas repressivas de Macri e Larreta deixaram cego de um olho no ataque \u00e0 mobiliza\u00e7\u00e3o de segunda-feira passada.<\/p>\n<p>Tom\u00e1s Eliaschev, jornalista e delegado da SiPreBA, subiu ao palanque com seu parceiro Agust\u00edn Lecchi, delegado de TV p\u00fablica e secret\u00e1rio de Organiza\u00e7\u00e3o da SiPreBA, que disse: &#8220;somos colegas de trabalho daqueles que demonstram sua revolta nas ruas. Eles disparam contra n\u00f3s porque n\u00e3o querem que denunciemos o papel da pol\u00edcia e do Estado&#8221;.<\/p>\n<p>No ato tamb\u00e9m foi feita, um m\u00eas depois de sua morte, homenagem a Nilda Eloy, grande refer\u00eancia da Associa\u00e7\u00e3o dos Presos e Desaparecidos e testemunha fundamental no julgamento contra Miguel Etchecolatz.<br \/>\nNora Corti\u00f1as, fundadora da Associa\u00e7\u00e3o M\u00e3es da Plaza de Mayo, tamb\u00e9m enviou uma mensagem gravada na qual conclamou que ningu\u00e9m deixasse de lutar.<\/p>\n<p>A advogada Mar\u00eda del Carmen Verd\u00fa, fundadora da Correpi, encerrou a cerim\u00f4nia. Ela denunciou a repress\u00e3o estatal e a criminaliza\u00e7\u00e3o dos protestos. E lembrou que este \u00e9 o primeiro ano em que deve mudar a data do relat\u00f3rio, precisamente porque um dia antes da mudan\u00e7a do Governo, em 14 de dezembro, foi desencadeada uma repress\u00e3o feroz contra os manifestantes que combatiam a reforma da previd\u00eancia. O saldo foi de dezenas de feridos e mais de 40 detidos que acabaram liberados domingo de madrugada.<\/p>\n<p>Estiveram presentes dezenas de parentes de jovens assassinados pelas For\u00e7as de Seguran\u00e7a, bem como organiza\u00e7\u00f5es de direitos humanos como CeProDH, o Partido Socialista dos Trabalhadores, Venceremos e Poder Popular, entre outros.<\/p>\n<blockquote class=\"wp-embedded-content\" data-secret=\"L5pHefwOpI\"><p><a href=\"http:\/\/www.resumenlatinoamericano.org\/2017\/12\/24\/argentina-informe-anual-de-correpi-el-estado-asesina-a-una-persona-por-di\/\">Argentina\/ Informe anual de Correpi: el Estado asesina a una persona por d\u00eda<\/a><\/p><\/blockquote>\n<p><iframe loading=\"lazy\" class=\"wp-embedded-content\" sandbox=\"allow-scripts\" security=\"restricted\" style=\"position: absolute; clip: rect(1px, 1px, 1px, 1px);\" src=\"http:\/\/www.resumenlatinoamericano.org\/2017\/12\/24\/argentina-informe-anual-de-correpi-el-estado-asesina-a-una-persona-por-di\/embed\/#?secret=L5pHefwOpI\" data-secret=\"L5pHefwOpI\" width=\"600\" height=\"338\" title=\"&#8220;Argentina\/ Informe anual de Correpi: el Estado asesina a una persona por d\u00eda&#8221; &#8212; Resumen Latinoamericano\" frameborder=\"0\" marginwidth=\"0\" marginheight=\"0\" scrolling=\"no\"><\/iframe><\/p>\n","protected":false},"excerpt":{"rendered":"<a class=\"moretag\" href=\"https:\/\/pcb.org.br\/portal2\/18095\"> <\/a>","protected":false},"author":1,"featured_media":0,"comment_status":"closed","ping_status":"closed","sticky":false,"template":"","format":"standard","meta":{"jetpack_post_was_ever_published":false,"_jetpack_newsletter_access":"","_jetpack_dont_email_post_to_subs":false,"_jetpack_newsletter_tier_id":0,"_jetpack_memberships_contains_paywalled_content":false,"_jetpack_memberships_contains_paid_content":false,"footnotes":"","jetpack_publicize_message":"","jetpack_publicize_feature_enabled":true,"jetpack_social_post_already_shared":true,"jetpack_social_options":{"image_generator_settings":{"template":"highway","default_image_id":0,"font":"","enabled":false},"version":2}},"categories":[57],"tags":[227],"class_list":["post-18095","post","type-post","status-publish","format-standard","hentry","category-c68-argentina","tag-5a"],"jetpack_publicize_connections":[],"jetpack_featured_media_url":"","jetpack_shortlink":"https:\/\/wp.me\/p659gw-4HR","jetpack-related-posts":[],"jetpack_likes_enabled":true,"jetpack_sharing_enabled":true,"_links":{"self":[{"href":"https:\/\/pcb.org.br\/portal2\/wp-json\/wp\/v2\/posts\/18095","targetHints":{"allow":["GET"]}}],"collection":[{"href":"https:\/\/pcb.org.br\/portal2\/wp-json\/wp\/v2\/posts"}],"about":[{"href":"https:\/\/pcb.org.br\/portal2\/wp-json\/wp\/v2\/types\/post"}],"author":[{"embeddable":true,"href":"https:\/\/pcb.org.br\/portal2\/wp-json\/wp\/v2\/users\/1"}],"replies":[{"embeddable":true,"href":"https:\/\/pcb.org.br\/portal2\/wp-json\/wp\/v2\/comments?post=18095"}],"version-history":[{"count":0,"href":"https:\/\/pcb.org.br\/portal2\/wp-json\/wp\/v2\/posts\/18095\/revisions"}],"wp:attachment":[{"href":"https:\/\/pcb.org.br\/portal2\/wp-json\/wp\/v2\/media?parent=18095"}],"wp:term":[{"taxonomy":"category","embeddable":true,"href":"https:\/\/pcb.org.br\/portal2\/wp-json\/wp\/v2\/categories?post=18095"},{"taxonomy":"post_tag","embeddable":true,"href":"https:\/\/pcb.org.br\/portal2\/wp-json\/wp\/v2\/tags?post=18095"}],"curies":[{"name":"wp","href":"https:\/\/api.w.org\/{rel}","templated":true}]}}