{"id":18103,"date":"2017-12-28T16:49:01","date_gmt":"2017-12-28T19:49:01","guid":{"rendered":"https:\/\/pcb.org.br\/portal2\/?p=18103"},"modified":"2018-01-05T15:42:02","modified_gmt":"2018-01-05T18:42:02","slug":"camarada-marylucia-presente","status":"publish","type":"post","link":"https:\/\/pcb.org.br\/portal2\/18103","title":{"rendered":"Camarada Marylucia, presente!"},"content":{"rendered":"<p><img decoding=\"async\" class=\"imagem\" title=\"Camarada Marylucia, presente!\" src=\"https:\/\/lh3.googleusercontent.com\/-qxSCfUgHvTv4L_4fCMy6diIcNzkUE2cMOzRQekOARk7P55MbSSGTui_sAtCNsu2Tcfj1k01Vx3LSDgQIKCIyiOWZTCFGaNHN0leoVUD3lUhEVWq48b833r1cSPnvX3Wxo_C84YsPp6_zGnCzpHmdAqnaB_VRnT0V6FEh4WcXWw0ARw8PvfAB7zSm7qHOa86ZMdPmWwpVbuEN3GuS2JPsBvKSpApZekRIfFFDPZlCN_2IB1WziofGHI2Jk3ftJkLKLhUCLKkCSEFptZl-nvF83mLuvJGRWExLrShPZVprV51WrkL1_rvQB8UjoZTZUUfOCPTrhW9SBsRDveCjd34SEgUgnmPYTX76IZmyrWQZ8ac-X-ldAyaRoBfWDbWoMM7HDOqeuiVWSehJrXAhC6q1WtYTpkdr6-i0jjxxZ4iBUkhBiMTvURGMg3fhv8UcZMdH83mTrHTryUb3lbKqxARa1fB1VJ1RI5-rCwM7s9vSNfBipYvrraxHg0hpMYxGP-NtRBglF4RdJdwi-Rn_vIQEptjXf86u7Zpl99GerZ1WAbmVLnXV4ShQkJkBvk5eeyROY6JsgiHl4BPi14dHIrUAe_uUtf5uLDx7A1xN1graHyVdgdpQ-tvd6d7DqGaxpn7kXH9augVNWZkL7nzOQU_QrAD3gdqnzZ7rA=w1135-h978-no\" alt=\"Camarada Marylucia, presente!\" \/><!--more-->Nota de Pesar<\/p>\n<p>\u00c9 com bastante pesar que o Partido Comunista Brasileiro (PCB) vem comunicar o falecimento da camarada Marylucia Mesquita Palmeira, na \u00faltima ter\u00e7a-feira (26).<\/p>\n<p>Formada em Servi\u00e7o Social pela UECE, Marylucia militou durante anos no Conselho Federal de Servi\u00e7o Social (CFESS), al\u00e9m de contribuir para o movimento feminista e LGBT em entidades como a Liga Brasileira de L\u00e9sbicas e do F\u00f3rum de Mulheres de Pernambuco.<\/p>\n<p>No PCB, contribuiu para a constru\u00e7\u00e3o do Coletivo LGBT Comunista no Cear\u00e1, at\u00e9 o per\u00edodo em que afastou-se da milit\u00e2ncia por motivos de sa\u00fade. O PCB se solidariza com a fam\u00edlia nesse momento dif\u00edcil e com todos aqueles que estiveram junto da camarada nas lutas.<\/p>\n<p>Camarada Marylucia, presente!<\/p>\n<p>Comit\u00ea Regional do PCB Cear\u00e1<\/p>\n<hr \/>\n<p><img decoding=\"async\" class=\"imagem\" title=\"CFESS divulga nota em homenagem \u00e0 assistente social e ex-conselheira Marylucia Mesquita\" src=\"https:\/\/i0.wp.com\/www.cfess.org.br\/fotos\/HomenagemMaryluciaMesquita2017.jpg\" alt=\"CFESS divulga nota em homenagem \u00e0 assistente social e ex-conselheira Marylucia Mesquita\" \/><strong>Marylucia presente!<\/strong><\/p>\n<p><a href=\"http:\/\/www.cfess.org.br\/visualizar\/noticia\/cod\/1444\" target=\"_blank\" rel=\"noopener\">CFESS divulga nota em homenagem \u00e0 assistente social e ex-conselheira Marylucia Mesquita<\/a><\/p>\n<p>\u00c9 com muito pesar que o Conselho Federal de Servi\u00e7o Social (CFESS) comunica o falecimento da ex-conselheira Marylucia Mesquita (Gest\u00f5es 1999-2002, 2008-2011 e 2011-2014).<\/p>\n<p>Feminista e comunista, \u201cMarynha\u201d, como a cham\u00e1vamos, foi, sem d\u00favida, uma das mais irrequietas assistentes sociais desse pa\u00eds. De perfil militante desde a gradua\u00e7\u00e3o, conclu\u00edda na Universidade do Estado do Cear\u00e1 (UECE), Meirinha vem da gera\u00e7\u00e3o do movimento estudantil dos anos 1990. Concluiu o mestrado na Universidade Federal de Pernambuco (UFPE\/2001) e atuou como docente nos cursos de Servi\u00e7o Social do INTA\/Sobral-CE (2008\/2010) e da Universidade de Bras\u00edlia (UnB), entre 2012 e 2014. Al\u00e9m da doc\u00eancia e das gest\u00f5es do CFESS, integrava o Centro de Estudos do Trabalho e Ontologia do Ser Social (CETROS\/UECE), era filiada ao Partido Comunista Brasileiro (PCB) e foi cofundadora do DIVAS (Grupo em Defesa da Diversidade Afetivo-Sexual). No CFESS, Marylucia Mesquita participou ativamente da Comiss\u00e3o de \u00c9tica e Direitos Humanos, da qual foi coordenadora na gest\u00e3o \u201cTempo de luta e resist\u00eancia\u201d (2011-2014) e foi tamb\u00e9m conselheira do Conselho Nacional de Combate \u00e0 Discrimina\u00e7\u00e3o LGBT entre os anos de 2013 e 2016.<\/p>\n<p>Em seus breves quarenta e oito anos de vida \u2013 vinte e dois deles como assistente social \u2013 Mary contribuiu intransigente e incansavelmente para que a pauta dos direitos humanos fosse visibilizada no interior do Servi\u00e7o Social e al\u00e9m dele. Temos certeza de que \u00e9 dessa forma que ela gostaria de ser lembrada, pois esse universo de barb\u00e1rie na vida social, contra o qual ela lutou bravamente, foi uma das raz\u00f5es de tanto sofrimento subjetivo nos seus \u00faltimos meses de vida.<\/p>\n<p>O Servi\u00e7o Social brasileiro agradece a intensidade dessa personalidade forte e dedicada aos princ\u00edpios e valores do projeto \u00e9tico-pol\u00edtico profissional. N\u00f3s, seus\/suas amigos\/as de v\u00e1rias gera\u00e7\u00f5es do Conjunto CFESS-CRESS, vamos nos lembrar, sempre com saudade e do\u00e7ura, da sua passagem por essa vida, que \u201cdevia ser melhor&#8230; e ser\u00e1!\u201d.<\/p>\n<p>Marylucia presente!!!<\/p>\n<p>Conselho Federal de Servi\u00e7o Social &#8211; CFESS<\/p>\n<p>Gest\u00e3o \u00c9 de batalhas que se vive a vida &#8211; 2017\/2020<\/p>\n<p>http:\/\/www.cfess.org.br\/visualizar\/noticia\/cod\/1444<\/p>\n","protected":false},"excerpt":{"rendered":"<a class=\"moretag\" href=\"https:\/\/pcb.org.br\/portal2\/18103\"> <\/a>","protected":false},"author":1,"featured_media":0,"comment_status":"closed","ping_status":"closed","sticky":false,"template":"","format":"standard","meta":{"jetpack_post_was_ever_published":false,"_jetpack_newsletter_access":"","_jetpack_dont_email_post_to_subs":false,"_jetpack_newsletter_tier_id":0,"_jetpack_memberships_contains_paywalled_content":false,"_jetpack_memberships_contains_paid_content":false,"footnotes":"","jetpack_publicize_message":"","jetpack_publicize_feature_enabled":true,"jetpack_social_post_already_shared":true,"jetpack_social_options":{"image_generator_settings":{"template":"highway","default_image_id":0,"font":"","enabled":false},"version":2}},"categories":[26],"tags":[223],"class_list":["post-18103","post","type-post","status-publish","format-standard","hentry","category-c25-notas-politicas-do-pcb","tag-3a"],"jetpack_publicize_connections":[],"jetpack_featured_media_url":"","jetpack_shortlink":"https:\/\/wp.me\/p659gw-4HZ","jetpack-related-posts":[],"jetpack_likes_enabled":true,"jetpack_sharing_enabled":true,"_links":{"self":[{"href":"https:\/\/pcb.org.br\/portal2\/wp-json\/wp\/v2\/posts\/18103","targetHints":{"allow":["GET"]}}],"collection":[{"href":"https:\/\/pcb.org.br\/portal2\/wp-json\/wp\/v2\/posts"}],"about":[{"href":"https:\/\/pcb.org.br\/portal2\/wp-json\/wp\/v2\/types\/post"}],"author":[{"embeddable":true,"href":"https:\/\/pcb.org.br\/portal2\/wp-json\/wp\/v2\/users\/1"}],"replies":[{"embeddable":true,"href":"https:\/\/pcb.org.br\/portal2\/wp-json\/wp\/v2\/comments?post=18103"}],"version-history":[{"count":0,"href":"https:\/\/pcb.org.br\/portal2\/wp-json\/wp\/v2\/posts\/18103\/revisions"}],"wp:attachment":[{"href":"https:\/\/pcb.org.br\/portal2\/wp-json\/wp\/v2\/media?parent=18103"}],"wp:term":[{"taxonomy":"category","embeddable":true,"href":"https:\/\/pcb.org.br\/portal2\/wp-json\/wp\/v2\/categories?post=18103"},{"taxonomy":"post_tag","embeddable":true,"href":"https:\/\/pcb.org.br\/portal2\/wp-json\/wp\/v2\/tags?post=18103"}],"curies":[{"name":"wp","href":"https:\/\/api.w.org\/{rel}","templated":true}]}}