{"id":18136,"date":"2017-12-30T00:01:40","date_gmt":"2017-12-30T03:01:40","guid":{"rendered":"https:\/\/pcb.org.br\/portal2\/?p=18136"},"modified":"2017-12-31T14:40:59","modified_gmt":"2017-12-31T17:40:59","slug":"cuba-encerra-2017-com-menor-taxa-de-mortalidade-infantil-de-sua-historia","status":"publish","type":"post","link":"https:\/\/pcb.org.br\/portal2\/18136","title":{"rendered":"Cuba encerra 2017 com a menor taxa de mortalidade infantil de sua hist\u00f3ria"},"content":{"rendered":"<p><img decoding=\"async\" class=\"imagem\" title=\"Cuba encerra 2017 com a menor taxa de mortalidade infantil de sua hist\u00f3ria\" src=\"https:\/\/i0.wp.com\/www.resumenlatinoamericano.org\/wp-content\/uploads\/2017\/12\/Roberto-Morales-Ojeda-580x385.jpg\" alt=\"Cuba encerra 2017 com a menor taxa de mortalidade infantil de sua hist\u00f3ria\" \/><!--more-->Lisandra Fari\u00f1as Acosta, Cuba Debate<\/p>\n<p><a href=\"http:\/\/www.resumenlatinoamericano.org\/2017\/12\/29\/cuba-termina-2017-con-la-menor-tasa-de-mortalidad-infantil-en-su-historia\/\" target=\"_blank\" rel=\"noopener\">Resumen Latinoamericano<\/a><\/p>\n<p>\u201cPor tr\u00e1s de cada n\u00famero e das estat\u00edsticas, estamos tratando de vidas salvas, de qualidade de vida, de felicidade e satisfa\u00e7\u00e3o do nosso povo e do compromisso de quanto mais podemos fazer a cada dia\u201d.<\/p>\n<p><span style=\"color: #444444; font-family: helvetica, arial, sans-serif;\">Alguns exemplos s\u00e3o suficientes para saber o que isso significa. At\u00e9 a presente data, Cuba tem a menor taxa de mortalidade infantil em sua hist\u00f3ria. Com 4,1 por 1.000 nascidos vivos &#8211; que representam 35 mortes a menos de beb\u00eas menores de um ano, em compara\u00e7\u00e3o com o mesmo per\u00edodo de 2016 -, esse indicador poder\u00e1 chegar a um \u00edndice mais baixo, gra\u00e7as aos esfor\u00e7os do sistema de sa\u00fade p\u00fablica e o empenho e vigil\u00e2ncia dos trabalhadores no setor.<\/span><\/p>\n<p>Isto foi afirmado pelo membro do Bureau Pol\u00edtico e Ministro da Sa\u00fade P\u00fablica, Dr. Roberto Morales Ojeda, na cerim\u00f4nia de sauda\u00e7\u00e3o do 59\u00ba anivers\u00e1rio do Triunfo da Revolu\u00e7\u00e3o Cubana, quando os principais resultados do Sistema Nacional de Sa\u00fade foram apresentados em 2017.<\/p>\n<p>Se um exame dos indicadores de sa\u00fade for realizado, a melhoria demonstrada \u00e9 evidente, al\u00e9m do fato de que a expectativa de vida ao nascer da popula\u00e7\u00e3o cubana, que atingiu 78,45 anos, continuou a crescer: \u00e9 de 80,45 para mulheres e 76,50 para homens.<\/p>\n<p>O titular da pasta mencionou que at\u00e9 agora a taxa de mortalidade materna foi reduzida de 42,6 para 38,0 por 100 000 nascidos vivos, com seis mortes maternas a menos. Do mesmo modo, como resultado do Programa Abrangente de Controle do C\u00e2ncer, nos \u00faltimos tr\u00eas anos se deteve o crescimento da mortalidade devido a esta doen\u00e7a.<\/p>\n<p>Quanto a \u00e1reas como higiene, epidemiologia e microbiologia, descobriu-se que a incid\u00eancia de casos confirmados de dengue diminuiu 68% em rela\u00e7\u00e3o ao ano anterior, enquanto que os casos de Chikungunya n\u00e3o foram diagnosticados. No final da primeira quinzena de dezembro, a transmiss\u00e3o de Zika foi reportada em 18 munic\u00edpios do pa\u00eds com um comportamento decrescente.<\/p>\n<p>Por outro lado, o ministro significou o aumento sustentado da atividade cir\u00fargica com a conclus\u00e3o at\u00e9 a data de 989 209 cirurgias no pa\u00eds (cerca de 5 326 a mais), e estima-se que at\u00e9 o final deste ano tenham sido realizadas mais de um milh\u00e3o de cirurgias, pelo sexto ano consecutivo.<\/p>\n<p>Nesse sentido, o Dr. Morales Ojeda enfatizou o aumento do n\u00famero de cirurgias utilizando t\u00e9cnicas minimamente invasivas, que representam 14% das cirurgias principais eletivas.<\/p>\n<p>Resultados significativos tamb\u00e9m foram alcan\u00e7ados na aplica\u00e7\u00e3o da medicina natural e tradicional, uma vez que a maior cifra da hist\u00f3ria foi alcan\u00e7ada pela produ\u00e7\u00e3o de mais de 71 milh\u00f5es de unidades de produtos naturais.<\/p>\n<p>Da mesma forma, o ministro ratificou o papel que desempenharam, para alcan\u00e7ar esses objetivos, os programas de substitui\u00e7\u00e3o de equipamentos m\u00e9dicos e a introdu\u00e7\u00e3o de novas tecnologias no sistema nacional de sa\u00fade, treinamento em tecnologias avan\u00e7adas e investimentos em manuten\u00e7\u00e3o.<\/p>\n<p>&#8220;Nos \u00faltimos quatro anos, 247 equipamentos m\u00e9dicos foram importados por um valor superior a 210 milh\u00f5es de d\u00f3lares, beneficiando todas as especialidades m\u00e9dicas e a maioria das institui\u00e7\u00f5es de sa\u00fade do pa\u00eds. Isso permitiu elevar a qualidade do atendimento m\u00e9dico aos pacientes, em correspond\u00eancia com as principais doen\u00e7as do quadro de sa\u00fade da popula\u00e7\u00e3o cubana &#8220;, explicou o ministro.<\/p>\n<p>Estes resultados, disse ele, s\u00e3o a melhor maneira de celebrar um novo anivers\u00e1rio do triunfo da Revolu\u00e7\u00e3o e continuar cumprindo o conceito de Revolu\u00e7\u00e3o expresso pelo comandante-em-chefe Fidel Castro Ruz.<\/p>\n<p>O Dr. Morales Ojeda estendeu os parab\u00e9ns pelo Triunfo da Revolu\u00e7\u00e3o a todos os trabalhadores de sa\u00fade p\u00fablica dentro e fora do pa\u00eds, nas 67 na\u00e7\u00f5es onde Cuba agora tem colabora\u00e7\u00e3o m\u00e9dica e seus desejos de felicidade e sucesso pessoal e na fam\u00edlia.<\/p>\n<p>&#8220;Temos a convic\u00e7\u00e3o de que n\u00e3o h\u00e1 problema sem solu\u00e7\u00e3o; do que se trata \u00e9 encontr\u00e1-la e isso \u00e9 poss\u00edvel se o coletivo se tornar um ex\u00e9rcito de pensadores, onde todos contribuem&#8221;, disse ele.<\/p>\n<blockquote class=\"wp-embedded-content\" data-secret=\"GD2kUaFSZG\"><p><a href=\"http:\/\/www.resumenlatinoamericano.org\/2017\/12\/29\/cuba-termina-2017-con-la-menor-tasa-de-mortalidad-infantil-en-su-historia\/\">Cuba termina 2017 con la menor tasa de mortalidad infantil en su historia<\/a><\/p><\/blockquote>\n<p><iframe loading=\"lazy\" class=\"wp-embedded-content\" sandbox=\"allow-scripts\" security=\"restricted\" style=\"position: absolute; clip: rect(1px, 1px, 1px, 1px);\" src=\"http:\/\/www.resumenlatinoamericano.org\/2017\/12\/29\/cuba-termina-2017-con-la-menor-tasa-de-mortalidad-infantil-en-su-historia\/embed\/#?secret=GD2kUaFSZG\" data-secret=\"GD2kUaFSZG\" width=\"600\" height=\"338\" title=\"&#8220;Cuba termina 2017 con la menor tasa de mortalidad infantil en su historia&#8221; &#8212; Resumen Latinoamericano\" frameborder=\"0\" marginwidth=\"0\" marginheight=\"0\" scrolling=\"no\"><\/iframe><\/p>\n","protected":false},"excerpt":{"rendered":"<a class=\"moretag\" href=\"https:\/\/pcb.org.br\/portal2\/18136\"> <\/a>","protected":false},"author":1,"featured_media":0,"comment_status":"closed","ping_status":"closed","sticky":false,"template":"","format":"standard","meta":{"jetpack_post_was_ever_published":false,"_jetpack_newsletter_access":"","_jetpack_dont_email_post_to_subs":false,"_jetpack_newsletter_tier_id":0,"_jetpack_memberships_contains_paywalled_content":false,"_jetpack_memberships_contains_paid_content":false,"footnotes":"","jetpack_publicize_message":"","jetpack_publicize_feature_enabled":true,"jetpack_social_post_already_shared":true,"jetpack_social_options":{"image_generator_settings":{"template":"highway","default_image_id":0,"font":"","enabled":false},"version":2}},"categories":[47],"tags":[234],"class_list":["post-18136","post","type-post","status-publish","format-standard","hentry","category-c57-revolucao-cubana","tag-6b"],"jetpack_publicize_connections":[],"jetpack_featured_media_url":"","jetpack_shortlink":"https:\/\/wp.me\/p659gw-4Iw","jetpack-related-posts":[],"jetpack_likes_enabled":true,"jetpack_sharing_enabled":true,"_links":{"self":[{"href":"https:\/\/pcb.org.br\/portal2\/wp-json\/wp\/v2\/posts\/18136","targetHints":{"allow":["GET"]}}],"collection":[{"href":"https:\/\/pcb.org.br\/portal2\/wp-json\/wp\/v2\/posts"}],"about":[{"href":"https:\/\/pcb.org.br\/portal2\/wp-json\/wp\/v2\/types\/post"}],"author":[{"embeddable":true,"href":"https:\/\/pcb.org.br\/portal2\/wp-json\/wp\/v2\/users\/1"}],"replies":[{"embeddable":true,"href":"https:\/\/pcb.org.br\/portal2\/wp-json\/wp\/v2\/comments?post=18136"}],"version-history":[{"count":0,"href":"https:\/\/pcb.org.br\/portal2\/wp-json\/wp\/v2\/posts\/18136\/revisions"}],"wp:attachment":[{"href":"https:\/\/pcb.org.br\/portal2\/wp-json\/wp\/v2\/media?parent=18136"}],"wp:term":[{"taxonomy":"category","embeddable":true,"href":"https:\/\/pcb.org.br\/portal2\/wp-json\/wp\/v2\/categories?post=18136"},{"taxonomy":"post_tag","embeddable":true,"href":"https:\/\/pcb.org.br\/portal2\/wp-json\/wp\/v2\/tags?post=18136"}],"curies":[{"name":"wp","href":"https:\/\/api.w.org\/{rel}","templated":true}]}}