{"id":18167,"date":"2018-01-02T10:38:23","date_gmt":"2018-01-02T13:38:23","guid":{"rendered":"https:\/\/pcb.org.br\/portal2\/?p=18167"},"modified":"2018-01-02T10:38:23","modified_gmt":"2018-01-02T13:38:23","slug":"cuba-celebra-o-aniversario-do-triunfo-da-revolucao","status":"publish","type":"post","link":"https:\/\/pcb.org.br\/portal2\/18167","title":{"rendered":"Cuba celebra o Anivers\u00e1rio do Triunfo da Revolu\u00e7\u00e3o"},"content":{"rendered":"<p><img decoding=\"async\" class=\"imagem\" title=\"Cuba celebra o Anivers\u00e1rio do Triunfo da Revolu\u00e7\u00e3o\" src=\"https:\/\/i0.wp.com\/www.granma.cu\/file\/img\/2017\/12\/medium\/f0097227.jpg\" alt=\"Cuba celebra o Anivers\u00e1rio do Triunfo da Revolu\u00e7\u00e3o\" \/><!--more--><strong>Com a entrega do cart\u00e3o do Partido Comunista de Cuba (PCC) a novos militantes e obras que melhoram a qualidade de vida de seus habitantes<\/strong><\/p>\n<p>Lissy Rodr\u00edguez Guerrero<\/p>\n<p>Com a entrega do cart\u00e3o do Partido Comunista de Cuba (PCC) a novos militantes e obras que melhoram a qualidade de vida de seus habitantes, a capital cubana comemorou o 59\u00ba anivers\u00e1rio do Triunfo da Revolu\u00e7\u00e3o.<\/p>\n<p>Em comemora\u00e7\u00e3o realizada no Mausol\u00e9u Cacahual, local onde est\u00e3o os restos mortais de Antonio Maceo e seu assistente Panchito G\u00f3mez Toro, bem como o l\u00edder revolucion\u00e1rio Blas Roca, o jovem Yanisley Manzano, representando os 300 novos militantes, disse que receber o cart\u00e3o de membro significa uma grande responsabilidade, no contexto da atualiza\u00e7\u00e3o do modelo econ\u00f4mico cubano.<\/p>\n<p>&#8220;A principal tarefa de um revolucion\u00e1rio \u00e9 o fortalecimento de nossa economia&#8221;, disse ele na cerim\u00f4nia em que participaram as autoridades do territ\u00f3rio da capital.<\/p>\n<p>Rolando Yero, membro do comit\u00ea provincial do Partido na capital, disse aos que atingiram o status de militantes que isso n\u00e3o \u00e9 um presente, mas &#8220;uma condi\u00e7\u00e3o moral&#8221;, conquistada por m\u00e9rito pessoal e instou o povo de Havana a trabalhar mais, aproveitando melhor os recursos, para consolidar o desenvolvimento do modelo econ\u00f4mico e alcan\u00e7ar o que \u00e9 proposto nos VI e VII congressos do PCC.<\/p>\n<p>Em refer\u00eancia \u00e0s celebra\u00e7\u00f5es do triunfo da Revolu\u00e7\u00e3o, ele disse que foram dias de trabalho que permitiram realizar mais de 4.000 a\u00e7\u00f5es nos 15 munic\u00edpios, &#8220;que atingem praticamente todos os setores&#8221; e em que participaram mais do que 158 mil trabalhadores.<\/p>\n<p>No final da cerim\u00f4nia, em declara\u00e7\u00f5es \u00e0 imprensa, Mercedes L\u00f3pez Acea, membro do Bureau Pol\u00edtico do Comit\u00ea Central do Partido e vice-presidente do Conselho de Estado, disse que &#8220;2017 foi um ano de muitos esfor\u00e7os&#8221;, no qual prevaleceu a convic\u00e7\u00e3o de que as pessoas s\u00e3o as principais protagonistas das transforma\u00e7\u00f5es e &#8220;do futuro que decidiram defender&#8221;.<\/p>\n<p>O primeiro secret\u00e1rio do Partido na capital acrescentou que, do ponto de vista econ\u00f4mico, enfrentaram as limita\u00e7\u00f5es impostas pelo bloqueio econ\u00f4mico, comercial e financeiro, bem como os danos ap\u00f3s a passagem do furac\u00e3o Irma, j\u00e1 que Havana ficou entre as 12 prov\u00edncias mais afetadas do pa\u00eds.<\/p>\n<p>Praticamente todos os munic\u00edpios foram afetados, com maior incid\u00eancia na \u00e1rea costeira, afirmou, acrescentando a sistem\u00e1tica e permanente a\u00e7\u00e3o que caracteriza o trabalho de recupera\u00e7\u00e3o, em termos de restaura\u00e7\u00e3o de eletricidade e \u00e1gua, bem como a coleta de mais de um milh\u00e3o e meio de res\u00edduos s\u00f3lidos, a \u00faltima com um papel preponderante da popula\u00e7\u00e3o.<\/p>\n<p>L\u00f3pez Acea enfatizou que o ano terminou &#8220;com cerca de 250 casas conclu\u00eddas acima do plano&#8221;, as quais poder\u00e3o ser habitadas durante o m\u00eas de janeiro, e destacou o papel desempenhado pelos trabalhadores da constru\u00e7\u00e3o civil na capital, a pr\u00f3pria popula\u00e7\u00e3o, os jovens que se juntaram \u00e0s brigadas e estudantes da Universidade Tecnol\u00f3gica de Havana (Cujae), que realizaram projetos para desenvolver instala\u00e7\u00f5es adaptadas.<\/p>\n<p>Ele tamb\u00e9m enfatizou a cria\u00e7\u00e3o do programa chamado esfor\u00e7o decisivo, que come\u00e7ou entre o final de outubro e o in\u00edcio de dezembro, para responder \u00e0s propostas para enfrentar o envelhecimento da popula\u00e7\u00e3o por v\u00e1rias raz\u00f5es, com base na integra\u00e7\u00e3o de todos os organismos do territ\u00f3rio.<\/p>\n<p>&#8220;N\u00e3o resolvemos tudo&#8221;, mas \u00e9 uma prioridade para aliviar os problemas que preocupam a popula\u00e7\u00e3o, acrescentou o primeiro secret\u00e1rio do Partido, que parabenizou especialmente os cubanos de Havana, e no final do evento visitaram diversos espa\u00e7os p\u00fablicos da capital, entre eles o Hospital Pedi\u00e1trico William Soler, o Teatro Municipal de Praia, o Pal\u00e1cio da Computa\u00e7\u00e3o, a sala de navega\u00e7\u00e3o de 17 e A, e o ensino fundamental b\u00e1sico Jes\u00fas Su\u00e1rez Gayol, de Boyeros.<\/p>\n<p>Foto: Dunia \u00c1lvarez Palacios<\/p>\n<p>http:\/\/www.granma.cu\/cuba\/2017-12-30\/celebra-la-capital-aniversario-del-triunfo-de-la-revolucion-30-12-2017-09-12-09<\/p>\n","protected":false},"excerpt":{"rendered":"<a class=\"moretag\" href=\"https:\/\/pcb.org.br\/portal2\/18167\"> <\/a>","protected":false},"author":1,"featured_media":0,"comment_status":"closed","ping_status":"closed","sticky":false,"template":"","format":"standard","meta":{"jetpack_post_was_ever_published":false,"_jetpack_newsletter_access":"","_jetpack_dont_email_post_to_subs":false,"_jetpack_newsletter_tier_id":0,"_jetpack_memberships_contains_paywalled_content":false,"_jetpack_memberships_contains_paid_content":false,"footnotes":"","jetpack_publicize_message":"","jetpack_publicize_feature_enabled":true,"jetpack_social_post_already_shared":true,"jetpack_social_options":{"image_generator_settings":{"template":"highway","default_image_id":0,"font":"","enabled":false},"version":2}},"categories":[48],"tags":[233],"class_list":["post-18167","post","type-post","status-publish","format-standard","hentry","category-c58-cuba","tag-6a"],"jetpack_publicize_connections":[],"jetpack_featured_media_url":"","jetpack_shortlink":"https:\/\/wp.me\/p659gw-4J1","jetpack-related-posts":[],"jetpack_likes_enabled":true,"jetpack_sharing_enabled":true,"_links":{"self":[{"href":"https:\/\/pcb.org.br\/portal2\/wp-json\/wp\/v2\/posts\/18167","targetHints":{"allow":["GET"]}}],"collection":[{"href":"https:\/\/pcb.org.br\/portal2\/wp-json\/wp\/v2\/posts"}],"about":[{"href":"https:\/\/pcb.org.br\/portal2\/wp-json\/wp\/v2\/types\/post"}],"author":[{"embeddable":true,"href":"https:\/\/pcb.org.br\/portal2\/wp-json\/wp\/v2\/users\/1"}],"replies":[{"embeddable":true,"href":"https:\/\/pcb.org.br\/portal2\/wp-json\/wp\/v2\/comments?post=18167"}],"version-history":[{"count":0,"href":"https:\/\/pcb.org.br\/portal2\/wp-json\/wp\/v2\/posts\/18167\/revisions"}],"wp:attachment":[{"href":"https:\/\/pcb.org.br\/portal2\/wp-json\/wp\/v2\/media?parent=18167"}],"wp:term":[{"taxonomy":"category","embeddable":true,"href":"https:\/\/pcb.org.br\/portal2\/wp-json\/wp\/v2\/categories?post=18167"},{"taxonomy":"post_tag","embeddable":true,"href":"https:\/\/pcb.org.br\/portal2\/wp-json\/wp\/v2\/tags?post=18167"}],"curies":[{"name":"wp","href":"https:\/\/api.w.org\/{rel}","templated":true}]}}