{"id":18170,"date":"2018-01-02T20:25:12","date_gmt":"2018-01-02T23:25:12","guid":{"rendered":"https:\/\/pcb.org.br\/portal2\/?p=18170"},"modified":"2018-01-14T16:57:27","modified_gmt":"2018-01-14T19:57:27","slug":"no-ar-o-poder-popular-no-28-pao-trabalho-terra-e-moradia","status":"publish","type":"post","link":"https:\/\/pcb.org.br\/portal2\/18170","title":{"rendered":"No ar, O Poder Popular n\u00ba 28: P\u00c3O, TRABALHO, TERRA E MORADIA"},"content":{"rendered":"<p><img decoding=\"async\" class=\"imagem\" title=\"No ar, O Poder Popular n\u00ba 28: P\u00c3O, TRABALHO, TERRA E MORADIA\" src=\"https:\/\/lh3.googleusercontent.com\/r0f-_43ON_rIlZeHj8oO4VLSbAUFcaG8zBfIknD6U690QLzgox_tSCp5V2bokeuUuzZKLTnR32vSBQaeWqoL_1KeeOcyZd_WGYW78LU16uihA9TkWyVB4dQWIeaC8J4rYFGcKceBs96UoMkJTWoo-hxSTgK78cluCdDDQp-3FV6hsKUICowd11FMU_h4frTxUdPVfnXZs2NbaaK9IzMI7Dc6GDJUqor1YpljMeqUMiYGAf8mIkxlk0YKfyEiWr7upuAckVmtGelKTReIBPjx8SmTFSJ6JM2eViEhqMV2Bx86BddAYfhvSnaRNUlxhzYL-QuF5C-tUi7bykq4Y_G8-JObD4UggftmB_kgPCmu2GsSytEpG7FUYR73cTBP119tK0LgODsEMykvb7pk3rVuUDrnNZOi8s6ZOvSqDuNUoi3pXBnwoFoqXMZI8_Ey7yHnPRpIjUVVJVkzsuTq0wzmaFopdmQ6eetHnz0U-JBZw61kllW4hwPnxB2uj7rIdGIQPNvRHqEGFRg5GCbnpLAuDeWD4XMCqfLpPwEhgs3N7Di3CzypxhF-A1XeK5j9IuQ5rnKrr6AuEG8Ey0oKy4-4OUgSCWhmyWN9rmjhSOzu=w691-h977-no\" alt=\"No ar, O Poder Popular n\u00ba 28: P\u00c3O, TRABALHO, TERRA E MORADIA\" \/><!--more-->No ar, O Poder Popular n\u00ba 28. Um jornal a servi\u00e7o das lutas populares e da revolu\u00e7\u00e3o socialista.<\/p>\n<p>Contribui\u00e7\u00e3o ao debate para a unidade das for\u00e7as populares<\/p>\n<p>No rodap\u00e9:<br \/>\nEditorial \u2013 Que venha 2018! Com muita luta e resist\u00eancia popular!<\/p>\n<p>P\u00e1gina 2: Editorial<\/p>\n<p>P\u00e1gina 3: O aumento do custo de vida e a situa\u00e7\u00e3o da classe trabalhadora<\/p>\n<p>P\u00e1gina 4: Ataques \u00e0 aposentadoria e ao servi\u00e7o p\u00fablico<\/p>\n<p>P\u00e1gina 5: As mulheres na mira da Reforma da Previd\u00eancia<\/p>\n<p>P\u00e1ginas 6 e 7: Programa para o Brasil<\/p>\n<p>P\u00e1ginas 8: A mulher negra e a luta contra a sociedade de classes<\/p>\n<p>P\u00e1gina 9: Demarca\u00e7\u00e3o j\u00e1 do Territ\u00f3rio Ind\u00edgena do Catu!<\/p>\n<p>P\u00e1gina 10: N\u00e3o existe neutralidade na Justi\u00e7a<\/p>\n<p>P\u00e1gina 11: Ensino Superior Privado \u2013 monop\u00f3lio, lucros e demiss\u00f5es<\/p>\n<p>P\u00e1gina 12: O rep\u00fadio mundial a Trump<\/p>\n<p>No Expediente, colocar:<\/p>\n<p>Colaboradores deste n\u00famero: Coordena\u00e7\u00e3o Nacional da Unidade Classista, Eduardo Serra, Jones Manoel, Juliano Baltazar (UJC-SP), Larissa Gouveia, Wladimir Nunes Pinheiro, Yuri Vasconcellos, UJC de Santa Catarina.<\/p>\n<p>Nesta edi\u00e7\u00e3o:<\/p>\n<p><strong>P\u00c3O, TRABALHO, TERRA E MORADIA<\/strong><\/p>\n<hr \/>\n<div align=\"center\">Leitura:<br \/>\n<a href=\"http:\/\/opp.dls.hol.es\/O_Poder_Popular_28-LEITURA.pdf\" target=\"_blank\" rel=\"noopener noreferrer\"><img loading=\"lazy\" decoding=\"async\" src=\"https:\/\/i0.wp.com\/pcb.org.br\/portal\/images\/stories\/download1.png?resize=48%2C48\" width=\"48\" height=\"48\" \/><\/a><\/p>\n<hr \/>\n<p>Impress\u00e3o:<\/p>\n<p><a href=\"http:\/\/opp.dls.hol.es\/O_Poder_Popular_28-IMPRESSAO.pdf\" target=\"_blank\" rel=\"noopener noreferrer\"><img loading=\"lazy\" decoding=\"async\" src=\"https:\/\/i0.wp.com\/pcb.org.br\/portal\/images\/stories\/download1.png?resize=48%2C48\" width=\"48\" height=\"48\" \/><\/a><\/p>\n<hr \/>\n<p>Todas as edi\u00e7\u00f5es:<\/p>\n<p><a href=\"http:\/\/opp.dls.hol.es\/\" target=\"_blank\" rel=\"noopener noreferrer\"><img loading=\"lazy\" decoding=\"async\" src=\"https:\/\/i0.wp.com\/pcb.org.br\/portal\/images\/stories\/download1.png?resize=48%2C48\" width=\"48\" height=\"48\" \/><\/a><\/p>\n<hr \/>\n<\/div>\n","protected":false},"excerpt":{"rendered":"<a class=\"moretag\" href=\"https:\/\/pcb.org.br\/portal2\/18170\"> <\/a>","protected":false},"author":1,"featured_media":0,"comment_status":"closed","ping_status":"closed","sticky":false,"template":"","format":"standard","meta":{"jetpack_post_was_ever_published":false,"_jetpack_newsletter_access":"","_jetpack_dont_email_post_to_subs":false,"_jetpack_newsletter_tier_id":0,"_jetpack_memberships_contains_paywalled_content":false,"_jetpack_memberships_contains_paid_content":false,"footnotes":"","jetpack_publicize_message":"","jetpack_publicize_feature_enabled":true,"jetpack_social_post_already_shared":true,"jetpack_social_options":{"image_generator_settings":{"template":"highway","default_image_id":0,"font":"","enabled":false},"version":2}},"categories":[140],"tags":[222,229],"class_list":["post-18170","post","type-post","status-publish","format-standard","hentry","category-c140-jornal-o-poder-popular","tag-2b","tag-opprecente"],"jetpack_publicize_connections":[],"jetpack_featured_media_url":"","jetpack_shortlink":"https:\/\/wp.me\/p659gw-4J4","jetpack-related-posts":[],"jetpack_likes_enabled":true,"jetpack_sharing_enabled":true,"_links":{"self":[{"href":"https:\/\/pcb.org.br\/portal2\/wp-json\/wp\/v2\/posts\/18170","targetHints":{"allow":["GET"]}}],"collection":[{"href":"https:\/\/pcb.org.br\/portal2\/wp-json\/wp\/v2\/posts"}],"about":[{"href":"https:\/\/pcb.org.br\/portal2\/wp-json\/wp\/v2\/types\/post"}],"author":[{"embeddable":true,"href":"https:\/\/pcb.org.br\/portal2\/wp-json\/wp\/v2\/users\/1"}],"replies":[{"embeddable":true,"href":"https:\/\/pcb.org.br\/portal2\/wp-json\/wp\/v2\/comments?post=18170"}],"version-history":[{"count":0,"href":"https:\/\/pcb.org.br\/portal2\/wp-json\/wp\/v2\/posts\/18170\/revisions"}],"wp:attachment":[{"href":"https:\/\/pcb.org.br\/portal2\/wp-json\/wp\/v2\/media?parent=18170"}],"wp:term":[{"taxonomy":"category","embeddable":true,"href":"https:\/\/pcb.org.br\/portal2\/wp-json\/wp\/v2\/categories?post=18170"},{"taxonomy":"post_tag","embeddable":true,"href":"https:\/\/pcb.org.br\/portal2\/wp-json\/wp\/v2\/tags?post=18170"}],"curies":[{"name":"wp","href":"https:\/\/api.w.org\/{rel}","templated":true}]}}