{"id":18189,"date":"2018-01-03T12:46:55","date_gmt":"2018-01-03T15:46:55","guid":{"rendered":"https:\/\/pcb.org.br\/portal2\/?p=18189"},"modified":"2018-01-03T12:46:55","modified_gmt":"2018-01-03T15:46:55","slug":"cuba-longa-vida-revolucao","status":"publish","type":"post","link":"https:\/\/pcb.org.br\/portal2\/18189","title":{"rendered":"Cuba: longa vida \u00e0 Revolu\u00e7\u00e3o"},"content":{"rendered":"<p><img decoding=\"async\" class=\"imagem\" title=\"Cuba: longa vida \u00e0 Revolu\u00e7\u00e3o\" src=\"https:\/\/i0.wp.com\/www.resumenlatinoamericano.org\/wp-content\/uploads\/2017\/12\/rosas-y-estrellas-Pintura-de-Ra%C3%BAl-Mart%C3%ADnez-580x521-580x400.jpg\" alt=\"Cuba: longa vida \u00e0 Revolu\u00e7\u00e3o\" \/><!--more--><a href=\"http:\/\/www.resumenlatinoamericano.org\/2017\/12\/31\/cuba-larga-vida-revolucion\/\" target=\"_blank\" rel=\"noopener\">Resumen Latinoamericano<\/a><\/p>\n<p>Javiel Fern\u00e1ndez P\u00e9rez, Cuba Debate<\/p>\n<p>Quando menino, eu dizia a palavra revolu\u00e7\u00e3o muito longe de entender o peso real destas letras que ent\u00e3o escrevia em mai\u00fasculas. Falavam comigo sobre a revolu\u00e7\u00e3o como algo para admirar e cuidar. E assim aprendi a am\u00e1-la. Naquele tempo, menos pela convic\u00e7\u00e3o e mais pela imita\u00e7\u00e3o dos av\u00f3s, que viveram aqueles anos antes de 1959. Depois tudo se confirmou pelos livros de hist\u00f3ria.<\/p>\n<p>Ent\u00e3o a revolu\u00e7\u00e3o deixou de ser algo abstrato para mim, comecei a interpret\u00e1-la pela sa\u00fade e a educa\u00e7\u00e3o gratuitas de que me falavam na escola, e porque as crian\u00e7as podiam brincar sem peerigo no parque, e porque n\u00e3o havia guerras ou homens maus com pistolas nas ruas.<\/p>\n<p>Mas eu sabia que a revolu\u00e7\u00e3o era uma coisa de homens e de guerra, que era uma coisa de Fidel, e me contaram do caminho dif\u00edcil que come\u00e7ou com o Moncada na manh\u00e3 de Santana de 1953. Eu ouvia falar de jovens clandestinos, de barco e de tempestade, de colinas e Turquino, de invas\u00e3o e triunfo.<\/p>\n<p>E assim me ensinaram uma vez, como tr\u00eas ou quatro fatos importantes que se encaixam em um par\u00e1grafo, e, felizmente, eu aprendi depois que, entre uma data e outra transcendente cabe um monte de eventos e homens, assim como eu entendi que os her\u00f3is n\u00e3o s\u00e3o apenas coisas de contos infantis.<\/p>\n<p>Na virada dos anos ningu\u00e9m precisou mais me falar sobre a revolu\u00e7\u00e3o, j\u00e1 pela hist\u00f3ria aprendida e pelos poucos anos vividos, aprendi que a revolu\u00e7\u00e3o \u00e9 acima de tudo, um feito de patriotismo e dignidade. E assim eu a entendo como um fen\u00f4meno que se forjou em mim, como em uma grande parte de v\u00e1rias gera\u00e7\u00f5es de cubanos: dignidade e rebeli\u00e3o para enfrentar a vida.<\/p>\n<p>Onde quer que a palavra revolu\u00e7\u00e3o seja escrita, pode ser escrita Cuba. No fim das contas, Cuba \u00e9 soberanamente registrada no mapa do mundo gra\u00e7as \u00e0 revolu\u00e7\u00e3o de que cada cubano, deste lado ou daquele, tem ao menos uma bela hist\u00f3ria para contar.<\/p>\n<p>No primeiro dia de janeiro de 2018 a revolu\u00e7\u00e3o cubana comemorou seu 59\u00ba anivers\u00e1rio e come\u00e7ou a correr o ano de seu 60\u00ba anivers\u00e1rio. Ao longo do caminho, muitos t\u00eam sido os revezes, mas os c\u00e9ticos nunca poderiam imaginar que as ra\u00edzes fincadas no s\u00e9culo passado conseguiriam ir t\u00e3o fundo para colher os frutos no novo s\u00e9culo.<\/p>\n<p>A revolu\u00e7\u00e3o de hoje \u00e9 uma coisa nossa; o que temos que fazer para preserv\u00e1-la no tempo e leg\u00e1-la como nos foi herdada por Fidel. Como ele mesmo disse: n\u00e3o temos que repeti-la, mas carreg\u00e1-la no dia a dia. Assim, quando o futuro incerto devora a vontade de seguir, quando as pessoas que falam sobre a revolu\u00e7\u00e3o como se tivessem palmilhado a Sierra Maestra de cima abaixo com Fidel lan\u00e7am consignas vazias ao \u00e9ter, quando essas pessoas tentam desmotivar voc\u00ea \u00e9 preciso lembrar que a revolu\u00e7\u00e3o \u00e9 maior do que eles, que eles v\u00e3o passar e a revolu\u00e7\u00e3o deve permanecer para sempre.<\/p>\n<p>Quando algo convida \u00e0 hesita\u00e7\u00e3o, \u00e9 necess\u00e1rio evocar Retamar e os versos escritos em 1 de janeiro de 1959:<\/p>\n<p>N\u00f3s os sobreviventes,<br \/>\nA quem devemos a vida?<br \/>\nQuem morreu por mim no c\u00e1rcere?<br \/>\nQuem recebeu minha bala,<br \/>\nPor mim, em seu cora\u00e7\u00e3o?<\/p>\n<p>Sobre que morto estou hoje vivo?<\/p>\n<blockquote class=\"wp-embedded-content\" data-secret=\"JuvBYw4VV8\"><p><a href=\"http:\/\/www.resumenlatinoamericano.org\/2017\/12\/31\/cuba-larga-vida-revolucion\/\">Cuba. Larga vida, Revoluci\u00f3n<\/a><\/p><\/blockquote>\n<p><iframe loading=\"lazy\" class=\"wp-embedded-content\" sandbox=\"allow-scripts\" security=\"restricted\" style=\"position: absolute; clip: rect(1px, 1px, 1px, 1px);\" src=\"http:\/\/www.resumenlatinoamericano.org\/2017\/12\/31\/cuba-larga-vida-revolucion\/embed\/#?secret=JuvBYw4VV8\" data-secret=\"JuvBYw4VV8\" width=\"600\" height=\"338\" title=\"&#8220;Cuba. Larga vida, Revoluci\u00f3n&#8221; &#8212; Resumen Latinoamericano\" frameborder=\"0\" marginwidth=\"0\" marginheight=\"0\" scrolling=\"no\"><\/iframe><\/p>\n<p><span class=\"embed-youtube\" style=\"text-align:center; display: block;\"><iframe loading=\"lazy\" class=\"youtube-player\" width=\"747\" height=\"421\" src=\"https:\/\/www.youtube.com\/embed\/FnGCouT_pno?version=3&#038;rel=1&#038;showsearch=0&#038;showinfo=1&#038;iv_load_policy=1&#038;fs=1&#038;hl=pt-BR&#038;autohide=2&#038;wmode=transparent\" allowfullscreen=\"true\" style=\"border:0;\" sandbox=\"allow-scripts allow-same-origin allow-popups allow-presentation allow-popups-to-escape-sandbox\"><\/iframe><\/span><\/p>\n","protected":false},"excerpt":{"rendered":"<a class=\"moretag\" href=\"https:\/\/pcb.org.br\/portal2\/18189\"> <\/a>","protected":false},"author":1,"featured_media":0,"comment_status":"closed","ping_status":"closed","sticky":false,"template":"","format":"standard","meta":{"jetpack_post_was_ever_published":false,"_jetpack_newsletter_access":"","_jetpack_dont_email_post_to_subs":false,"_jetpack_newsletter_tier_id":0,"_jetpack_memberships_contains_paywalled_content":false,"_jetpack_memberships_contains_paid_content":false,"footnotes":"","jetpack_publicize_message":"","jetpack_publicize_feature_enabled":true,"jetpack_social_post_already_shared":true,"jetpack_social_options":{"image_generator_settings":{"template":"highway","default_image_id":0,"font":"","enabled":false},"version":2}},"categories":[47],"tags":[228],"class_list":["post-18189","post","type-post","status-publish","format-standard","hentry","category-c57-revolucao-cubana","tag-5b"],"jetpack_publicize_connections":[],"jetpack_featured_media_url":"","jetpack_shortlink":"https:\/\/wp.me\/p659gw-4Jn","jetpack-related-posts":[],"jetpack_likes_enabled":true,"jetpack_sharing_enabled":true,"_links":{"self":[{"href":"https:\/\/pcb.org.br\/portal2\/wp-json\/wp\/v2\/posts\/18189","targetHints":{"allow":["GET"]}}],"collection":[{"href":"https:\/\/pcb.org.br\/portal2\/wp-json\/wp\/v2\/posts"}],"about":[{"href":"https:\/\/pcb.org.br\/portal2\/wp-json\/wp\/v2\/types\/post"}],"author":[{"embeddable":true,"href":"https:\/\/pcb.org.br\/portal2\/wp-json\/wp\/v2\/users\/1"}],"replies":[{"embeddable":true,"href":"https:\/\/pcb.org.br\/portal2\/wp-json\/wp\/v2\/comments?post=18189"}],"version-history":[{"count":0,"href":"https:\/\/pcb.org.br\/portal2\/wp-json\/wp\/v2\/posts\/18189\/revisions"}],"wp:attachment":[{"href":"https:\/\/pcb.org.br\/portal2\/wp-json\/wp\/v2\/media?parent=18189"}],"wp:term":[{"taxonomy":"category","embeddable":true,"href":"https:\/\/pcb.org.br\/portal2\/wp-json\/wp\/v2\/categories?post=18189"},{"taxonomy":"post_tag","embeddable":true,"href":"https:\/\/pcb.org.br\/portal2\/wp-json\/wp\/v2\/tags?post=18189"}],"curies":[{"name":"wp","href":"https:\/\/api.w.org\/{rel}","templated":true}]}}