{"id":18193,"date":"2018-01-03T12:59:04","date_gmt":"2018-01-03T15:59:04","guid":{"rendered":"https:\/\/pcb.org.br\/portal2\/?p=18193"},"modified":"2018-01-03T14:10:09","modified_gmt":"2018-01-03T17:10:09","slug":"temer-facilita-privatizacao-da-eletrobras","status":"publish","type":"post","link":"https:\/\/pcb.org.br\/portal2\/18193","title":{"rendered":"Temer facilita privatiza\u00e7\u00e3o da Eletrobras"},"content":{"rendered":"<p><img data-recalc-dims=\"1\" decoding=\"async\" class=\"imagem\" title=\"Temer facilita privatiza\u00e7\u00e3o da Eletrobras\" src=\"https:\/\/i0.wp.com\/cdnbr2.img.sputniknews.com\/images\/391\/42\/3914271.jpg?w=747&#038;ssl=1\" alt=\"Temer facilita privatiza\u00e7\u00e3o da Eletrobras\" \/><!--more--><a href=\"https:\/\/br.sputniknews.com\/noticias\/2018010210204779-Temer-facilita-privatizacao-da-Eletrobras\/\" target=\"_blank\" rel=\"noopener\">Sputnik News<\/a><\/p>\n<p>Na quinta-feira (28\/12\/2017), o presidente Michel Temer assinou medida provis\u00f3ria (MP) n.\u00ba 814 que permite que a Eletrobras seja privatizada.<\/p>\n<p>A medida defendida pelo presidente e <a href=\"http:\/\/portal.imprensanacional.gov.br\/web\/guest\/consulta?p_p_id=101&amp;p_p_lifecycle=0&amp;p_p_state=maximized&amp;p_p_mode=view&amp;_101_struts_action=%2Fasset_publisher%2Fview_content&amp;_101_returnToFullPageURL=http%3A%2F%2Fportal.imprensanacional.gov.br%2Fweb%2Fguest%2Fconsulta%3Fp_auth%3DprXJUuwU%26p_p_id%3D3%26p_p_lifecycle%3D1%26p_p_state%3Dnormal%26p_p_state_rcv%3D1&amp;_101_assetEntryId=1498254&amp;_101_type=content&amp;_101_groupId=68942&amp;_101_urlTitle=medida-provisoria-n-814-de-28-de-dezembro-de-2017-1498250&amp;_101_redirect=http%3A%2F%2Fportal.imprensanacional.gov.br%2Fweb%2Fguest%2Fconsulta%3Fp_p_id%3D3%26p_p_lifecycle%3D0%26p_p_state%3Dmaximized%26p_p_mode%3Dview%26_3_entryClassName%3D%26_3_modifiedselection%3D0%26_3_keywords%3D10848%252F2004%26_3_documentsSearchContainerPrimaryKeys%3D15_PORTLET_1182907%252C15_PORTLET_1385322%252C15_PORTLET_1227871%252C15_PORTLET_1276032%252C15_PORTLET_816354%252C15_PORTLET_947809%252C15_PORTLET_1427763%252C15_PORTLET_1493980%252C15_PORTLET_912355%252C15_PORTLET_1338332%252C15_PORTLET_823814%252C15_PORTLET_1191842%252C15_PORTLET_987012%252C15_PORTLET_863616%252C15_PORTLET_769806%252C15_PORTLET_1028621%252C15_PORTLET_1493237%252C15_PORTLET_1389721%252C15_PORTLET_1535518%252C15_PORTLET_1489168%26_3_modifieddayFrom%3D1%26_3_ddm_21040_artCategory_pt_BR_sortable%3D%26_3_format%3D%26_3_modifiedfrom%3D01%252F01%252F2018%26_3_formDate%3D1514905043350%26_3_modified%3D%26_3_modifieddayTo%3D2%26_3_modifiedto%3D02%252F01%252F2018%26_3_groupId%3D0%26_3_ddm_21040_pubName_pt_BR_sortable%3D%26_3_ddm_21040_artType_pt_BR_sortable%3D%26_3_modifiedyearTo%3D2018%26_3_ddm_21040_artSection_pt_BR_sortable%3D%26_3_modifiedyearFrom%3D2018%26_3_modifiedmonthFrom%3D0%26_3_cur%3D1%26_3_struts_action%3D%252Fsearch%252Fsearch%26_3_modifiedmonthTo%3D0&amp;inheritRedirect=true\" target=\"_blank\" rel=\"nofollow noopener\">divulgada no Di\u00e1rio Oficial da Uni\u00e3o na sexta-feira (29)<\/a>, altera a <a href=\"http:\/\/www.planalto.gov.br\/ccivil_03\/_ato2004-2006\/2004\/lei\/l10.848.htm\" target=\"_blank\" rel=\"nofollow noopener\">Lei 10.848\/2004<\/a>. A lei fora sancionada anteriormente pelo ex-presidente Luiz In\u00e1cio Lula da Silva, retirando a Eletrobras de um programa de privatiza\u00e7\u00f5es criado pelo tamb\u00e9m ex-presidente Fernando Henrique Cardoso.<\/p>\n<p>N\u00e3o \u00e9 a primeira vez que Temer edita uma MP para fins de viabilizar uma poss\u00edvel privatiza\u00e7\u00e3o da empresa. Em junho de 2016 o presidente apresentou a MP 735, convertida na <a href=\"http:\/\/www.planalto.gov.br\/ccivil_03\/_ato2015-2018\/2016\/lei\/L13360.htm\" target=\"_blank\" rel=\"nofollow noopener\">Lei 13.360\/16<\/a> pelo Congresso Nacional. A lei possibilitou a mudan\u00e7a de controle sobre ativos da empresa, al\u00e9m de facilitar privatiza\u00e7\u00f5es de distribuidoras da Eletrobras.<\/p>\n<p>Em agosto de 2017, o governo anunciou a inten\u00e7\u00e3o de privatizar a empresa estatal brasileira. Em novembro, um documento do Minist\u00e9rio de Minas e Energia que apresentou formas para realizar a transa\u00e7\u00e3o deve ser enviado ao Congresso em 2018.<\/p>\n<p>Um ter\u00e7o da energia el\u00e9trica produzida no Brasil \u00e9 gerada pela Eletrobras. A empresa estatal tem um valor estimado de R$ 46,2 bilh\u00f5es em patrim\u00f4nio e valor total de R$ 170,5 bilh\u00f5es.<\/p>\n<p>https:\/\/br.sputniknews.com\/noticias\/2018010210204779-Temer-facilita-privatizacao-da-Eletrobras\/<\/p>\n","protected":false},"excerpt":{"rendered":"<a class=\"moretag\" href=\"https:\/\/pcb.org.br\/portal2\/18193\"> <\/a>","protected":false},"author":1,"featured_media":0,"comment_status":"closed","ping_status":"closed","sticky":false,"template":"","format":"standard","meta":{"jetpack_post_was_ever_published":false,"_jetpack_newsletter_access":"","_jetpack_dont_email_post_to_subs":false,"_jetpack_newsletter_tier_id":0,"_jetpack_memberships_contains_paywalled_content":false,"_jetpack_memberships_contains_paid_content":false,"footnotes":"","jetpack_publicize_message":"","jetpack_publicize_feature_enabled":true,"jetpack_social_post_already_shared":true,"jetpack_social_options":{"image_generator_settings":{"template":"highway","default_image_id":0,"font":"","enabled":false},"version":2}},"categories":[190,105],"tags":[226],"class_list":["post-18193","post","type-post","status-publish","format-standard","hentry","category-fora-temer","category-c118-privatizacao","tag-4b"],"jetpack_publicize_connections":[],"jetpack_featured_media_url":"","jetpack_shortlink":"https:\/\/wp.me\/p659gw-4Jr","jetpack-related-posts":[],"jetpack_likes_enabled":true,"jetpack_sharing_enabled":true,"_links":{"self":[{"href":"https:\/\/pcb.org.br\/portal2\/wp-json\/wp\/v2\/posts\/18193","targetHints":{"allow":["GET"]}}],"collection":[{"href":"https:\/\/pcb.org.br\/portal2\/wp-json\/wp\/v2\/posts"}],"about":[{"href":"https:\/\/pcb.org.br\/portal2\/wp-json\/wp\/v2\/types\/post"}],"author":[{"embeddable":true,"href":"https:\/\/pcb.org.br\/portal2\/wp-json\/wp\/v2\/users\/1"}],"replies":[{"embeddable":true,"href":"https:\/\/pcb.org.br\/portal2\/wp-json\/wp\/v2\/comments?post=18193"}],"version-history":[{"count":0,"href":"https:\/\/pcb.org.br\/portal2\/wp-json\/wp\/v2\/posts\/18193\/revisions"}],"wp:attachment":[{"href":"https:\/\/pcb.org.br\/portal2\/wp-json\/wp\/v2\/media?parent=18193"}],"wp:term":[{"taxonomy":"category","embeddable":true,"href":"https:\/\/pcb.org.br\/portal2\/wp-json\/wp\/v2\/categories?post=18193"},{"taxonomy":"post_tag","embeddable":true,"href":"https:\/\/pcb.org.br\/portal2\/wp-json\/wp\/v2\/tags?post=18193"}],"curies":[{"name":"wp","href":"https:\/\/api.w.org\/{rel}","templated":true}]}}