{"id":1822,"date":"2011-08-31T00:09:27","date_gmt":"2011-08-31T00:09:27","guid":{"rendered":"http:\/\/pcb.org.br\/portal2\/?p=1822"},"modified":"2011-08-31T00:09:27","modified_gmt":"2011-08-31T00:09:27","slug":"ativo-de-formacao-e-organizacao-da-ujc","status":"publish","type":"post","link":"https:\/\/pcb.org.br\/portal2\/1822","title":{"rendered":"Ativo de forma\u00e7\u00e3o e organiza\u00e7\u00e3o da UJC"},"content":{"rendered":"\n<p>A Uni\u00e3o da Juventude Comunista de S\u00e3o Paulo promoveu, nos dias 27 e 28 de agosto, um ativo de forma\u00e7\u00e3o e organiza\u00e7\u00e3o, com militantes, amigos e simpatizantes da UJC, dentro de sua pol\u00edtica de reorganiza\u00e7\u00e3o da juventude comunista e forma\u00e7\u00e3o pol\u00edtica permanente de seus militantes, tra\u00e7ada recentemente. No primeiro dia do encontro foi realizado o curso sobre o M\u00e9todo em Marx, ministrado pelo camarada Mauro Iasi, membro da Comiss\u00e3o Pol\u00edtica Nacional do PCB.<\/p>\n<p>Estiveram presentes no curso cerca de 40 jovens das universidades p\u00fablicas e privadas de S\u00e3o Paulo, al\u00e9m de alguns secundaristas. O curso significou um momento de reflex\u00e3o sobre o marxismo e seu m\u00e9todo e foi um importante instrumento para a forma\u00e7\u00e3o dos jovens comunistas e para aproximar novos militantes da UJC.<\/p>\n<p>Ap\u00f3s o curso, os camaradas realizaram uma festa de confraterniza\u00e7\u00e3o, na sede do PCB-SP, com a presen\u00e7a do conjunto Canto Libre e o cantor e compositor Paulo Antunes, atividade que durou a noite inteira e que est\u00e1 inserida no processo de arrecada\u00e7\u00e3o de finan\u00e7as para que os companheiros possam participar do Semin\u00e1rio Nacional sobre Universidade Popular, que ser\u00e1 realizado em Porto Alegre, de 2 a 4 de setembro pr\u00f3ximo.<\/p>\n<p>O segundo dia foi dedicado \u00e0 discuss\u00e3o pol\u00edtica e o processo de fortalecimento da UJC no Estado, a quest\u00e3o de finan\u00e7as, recrutamento, calend\u00e1rio de atividades, bem como a forma\u00e7\u00e3o de uma Comiss\u00e3o Provis\u00f3ria da UJC-SP. Nesta parte do ativo, s\u00f3 participaram jovens militantes da UJC. Os trabalhos da manh\u00e3 foram abertos pelo camarada Edmilson Costa, secret\u00e1rio pol\u00edtico do PCB-SP e membro da Comiss\u00e3o Pol\u00edtica Nacional, que discorreu sobre a atualidade do PCB, do ponto de vista org\u00e2nico e pol\u00edtico &#8211; enfatizando a Confer\u00eancia Pol\u00edtica Nacional do Partido que se dar\u00e1 este ano, para discutir a adapta\u00e7\u00e3o da t\u00e1tica \u00e0 estrat\u00e9gia aprovada no XIV Congresso &#8211; e a necessidade de fortalecimento da UJC a partir das bases.<\/p>\n<p>O ativo foi encerrado com a forma\u00e7\u00e3o da nova Comiss\u00e3o Provis\u00f3ria da UJC-SP.<\/p>\n","protected":false},"excerpt":{"rendered":"\n\n\nCr\u00e9dito: PCB\n\n\n\n\n\n\n\n\nUni\u00e3o da Juventude Comunista\n<a class=\"moretag\" href=\"https:\/\/pcb.org.br\/portal2\/1822\"> <\/a>","protected":false},"author":1,"featured_media":0,"comment_status":"open","ping_status":"open","sticky":false,"template":"","format":"standard","meta":{"jetpack_post_was_ever_published":false,"_jetpack_newsletter_access":"","_jetpack_dont_email_post_to_subs":false,"_jetpack_newsletter_tier_id":0,"_jetpack_memberships_contains_paywalled_content":false,"_jetpack_memberships_contains_paid_content":false,"footnotes":"","jetpack_publicize_message":"","jetpack_publicize_feature_enabled":true,"jetpack_social_post_already_shared":false,"jetpack_social_options":{"image_generator_settings":{"template":"highway","default_image_id":0,"font":"","enabled":false},"version":2}},"categories":[27],"tags":[],"class_list":["post-1822","post","type-post","status-publish","format-standard","hentry","category-c27-ujc"],"jetpack_publicize_connections":[],"jetpack_featured_media_url":"","jetpack_shortlink":"https:\/\/wp.me\/p659gw-to","jetpack-related-posts":[],"jetpack_likes_enabled":true,"jetpack_sharing_enabled":true,"_links":{"self":[{"href":"https:\/\/pcb.org.br\/portal2\/wp-json\/wp\/v2\/posts\/1822","targetHints":{"allow":["GET"]}}],"collection":[{"href":"https:\/\/pcb.org.br\/portal2\/wp-json\/wp\/v2\/posts"}],"about":[{"href":"https:\/\/pcb.org.br\/portal2\/wp-json\/wp\/v2\/types\/post"}],"author":[{"embeddable":true,"href":"https:\/\/pcb.org.br\/portal2\/wp-json\/wp\/v2\/users\/1"}],"replies":[{"embeddable":true,"href":"https:\/\/pcb.org.br\/portal2\/wp-json\/wp\/v2\/comments?post=1822"}],"version-history":[{"count":0,"href":"https:\/\/pcb.org.br\/portal2\/wp-json\/wp\/v2\/posts\/1822\/revisions"}],"wp:attachment":[{"href":"https:\/\/pcb.org.br\/portal2\/wp-json\/wp\/v2\/media?parent=1822"}],"wp:term":[{"taxonomy":"category","embeddable":true,"href":"https:\/\/pcb.org.br\/portal2\/wp-json\/wp\/v2\/categories?post=1822"},{"taxonomy":"post_tag","embeddable":true,"href":"https:\/\/pcb.org.br\/portal2\/wp-json\/wp\/v2\/tags?post=1822"}],"curies":[{"name":"wp","href":"https:\/\/api.w.org\/{rel}","templated":true}]}}