{"id":18223,"date":"2018-01-05T16:00:34","date_gmt":"2018-01-05T19:00:34","guid":{"rendered":"https:\/\/pcb.org.br\/portal2\/?p=18223"},"modified":"2018-01-05T16:00:34","modified_gmt":"2018-01-05T19:00:34","slug":"o-aumento-do-custo-de-vida-e-situacao-da-classe-trabalhadora","status":"publish","type":"post","link":"https:\/\/pcb.org.br\/portal2\/18223","title":{"rendered":"O aumento do custo de vida e a situa\u00e7\u00e3o da classe trabalhadora"},"content":{"rendered":"<p><img decoding=\"async\" class=\"imagem\" title=\"imagem\" src=\"https:\/\/i0.wp.com\/www.bragancapaulista.com.br\/img\/noticias\/nos-ultimos-12-meses-mais-de-16-mil-pessoas-foram-demitidas-em-atibaia.png\" alt=\"imagem\" \/><!--more-->O PODER POPULAR N\u00ba 28 &#8211; JANEIRO DE 2018<\/p>\n<p>Em dezembro de 2017, a Petrobras anunciou mais um aumento no pre\u00e7o do g\u00e1s liquefeito de petr\u00f3leo, o g\u00e1s de uso dom\u00e9stico. Foi o sexto aumento seguido no ano, completando um reajuste acumulado de 67,8%! O pre\u00e7o m\u00e9dio do botij\u00e3o de g\u00e1s de 13 kg \u2013 o g\u00e1s de uso dom\u00e9stico \u2013 em muitas regi\u00f5es ultrapassa o valor de oitenta reais. O custo dos alugueis, planos de sa\u00fade, escolas, transporte, energia, \u00e1gua, alimenta\u00e7\u00e3o e vestu\u00e1rio sofre com um processo constante de alta. Combinada a alta do custo de vida com o desemprego de mais de 16 milh\u00f5es de trabalhadores e uma baixa real dos sal\u00e1rios, o resultado \u00e9 desastroso: crescimento da mis\u00e9ria e da fome e regress\u00f5es civilizacionais, como milhares de fam\u00edlias voltando a cozinhar a lenha, porque t\u00eam de escolher: ou compram o g\u00e1s ou a comida.<\/p>\n<p>A situa\u00e7\u00e3o real da classe trabalhadora brasileira desmente categoricamente as mentiras propagandeadas pelos monop\u00f3lios de m\u00eddia. Toda semana a m\u00eddia busca algum indicador econ\u00f4mico para provar uma suposta recupera\u00e7\u00e3o da economia. A moda do momento \u00e9 mostrar altas irris\u00f3rias do PIB (produto interno bruto) no trimestre como sinal de melhora. O fato de o desemprego estar em alta, o poder de compra dos sal\u00e1rios destru\u00eddo, a estrutura produtiva deteriorada, a fome, mis\u00e9ria e desigualdade crescendo e vivermos uma recess\u00e3o econ\u00f4mica \u2013 uma das maiores da hist\u00f3ria brasileira \u2013 s\u00e3o um mero detalhe para a m\u00eddia.<\/p>\n<p>Evidentemente, n\u00e3o s\u00e3o todos que v\u00e3o mal com a crise. A classe dominante brasileira est\u00e1 muito feliz com a situa\u00e7\u00e3o do pa\u00eds. Enquanto a vida de milh\u00f5es \u00e9 destru\u00edda, bancos, multinacionais, empreiteiras, grandes fazendas etc. anunciam lucros recordes. O Banco Ita\u00fa, por exemplo, j\u00e1 teve mais de 10 bilh\u00f5es de lucro no ano de 2017.<\/p>\n<p>Nos anos 60 e 80 do s\u00e9culo passado, no per\u00edodo imediatamente anterior ao golpe de 1964 e no momento posterior, em que a ditadura j\u00e1 agonizava, a classe trabalhadora protagonizou importantes movimentos de luta contra o aumento do custo de vida. Os chamados movimentos contra a carestia, com ampla participa\u00e7\u00e3o dos comunistas do PCB, combatiam o aumento de pre\u00e7o dos produtos essenciais ao consumo dos trabalhadores e travavam um verdadeiro cabo de guerra com as classes dominantes. Foi um movimento de fundamental import\u00e2ncia na organiza\u00e7\u00e3o e politiza\u00e7\u00e3o dos trabalhadores em sua \u00e9poca hist\u00f3rica.<\/p>\n<p>\u00c9 necess\u00e1rio nesse momento voltar a fortalecer as a\u00e7\u00f5es dos trabalhadores e movimentos populares contra o aumento do custo de vida. Organizar a\u00e7\u00f5es pelo congelamento imediato do pre\u00e7o dos alugueis, escolas, planos de sa\u00fade, transporte, energia el\u00e9trica, \u00e1gua etc. e combater a aumento do pre\u00e7o de alimentos e produtos do vestu\u00e1rio. Estruturar essa luta, al\u00e9m de fundamental para a sobreviv\u00eancia de nossa classe, \u00e9 pedag\u00f3gica: mostra aos trabalhadores que, tanto no \u00e2mbito da produ\u00e7\u00e3o como no consumo, os grandes grupos capitalistas, aqueles que realmente controlam o com\u00e9rcio e a produ\u00e7\u00e3o do pa\u00eds, s\u00f3 querer lucrar \u00e0s custas do sangue e suor de nosso povo.<\/p>\n","protected":false},"excerpt":{"rendered":"<a class=\"moretag\" href=\"https:\/\/pcb.org.br\/portal2\/18223\"> <\/a>","protected":false},"author":1,"featured_media":0,"comment_status":"closed","ping_status":"closed","sticky":false,"template":"","format":"standard","meta":{"jetpack_post_was_ever_published":false,"_jetpack_newsletter_access":"","_jetpack_dont_email_post_to_subs":false,"_jetpack_newsletter_tier_id":0,"_jetpack_memberships_contains_paywalled_content":false,"_jetpack_memberships_contains_paid_content":false,"footnotes":"","jetpack_publicize_message":"","jetpack_publicize_feature_enabled":true,"jetpack_social_post_already_shared":true,"jetpack_social_options":{"image_generator_settings":{"template":"highway","default_image_id":0,"font":"","enabled":false},"version":2}},"categories":[190,140],"tags":[219],"class_list":["post-18223","post","type-post","status-publish","format-standard","hentry","category-fora-temer","category-c140-jornal-o-poder-popular","tag-manchete"],"jetpack_publicize_connections":[],"jetpack_featured_media_url":"","jetpack_shortlink":"https:\/\/wp.me\/p659gw-4JV","jetpack-related-posts":[],"jetpack_likes_enabled":true,"jetpack_sharing_enabled":true,"_links":{"self":[{"href":"https:\/\/pcb.org.br\/portal2\/wp-json\/wp\/v2\/posts\/18223","targetHints":{"allow":["GET"]}}],"collection":[{"href":"https:\/\/pcb.org.br\/portal2\/wp-json\/wp\/v2\/posts"}],"about":[{"href":"https:\/\/pcb.org.br\/portal2\/wp-json\/wp\/v2\/types\/post"}],"author":[{"embeddable":true,"href":"https:\/\/pcb.org.br\/portal2\/wp-json\/wp\/v2\/users\/1"}],"replies":[{"embeddable":true,"href":"https:\/\/pcb.org.br\/portal2\/wp-json\/wp\/v2\/comments?post=18223"}],"version-history":[{"count":0,"href":"https:\/\/pcb.org.br\/portal2\/wp-json\/wp\/v2\/posts\/18223\/revisions"}],"wp:attachment":[{"href":"https:\/\/pcb.org.br\/portal2\/wp-json\/wp\/v2\/media?parent=18223"}],"wp:term":[{"taxonomy":"category","embeddable":true,"href":"https:\/\/pcb.org.br\/portal2\/wp-json\/wp\/v2\/categories?post=18223"},{"taxonomy":"post_tag","embeddable":true,"href":"https:\/\/pcb.org.br\/portal2\/wp-json\/wp\/v2\/tags?post=18223"}],"curies":[{"name":"wp","href":"https:\/\/api.w.org\/{rel}","templated":true}]}}