{"id":1826,"date":"2011-09-01T21:44:09","date_gmt":"2011-09-01T21:44:09","guid":{"rendered":"http:\/\/pcb.org.br\/portal2\/?p=1826"},"modified":"2011-09-01T21:44:09","modified_gmt":"2011-09-01T21:44:09","slug":"libia-sangue-suor-e-lagrimas","status":"publish","type":"post","link":"https:\/\/pcb.org.br\/portal2\/1826","title":{"rendered":"L\u00edbia: sangue, suor e l\u00e1grimas?"},"content":{"rendered":"\n<p>A sorte do regime l\u00edbio est\u00e1 lan\u00e7ada. A essa altura, a \u00fanica quest\u00e3o pendente \u00e9 o destino de Muammar Kadafi: vai se render ou lutar\u00e1 at\u00e9 o fim? Ser\u00e1 Allende ou Noriega? Vivo ou morto? E se vivo, o que o espera? O ex\u00edlio \u00e9 altamente improv\u00e1vel, pois n\u00e3o h\u00e1 quem o receba e, al\u00e9m do mais, sua imensa fortuna depositada em bancos dos EUA, Inglaterra, Fran\u00e7a e It\u00e1lia est\u00e1 bloqueada.<\/p>\n<p>O mais prov\u00e1vel ser\u00e1 que siga a sorte de Slobodan Milosevic e termine enfrentando o Tribunal Penal Internacional, que o acusar\u00e1 de genocida por ter ordenado a suas tropas dispararem contra seu povo. Esbanjando uma obscena moral dupla, o TPI acolher\u00e1 a peti\u00e7\u00e3o de um pa\u00eds, os EUA, que n\u00e3o somente n\u00e3o assinaram o tratado [que criou o TPI], como n\u00e3o reconhecem sua jurisdi\u00e7\u00e3o sobre os cidad\u00e3os estadunidenses, e ainda lan\u00e7aram uma acintosa campanha contra o mesmo, obrigando mais de uma centena de pa\u00edses da periferia capitalista a renunciara seu direito de denunciar no TPI cidad\u00e3os estadunidenses respons\u00e1veis por crimes semelhantes \u2013 ou piores \u2013 do que os perpetrados por Kadafi.<\/p>\n<p>Uma inf\u00e2mia mais da suposta \u201cordem mundial\u201d que est\u00e1 caindo aos peda\u00e7os gra\u00e7as aos cont\u00ednuos atropelos das grandes pot\u00eancias. E uma li\u00e7\u00e3o para todos aqueles que confiam \u2013 como em um momento fez a Argentina nos anos 90 \u2013 que consentindo as \u201crela\u00e7\u00f5es carnais\u201d com o imperialismo se gozaria para sempre de sua prote\u00e7\u00e3o. Erro crasso, como se comprovou com o fim da \u201cConvertibilidade\u201d e como hoje experimenta na pr\u00f3pria carne Kadafi, at\u00f4nito ante a ingratid\u00e3o daqueles de quem havia se tornado obediente pe\u00e3o [nos \u00faltimos anos].<\/p>\n<p>Sendo assim, por que Obama, Cameron, Sarkozy e Berlusconi\u00a0[n\u00e3o] lhe deram uma m\u00e3o? Em primeiro lugar, por oportunismo. Esses governos, que tinham se alinhado incondicionalmente com Mubarak no Egito durante d\u00e9cadas, cometeram o erro de subestimar o fervor insurrecional que comovia o pa\u00eds das pir\u00e2mides. Quando mudaram de lado, deixando na m\u00e3o seu gendarme regional, seu desprest\u00edgio ante a revolu\u00e7\u00e3o democr\u00e1tica se fez ostensivo e irrepar\u00e1vel.<\/p>\n<p>Na L\u00edbia tiveram a oportunidade de corrigir esse passo em falso, facilitados pela brutal repress\u00e3o que Kadafi descarregou nas primeiras semanas de revolta. Isso ofereceu o pretexto que buscavam para desencadear a n\u00e3o menos brutal interven\u00e7\u00e3o militar da OTAN \u2013 com sua nefasta sequela de v\u00edtimas civis como produto de \u201cdanos colaterais\u201d de suas \u201cbombas inteligentes\u201d \u2013 e, por outro lado, dando pontap\u00e9 inicial \u00e0s atua\u00e7\u00f5es do TPI, a cujo promotor geral nem de longe lhe ocorreria convocar o comandante da OTAN para prestar contas sobre crimes t\u00e3o ou mais monstruosos que os perpetrados pelo regime l\u00edbio.<\/p>\n<p>Em uma entrevista recente,\u00a0[o economista eg\u00edpcio, de tend\u00eancia marxista,] Samir Amin manifestou que toda a opera\u00e7\u00e3o montada contra Kadafi n\u00e3o tem a ver com o petr\u00f3leo porque as pot\u00eancias imperialistas j\u00e1 o tinham em suas m\u00e3os [e as reservas e refinarias controladas por empresas estatais l\u00edbias?]. Seu objetivo \u00e9 outro, e essa \u00e9 a segunda raz\u00e3o para a invas\u00e3o: estabelecer o Africom (o Comando Militar dos EUA na \u00c1frica), atualmente com sede em Stuttgart, Alemanha, j\u00e1 que os pa\u00edses africanos, n\u00e3o importa o que se pense deles, se negaram a aceitar sua instala\u00e7\u00e3o no continente negro.<\/p>\n<p>O que o imperialismo deseja \u00e9 estabelecer uma cabe\u00e7a costeira para lan\u00e7ar suas opera\u00e7\u00f5es militares na \u00c1frica. Faz\u00ea-lo a partir da Alemanha, al\u00e9m de pouco pr\u00e1tico, \u00e9 altamente irritante, para n\u00e3o dizer rid\u00edculo. Agora tratar\u00e3o de que o regime lacaio a ser instalado em Tr\u00edpoli aceite o am\u00e1vel \u201cconvite\u201d que seguramente lhe far\u00e1 a OTAN. De toda forma, a opera\u00e7\u00e3o n\u00e3o ser\u00e1 nada simples, entre outras coisas porque o Conselho Nacional de Transi\u00e7\u00e3o (CNT) \u00e9 uma precipita\u00e7\u00e3o altamente inst\u00e1vel e heterog\u00eanea de for\u00e7as sociais e pol\u00edticas fragilmente unidas pela argamassa que s\u00f3 proporciona uma visceral rejei\u00e7\u00e3o a Kadafi, apesar de n\u00e3o serem poucos os que, at\u00e9 alguns meses atr\u00e1s, constavam entre seus mais obedientes e servis colaboradores.<\/p>\n<p>Existem fundadas suspeitas para acreditar que o assassinato ainda n\u00e3o esclarecido do ex-chefe militar dos rebeldes, Mohammed Fatah Younis, ex-ministro do Interior de Kadafi e ex-comandante das for\u00e7as especiais l\u00edbias, foi causado por um setor dos rebeldes em repres\u00e1lia a sua atua\u00e7\u00e3o no massacre de uma revolta isl\u00e2mica na d\u00e9cada de 90.<\/p>\n<p>Outro exemplo, n\u00e3o menos esclarecedor que o anterior, \u00e9 oferecido pelo pr\u00f3prio presidente do CNT. Segundo Amin, Mustaf\u00e1 Abdel Jalil \u00e9 um \u201ccurioso democrata: foi o juiz que condenou as enfermeiras b\u00falgaras \u00e0 morte antes de ser promovido a ministro da Justi\u00e7a de Kadafi\u201d, cargo que exerceu de 2007 a 2011. O CNT, em suma, \u00e9 um bloco reacion\u00e1rio e oportunista, integrado por islamistas radicais, socialistas (\u201cestilo Zapatero ou Tony Blair\u201d), nacionalistas (sem na\u00e7\u00e3o, porque a L\u00edbia n\u00e3o o \u00e9) e, como assinala o analista internacional Juan G. Tokatlian, \u201cbandidos, empres\u00e1rios, guerrilheiros e ex-militares\u201d, para n\u00e3o falar do divisionismo tribal e \u00e9tnico que marcou desde sempre a hist\u00f3ria desse territ\u00f3rio sem na\u00e7\u00e3o que \u00e9 a L\u00edbia.<\/p>\n<p>Por isso n\u00e3o existem demasiadas raz\u00f5es para supor que o CNT inaugurar\u00e1 um per\u00edodo democr\u00e1tico. Seus membros n\u00e3o t\u00eam melhores credenciais que Kadafi e pesa sobre eles a irredim\u00edvel inf\u00e2mia de ter convidado as pot\u00eancias imperialistas a bombardear suas cidades e aldeias a fim de viabilizar sua derrubada [d Kadafi] . Assim, o mais prov\u00e1vel \u00e9 que, uma vez derrotado o regime, as sangrentas lutas intestinais e a ingovernabilidade resultante tornem inevit\u00e1vel para as pot\u00eancias imperialistas entrar em outro p\u00e2ntano, como o Iraque e o Afeganist\u00e3o, estabelecendo a m\u00ednima ordem que permita organizar sua rapina.<\/p>\n<p>Desgra\u00e7adamente, o que espera pela L\u00edbia n\u00e3o \u00e9 a democracia,\u00a0[nem muito menos uma revolu\u00e7\u00e3o social], mas um turbulento protetorado europeu-estadunidense e, como dissera Winston Churchill de seu pa\u00eds em tempos de Segunda Guerra Mundial, sangue, suor e l\u00e1grimas.<\/p>\n<p><strong>Atilio Bor\u00f3n \u00e9 doutor em Ci\u00eancia Pol\u00edtica pela Harvard University, professor titular de Filosofia Pol\u00edtica da Universidade de Buenos Aires e ex-secret\u00e1rio-executivo do Conselho Latino-Americano de Ci\u00eancias Sociais (CLACSO).<\/strong><\/p>\n<p>Fonte: http:\/\/www.atilioboron.com\/<\/p>\n","protected":false},"excerpt":{"rendered":"\n\n\nCr\u00e9dito: Atilio Bor\u00f3\n\n\n\n\n\n\n\n\nAtilio A. Bor\u00f3n\n<a class=\"moretag\" href=\"https:\/\/pcb.org.br\/portal2\/1826\"> <\/a>","protected":false},"author":1,"featured_media":0,"comment_status":"open","ping_status":"open","sticky":false,"template":"","format":"standard","meta":{"jetpack_post_was_ever_published":false,"_jetpack_newsletter_access":"","_jetpack_dont_email_post_to_subs":false,"_jetpack_newsletter_tier_id":0,"_jetpack_memberships_contains_paywalled_content":false,"_jetpack_memberships_contains_paid_content":false,"footnotes":"","jetpack_publicize_message":"","jetpack_publicize_feature_enabled":true,"jetpack_social_post_already_shared":false,"jetpack_social_options":{"image_generator_settings":{"template":"highway","default_image_id":0,"font":"","enabled":false},"version":2}},"categories":[38],"tags":[],"class_list":["post-1826","post","type-post","status-publish","format-standard","hentry","category-c43-imperialismo"],"jetpack_publicize_connections":[],"jetpack_featured_media_url":"","jetpack_shortlink":"https:\/\/wp.me\/p659gw-ts","jetpack-related-posts":[],"jetpack_likes_enabled":true,"jetpack_sharing_enabled":true,"_links":{"self":[{"href":"https:\/\/pcb.org.br\/portal2\/wp-json\/wp\/v2\/posts\/1826","targetHints":{"allow":["GET"]}}],"collection":[{"href":"https:\/\/pcb.org.br\/portal2\/wp-json\/wp\/v2\/posts"}],"about":[{"href":"https:\/\/pcb.org.br\/portal2\/wp-json\/wp\/v2\/types\/post"}],"author":[{"embeddable":true,"href":"https:\/\/pcb.org.br\/portal2\/wp-json\/wp\/v2\/users\/1"}],"replies":[{"embeddable":true,"href":"https:\/\/pcb.org.br\/portal2\/wp-json\/wp\/v2\/comments?post=1826"}],"version-history":[{"count":0,"href":"https:\/\/pcb.org.br\/portal2\/wp-json\/wp\/v2\/posts\/1826\/revisions"}],"wp:attachment":[{"href":"https:\/\/pcb.org.br\/portal2\/wp-json\/wp\/v2\/media?parent=1826"}],"wp:term":[{"taxonomy":"category","embeddable":true,"href":"https:\/\/pcb.org.br\/portal2\/wp-json\/wp\/v2\/categories?post=1826"},{"taxonomy":"post_tag","embeddable":true,"href":"https:\/\/pcb.org.br\/portal2\/wp-json\/wp\/v2\/tags?post=1826"}],"curies":[{"name":"wp","href":"https:\/\/api.w.org\/{rel}","templated":true}]}}