{"id":18344,"date":"2018-01-14T14:37:01","date_gmt":"2018-01-14T17:37:01","guid":{"rendered":"https:\/\/pcb.org.br\/portal2\/?p=18344"},"modified":"2018-01-14T14:37:01","modified_gmt":"2018-01-14T17:37:01","slug":"libertem-ahed-tamimi-e-todos-presos-politicos-palestinos","status":"publish","type":"post","link":"https:\/\/pcb.org.br\/portal2\/18344","title":{"rendered":"Libertem Ahed Tamimi e todos presos pol\u00edticos palestinos!"},"content":{"rendered":"<p><img decoding=\"async\" title=\"imagem\" src=\"https:\/\/i0.wp.com\/unidadeclassista.org.br\/uc1\/wp-content\/uploads\/2018\/01\/free-ahed-800x571.jpg\" alt=\"imagem\" \/><!--more-->Chamamento do <a href=\"http:\/\/www.wftucentral.org\/call-of-wftu-working-youth-committee-for-solidarity-with-ahed-tamimi-and-all-the-palestinian-political-prisoners\/\" target=\"_blank\" rel=\"noopener\">Comit\u00ea da Juventude Trabalhadora da FSM<\/a> para a solidariedade com Ahed Tamimi e todos os presos pol\u00edticos palestinos(FSM)<\/p>\n<p>Estimados companheiros, membros e amigos da FSM,<\/p>\n<p>O Comit\u00ea da Juventude Trabalhadora da FSM denuncia energicamente o estado de Israel por deter e encarcerar Ahed Tamimi, uma jovem palestina de 16 anos, porque resiste \u00e0 ocupa\u00e7\u00e3o israelense em seu pa\u00eds. O Comit\u00ea da Juventude Trabalhadora nunca aceitar\u00e1 o silenciamento dos jovens que lutam.<\/p>\n<p>Exigimos a liberta\u00e7\u00e3o imediata de Ahed Tamimi e de todos os presos pol\u00edticos palestinos sem termos ou condi\u00e7\u00f5es.<\/p>\n<p>O Comit\u00ea da Juventude Trabalhadora faz um chamamento aos jovens trabalhadores de todo o mundo para que tirem fotografias com o banner em suas pr\u00f3prias cidades.<\/p>\n<p>Por favor enviem as fotos nos seguintes endere\u00e7os eletr\u00f4nicos:<\/p>\n<p>murerolsen@hotmail.com<\/p>\n<p>communication@wftucentral.org<\/p>\n<p>Extra\u00eddo de http:\/\/www.wftucentral.org\/<wbr \/>call-of-wftu-working-youth-<wbr \/>committee-for-solidarity-with-<wbr \/>ahed-tamimi-and-all-the-<wbr \/>palestinian-political-<wbr \/>prisoners\/<\/p>\n","protected":false},"excerpt":{"rendered":"<a class=\"moretag\" href=\"https:\/\/pcb.org.br\/portal2\/18344\"> <\/a>","protected":false},"author":1,"featured_media":0,"comment_status":"closed","ping_status":"closed","sticky":false,"template":"","format":"standard","meta":{"jetpack_post_was_ever_published":false,"_jetpack_newsletter_access":"","_jetpack_dont_email_post_to_subs":false,"_jetpack_newsletter_tier_id":0,"_jetpack_memberships_contains_paywalled_content":false,"_jetpack_memberships_contains_paid_content":false,"footnotes":"","jetpack_publicize_message":"","jetpack_publicize_feature_enabled":true,"jetpack_social_post_already_shared":true,"jetpack_social_options":{"image_generator_settings":{"template":"highway","default_image_id":0,"font":"","enabled":false},"version":2}},"categories":[61,78],"tags":[224],"class_list":["post-18344","post","type-post","status-publish","format-standard","hentry","category-c72-fsm","category-c91-solidariedade-a-palestina","tag-3b"],"jetpack_publicize_connections":[],"jetpack_featured_media_url":"","jetpack_shortlink":"https:\/\/wp.me\/p659gw-4LS","jetpack-related-posts":[],"jetpack_likes_enabled":true,"jetpack_sharing_enabled":true,"_links":{"self":[{"href":"https:\/\/pcb.org.br\/portal2\/wp-json\/wp\/v2\/posts\/18344","targetHints":{"allow":["GET"]}}],"collection":[{"href":"https:\/\/pcb.org.br\/portal2\/wp-json\/wp\/v2\/posts"}],"about":[{"href":"https:\/\/pcb.org.br\/portal2\/wp-json\/wp\/v2\/types\/post"}],"author":[{"embeddable":true,"href":"https:\/\/pcb.org.br\/portal2\/wp-json\/wp\/v2\/users\/1"}],"replies":[{"embeddable":true,"href":"https:\/\/pcb.org.br\/portal2\/wp-json\/wp\/v2\/comments?post=18344"}],"version-history":[{"count":0,"href":"https:\/\/pcb.org.br\/portal2\/wp-json\/wp\/v2\/posts\/18344\/revisions"}],"wp:attachment":[{"href":"https:\/\/pcb.org.br\/portal2\/wp-json\/wp\/v2\/media?parent=18344"}],"wp:term":[{"taxonomy":"category","embeddable":true,"href":"https:\/\/pcb.org.br\/portal2\/wp-json\/wp\/v2\/categories?post=18344"},{"taxonomy":"post_tag","embeddable":true,"href":"https:\/\/pcb.org.br\/portal2\/wp-json\/wp\/v2\/tags?post=18344"}],"curies":[{"name":"wp","href":"https:\/\/api.w.org\/{rel}","templated":true}]}}